{"id":38658,"date":"2018-10-22T12:44:17","date_gmt":"2018-10-22T11:44:17","guid":{"rendered":"https:\/\/intelligent-friend-7861.standoutwp.com\/?p=38658"},"modified":"2018-10-22T12:44:17","modified_gmt":"2018-10-22T11:44:17","slug":"dokumentarfotosalongens-pristagare","status":"publish","type":"post","link":"https:\/\/www.kultursidan.nu\/?p=38658","title":{"rendered":"Dokument\u00e4rfotosalongens pristagare"},"content":{"rendered":"<p><img loading=\"lazy\" decoding=\"async\" class=\"alignnone size-medium wp-image-38659\" src=\"https:\/\/www.kultursidan.nu\/wp-content\/uploads\/2018\/10\/042-Eva-vinnande-bild-publiken-val-567x377.jpg\" alt=\"\" width=\"567\" height=\"377\" srcset=\"https:\/\/www.kultursidan.nu\/wp-content\/uploads\/2018\/10\/042-Eva-vinnande-bild-publiken-val-567x377.jpg 567w, https:\/\/www.kultursidan.nu\/wp-content\/uploads\/2018\/10\/042-Eva-vinnande-bild-publiken-val-768x510.jpg 768w, https:\/\/www.kultursidan.nu\/wp-content\/uploads\/2018\/10\/042-Eva-vinnande-bild-publiken-val-1024x680.jpg 1024w, https:\/\/www.kultursidan.nu\/wp-content\/uploads\/2018\/10\/042-Eva-vinnande-bild-publiken-val-150x100.jpg 150w, https:\/\/www.kultursidan.nu\/wp-content\/uploads\/2018\/10\/042-Eva-vinnande-bild-publiken-val-501x333.jpg 501w, https:\/\/www.kultursidan.nu\/wp-content\/uploads\/2018\/10\/042-Eva-vinnande-bild-publiken-val.jpg 1280w\" sizes=\"auto, (max-width: 567px) 100vw, 567px\" \/><br \/>\n<em>\u00d6verblick. Eva Centergrens foto The Milky Way tog hem publikens pris i Dokument\u00e4rfotosalongen p\u00e5 Arbetets museum.<\/em><\/p>\n<p>&nbsp;<\/p>\n<h1><span style=\"color: #ff0000;\">N\u00e4sta \u00e5rs tema ser p\u00e5 annat s\u00e4tt<\/span><\/h1>\n<p>&nbsp;<\/p>\n<p>NORRK\u00d6PING <strong><em>The Milky Way<\/em> \u2013 kokroppar som paradv\u00e4g \u2013 vann publikens r\u00f6ster i Dokument\u00e4rfotoutst\u00e4llningen med temat \u201dI v\u00e4ntan p\u00e5\u201d p\u00e5 Arbetets museum.<\/strong> Men vad r\u00e4knas som dokument\u00e4rfoto? Fr\u00e5gan ventilerades under paneldebatten inf\u00f6r utdelandet av de tre priserna under fotohelgen Spegla.<\/p>\n<p>Nya temat inf\u00f6r n\u00e4sta \u00e5rs Dokument\u00e4rfotosalong avsl\u00f6jades ocks\u00e5.<\/p>\n<p>&nbsp;<\/p>\n<p><a title=\"Juryn Truls Olin, M\u00e4rta Thisner, G\u00f6ran Widerberg\" href=\"https:\/\/www.flickr.com\/photos\/kultursidan\/31618467678\/in\/album-72157696835966820\/\"><img loading=\"lazy\" decoding=\"async\" src=\"https:\/\/farm2.staticflickr.com\/1903\/31618467678_94498a1ea3.jpg\" alt=\"Juryn Truls Olin, M\u00e4rta Thisner, G\u00f6ran Widerberg\" width=\"500\" height=\"332\" \/><\/a><br \/>\n<em>Debatt och prisutdelning. Juryn hade mycket att g\u00f6ra p\u00e5 l\u00f6rdagen, fr\u00e5n v\u00e4nster Truls Olin, M\u00e4rta Thisner, och G\u00f6ran Widerberg.<\/em><\/p>\n<p>&nbsp;<\/p>\n<p><strong>Dokument\u00e4rfotosalongen med tema \u201dI v\u00e4ntan p\u00e5\u201d som visas p\u00e5 Arbetets Museum sedan den 8 september har nu bel\u00f6nat tre pristagare. <\/strong>Utst\u00e4llningen som arrangeras f\u00f6r andra \u00e5ret har varit v\u00e4lbes\u00f6kt vilket ocks\u00e5 prisutdelningen under l\u00f6rdagen var.<\/p>\n<p>\u00c5rets jury som hade att v\u00e4lja bland 370 bilder som var inskickade hade valt ut 92 bilder av 40 fotografer som visats i Dokument\u00e4rfotosalongen. De har ocks\u00e5 valt ut tv\u00e5 pristagare som presenterades under l\u00f6rdagen, \u201dB\u00e4sta bild\u201d respektive \u201dB\u00e4sta tolkning av tema\u201d.<\/p>\n<p><strong>Innan pristagarna avsl\u00f6jades s\u00e5 deltog jurymedlemmarna i paneldebatten Dokument\u00e4rfoto i fokus, ledd av museets Josefine H\u00f6ijer.<\/strong> Ett \u00e4mne som uppenbarligen \u00e4r b\u00e5de aktuellt och en aning kontroversiellt av diskussionen att d\u00f6ma. N\u00e5gon av de proffsfotografer som fanns i publiken fr\u00e5gade om gr\u00e4nsen f\u00f6r dokument\u00e4r var n\u00e4r de som fotograferades var omedvetna om kameran och om det inte var dokument\u00e4r om den som fotograferades s\u00e5g in i kameran. Inte helt klar definition visade det sig vara \u2013 fr\u00e5gan l\u00e4r leva.<\/p>\n<p>&nbsp;<\/p>\n<p><a title=\"Andreas Nilssons vinnande bild \u00e5rets tema juryns val \u2013 Yddinge strands flyktingboende\" href=\"https:\/\/www.flickr.com\/photos\/kultursidan\/31618467308\/in\/album-72157696835966820\/\"><img loading=\"lazy\" decoding=\"async\" src=\"https:\/\/farm2.staticflickr.com\/1977\/31618467308_338235a97c.jpg\" alt=\"Andreas Nilssons vinnande bild \u00e5rets tema juryns val \u2013 Yddinge strands flyktingboende\" width=\"500\" height=\"332\" \/><\/a><br \/>\n<em>I v\u00e4ntan p\u00e5. Juryn valde Andreas Nilssons bild fr\u00e5n Yddinge strands flyktingboende som vinnare i klassen \u00c5rets tema.<\/em><\/p>\n<p>&nbsp;<\/p>\n<p><strong>Juryn har best\u00e5tt av salongens initiativtagare, Truls Olin fr\u00e5n Arbetets Museum, fotografen M\u00e4rta Thisner (en av f\u00f6rra \u00e5rets dokument\u00e4rfotopristagare) samt bildredakt\u00f6ren p\u00e5 Dagens Arbete G\u00f6ran Widerberg.<\/strong> Josefine H\u00f6ijer fr\u00e5n Arbetets Museum l\u00e4ste upp juryns motiveringar.<\/p>\n<p>Juryns pris f\u00f6r B\u00e4sta bild tilldelades Clara Lomakka f\u00f6r hennes \u201dAndrum\u201d. Clara var p\u00e5 plats och tog emot sitt pris.<\/p>\n<p>Priset \u201dB\u00e4sta tolkning av tema\u201d tilldelades Andreas Nilsson med motiv fr\u00e5n Yddinge strands flyktingboende.<\/p>\n<p><strong>Bes\u00f6karna vid utst\u00e4llningen har ocks\u00e5 haft m\u00f6jlighet att r\u00f6sta p\u00e5 sin favorit \u201dB\u00e4sta bild \u2013 publikens pris\u201d.<\/strong> R\u00f6stningen som avslutades under fredagen hade samlat 626 r\u00f6ster och av dessa hade vinnande bild f\u00e5tt 110 r\u00f6ster. Vinnaren blev Eva Centergren med motivet \u201dThe Milky Way\u201d. En verklig \u00f6gonblicksbild! Eva Centergren var personligen p\u00e5 plats och fick ta emot sitt pris.<\/p>\n<p><strong>Tema f\u00f6r n\u00e4sta \u00e5rs Dokument\u00e4rfotosalong<\/strong> blir \u201dEtt annat s\u00e4tt att se\u201d.<\/p>\n<p><em>\u00a9 Text och foto: Sven \u00c5ke Molund<br \/>\n<\/em><\/p>\n<p>BILDSPEL \u2013 KLICKA P\u00c5 BILDENS PILAR<\/p>\n<p><a data-flickr-embed='true' href='https:\/\/www.flickr.com\/photos\/kultursidan\/albums\/72157696835966820' title='Dokument\u00e4rfotosalongens pristagare, Arbetets museum 2018 by Kultursidan, on Flickr'><img src='https:\/\/live.staticflickr.com\/1941\/31618467858_896d3a77ec_z.jpg' width='800' height='600' alt='Josefine H\u00f6ijer l\u00e4ser p\u00e5'><\/a><script async src='https:\/\/embedr.flickr.com\/assets\/client-code.js' charset='utf-8'><\/script><\/p>\n<blockquote>\n<h4>ARBETETS MUSEUM Norrk\u00f6ping<\/h4>\n<p>8 september \u2013 18 november 2018<br \/>\n<strong>I v\u00e4ntan p\u00e5<\/strong><br \/>\n<strong>Dokument\u00e4rfotosalong<\/strong><br \/>\nArr: Arbetets museum i samarbete med Dagens Arbete<br \/>\nJury: G\u00f6ran Widerberg, Dagens Arbete, Maria Thisner, fotograf, och Truls Olin, Arbetets museum<\/p>\n<p style=\"padding-left: 30px;\">UTST\u00c4LLARE<br \/>\nTroy Enekvist, Jenny Eliasson, Martin Kull<br \/>\nAnders Onerup, David Lundmark, Loulou d\u2019Aki<br \/>\nBj\u00f6rn Nilsson, Per-Erik \u00c5str\u00f6m, Molle Olson<br \/>\nKrister Kler\u00e9us, Owe Ellersten, Ulla Sundin Beck<br \/>\nErik Holmstedt, Elisabeth Ubbe, Natalia Medina<br \/>\nHillevi Melinder, Torun B\u00f6rtz, Lisa Arfwidson<br \/>\nJonas Dahlstr\u00f6m, Andreas Nilsson, Stig Hammarstedt<br \/>\nJens Nordstr\u00f6m, Tore Hagman, Fanny Carinasdotter<br \/>\nUlf Rehnholm, Annelie von Wowern, Eva Centergren<br \/>\nJan Wilhelm Forsmark, Lena Sj\u00f6din Roman, Berit Djuse<br \/>\nMaria M\u00e4ki, Carla Lomakka, Kevin Chang<br \/>\nFredrik Swartling, David Sapire, Lars Sivars<br \/>\nKaroline Montero Araya, Robin Liendeborg, Marie Yderland<br \/>\nElin Andersson<\/p>\n<p>20 oktober 2018<br \/>\n<strong>Prisutdelning<\/strong><\/p>\n<p style=\"padding-left: 30px;\">PRISTAGARE<br \/>\nB\u00e4sta bild: Clara Lomakka \u201dAndrum\u201d<br \/>\nB\u00e4sta bild Tema I v\u00e4ntan p\u00e5: Andreas Nilsson \u201dYddinge strand\u201d<br \/>\nBes\u00f6karnas B\u00e4sta bild: Eva Centergren \u201dThe Milky Way\u201d<\/p>\n<\/blockquote>\n<p>L\u00c4NKAR<br \/>\nArbetets Museum <a href=\"http:\/\/www.arbetetsmuseum.se\" target=\"_blank\" rel=\"noopener\">hemsida<\/a> <a href=\"https:\/\/www.facebook.com\/arbetetsmuseum\" target=\"_blank\" rel=\"noopener\">Facebook<\/a><br \/>\nI v\u00e4ntan p\u00e5 Dokument\u00e4rfotosalong nr 2 <a href=\"https:\/\/www.kultursidan.nu\/?p=38057\" target=\"_blank\" rel=\"noopener\">reportage<\/a> Kultursidan.nu 9\/9 2018<\/p>\n","protected":false},"excerpt":{"rendered":"<p>NORRK\u00d6PING The Milky Way \u2013 kokroppar som paradv\u00e4g \u2013 vann publikens r\u00f6ster i Dokument\u00e4rfotoutst\u00e4llningen p\u00e5 Arbetets museum. Men vad r\u00e4knas som dokument\u00e4rfoto? Fr\u00e5gan ventilerades under paneldebatten inf\u00f6r utdelandet av de tre priserna under fotohelgen Spegla. <a class=\"continue-reading-link\" href=\"https:\/\/www.kultursidan.nu\/?p=38658\">L\u00e4s mer <span class=\"meta-nav\">&rarr; <\/span><\/a><\/p>\n","protected":false},"author":1001006,"featured_media":0,"comment_status":"closed","ping_status":"open","sticky":false,"template":"","format":"standard","meta":{"_jetpack_memberships_contains_paid_content":false,"footnotes":""},"categories":[7],"tags":[17,39,47],"class_list":["post-38658","post","type-post","status-publish","format-standard","hentry","category-norrkoping","tag-foto","tag-pris","tag-utstallning"],"jetpack_featured_media_url":"","jetpack_sharing_enabled":true,"_links":{"self":[{"href":"https:\/\/www.kultursidan.nu\/index.php?rest_route=\/wp\/v2\/posts\/38658","targetHints":{"allow":["GET"]}}],"collection":[{"href":"https:\/\/www.kultursidan.nu\/index.php?rest_route=\/wp\/v2\/posts"}],"about":[{"href":"https:\/\/www.kultursidan.nu\/index.php?rest_route=\/wp\/v2\/types\/post"}],"author":[{"embeddable":true,"href":"https:\/\/www.kultursidan.nu\/index.php?rest_route=\/wp\/v2\/users\/1001006"}],"replies":[{"embeddable":true,"href":"https:\/\/www.kultursidan.nu\/index.php?rest_route=%2Fwp%2Fv2%2Fcomments&post=38658"}],"version-history":[{"count":1,"href":"https:\/\/www.kultursidan.nu\/index.php?rest_route=\/wp\/v2\/posts\/38658\/revisions"}],"predecessor-version":[{"id":38660,"href":"https:\/\/www.kultursidan.nu\/index.php?rest_route=\/wp\/v2\/posts\/38658\/revisions\/38660"}],"wp:attachment":[{"href":"https:\/\/www.kultursidan.nu\/index.php?rest_route=%2Fwp%2Fv2%2Fmedia&parent=38658"}],"wp:term":[{"taxonomy":"category","embeddable":true,"href":"https:\/\/www.kultursidan.nu\/index.php?rest_route=%2Fwp%2Fv2%2Fcategories&post=38658"},{"taxonomy":"post_tag","embeddable":true,"href":"https:\/\/www.kultursidan.nu\/index.php?rest_route=%2Fwp%2Fv2%2Ftags&post=38658"}],"curies":[{"name":"wp","href":"https:\/\/api.w.org\/{rel}","templated":true}]}}