{"id":38710,"date":"2018-10-25T17:33:00","date_gmt":"2018-10-25T16:33:00","guid":{"rendered":"https:\/\/intelligent-friend-7861.standoutwp.com\/?p=38710"},"modified":"2018-10-26T07:25:21","modified_gmt":"2018-10-26T06:25:21","slug":"kulturpriset-krockar-med-litteraturfesten","status":"publish","type":"post","link":"https:\/\/www.kultursidan.nu\/?p=38710","title":{"rendered":"Kulturpriset krockar med Litteraturfesten"},"content":{"rendered":"<p><img loading=\"lazy\" decoding=\"async\" class=\"alignnone size-medium wp-image-38711\" src=\"https:\/\/www.kultursidan.nu\/wp-content\/uploads\/2018\/10\/Anders-Karlin-och-Louise-Malmstrm-567x377.jpg\" alt=\"\" width=\"567\" height=\"377\" srcset=\"https:\/\/www.kultursidan.nu\/wp-content\/uploads\/2018\/10\/Anders-Karlin-och-Louise-Malmstrm-567x377.jpg 567w, https:\/\/www.kultursidan.nu\/wp-content\/uploads\/2018\/10\/Anders-Karlin-och-Louise-Malmstrm-768x510.jpg 768w, https:\/\/www.kultursidan.nu\/wp-content\/uploads\/2018\/10\/Anders-Karlin-och-Louise-Malmstrm-1024x680.jpg 1024w, https:\/\/www.kultursidan.nu\/wp-content\/uploads\/2018\/10\/Anders-Karlin-och-Louise-Malmstrm-150x100.jpg 150w, https:\/\/www.kultursidan.nu\/wp-content\/uploads\/2018\/10\/Anders-Karlin-och-Louise-Malmstrm-501x333.jpg 501w, https:\/\/www.kultursidan.nu\/wp-content\/uploads\/2018\/10\/Anders-Karlin-och-Louise-Malmstrm.jpg 1280w\" sizes=\"auto, (max-width: 567px) 100vw, 567px\" \/><br \/>\n<em>F\u00f6rv\u00e4ntansfulla. F\u00f6r fem \u00e5r sedan tog Anders Karlin och Louise Malmstr\u00f6m \u00f6ver S\u00f6derk\u00f6pings bokhandel. P\u00e5 l\u00f6rdag hedras bokhandlaren med S\u00f6derk\u00f6pings kulturpris.<\/em><\/p>\n<p>&nbsp;<\/p>\n<h1><span style=\"color: #ff0000;\">Nyutgivna minnen fr\u00e5n Stens g\u00e5rd<br \/>\n<\/span><\/h1>\n<p>&nbsp;<\/p>\n<p>S\u00d6DERK\u00d6PING <strong>Litteraturfest i bokhandeln p\u00e5 l\u00f6rdag.<\/strong> Men bokhandlaren sj\u00e4lv tar emot kulturpris p\u00e5 Stinsen. Krocken visar att S\u00f6derk\u00f6pings bokhandel blivit ett viktigt nav f\u00f6r kulturen.<\/p>\n<p>En av de n\u00e4rodlade b\u00f6ckerna \u00e4r Barbro Hultqvists minnen fr\u00e5n uppv\u00e4xten p\u00e5 Vikbolandet under 1950-talet.<\/p>\n<p>&nbsp;<\/p>\n<p><a title=\"Anders Karlin\" href=\"https:\/\/www.flickr.com\/photos\/kultursidan\/44639122695\/in\/album-72157674878947108\/\"><img loading=\"lazy\" decoding=\"async\" src=\"https:\/\/farm2.staticflickr.com\/1924\/44639122695_cde64d482f.jpg\" alt=\"Anders Karlin\" width=\"500\" height=\"333\" \/><\/a><br \/>\n<em>Det b\u00f6rjade som Bondens bokhylla. Anders Karlin har f\u00f6ljt med i alla v\u00e4ndor och servat med b\u00f6cker till f\u00f6rfattartr\u00e4ffarna.<\/em><\/p>\n<p>&nbsp;<\/p>\n<p><strong>Bokhandlaren heter Anders Karlin och han tar emot S\u00f6derk\u00f6pings kommuns Kulturpris p\u00e5 l\u00f6rdag. <\/strong>\u201dDet \u00e4r en stor \u00e4ra, och k\u00e4nns lite som en jubileumspresent\u201d sade han i en intervju i Norrk\u00f6pings tidningar n\u00e4r priset offentliggjordes.<\/p>\n<p>En \u00e4ra \u00e4ven f\u00f6r S\u00f6derk\u00f6ping vars bokhandlare sedan fem \u00e5r lyft bokhandeln till en gr\u00f6nskande samlingsplats f\u00f6r kulturlivet, fr\u00e4mst litteraturen. Bokhandeln \u00e4r medakt\u00f6r i bland annat S\u00f6derk\u00f6pings bokhylla, f\u00f6rel\u00e4sningsf\u00f6reningen Nyfiken p\u00e5\u2026 och Litteraturscen S\u00f6derk\u00f6ping.<\/p>\n<p><strong>Kommunens kulturstipendiat \u00e4r Ottilia Svensson.<\/strong> Det \u00e4r en beg\u00e5vad amat\u00f6rsk\u00e5despelare som b\u00e5de st\u00e5tt p\u00e5 scen hos Teater Sythercopie och hos Kvartersteatern i Norrk\u00f6ping och som blir 5.000 kronor rikare.<\/p>\n<p>Pris och stipendium delas ut p\u00e5 Stinsen p\u00e5 l\u00f6rdag d\u00e5 bibliotek och kulturf\u00f6rvaltning bjuder in till Familjel\u00f6rdag med skapande verkstad, dans, s\u00e5ng och magi.<\/p>\n<p>&nbsp;<\/p>\n<p><a title=\"Ottilia Svensson i Familjelycka\" href=\"https:\/\/www.flickr.com\/photos\/kultursidan\/44639122445\/in\/album-72157674878947108\/\"><img loading=\"lazy\" decoding=\"async\" src=\"https:\/\/farm2.staticflickr.com\/1906\/44639122445_f62405b6d5.jpg\" alt=\"Ottilia Svensson i Familjelycka\" width=\"500\" height=\"333\" \/><\/a><br \/>\n<em>Energiknippe. Ottilia Svensson har gjort uppm\u00e4rksammade insatser hos b\u00e5de Teater Sythercopie och Kvartersteatern. H\u00e4r i Familjelycka.<\/em><\/p>\n<p>&nbsp;<\/p>\n<p><strong>Samtidigt h\u00e5ller ett ansenligt g\u00e4ng lokala och regionala f\u00f6rfattare Litteraturfest i S\u00f6derk\u00f6pings bokhandel.<\/strong> Lokala \u00e4r mor och dotter Therese och Liza Czarnecki, som nyligen gav ut <em>Flickan i 45:an<\/em>, Marianne Wik liksom barndeckarf\u00f6rfattarna Susanna L\u00f6nnqvist, som kom ut med <em>Den f\u00f6rsvunna diamanten<\/em> f\u00f6r ett \u00e5r sedan, och Gabriella Nilsson Ringqvist, som snart sl\u00e4pper tredje boken i serien om M-deckarna.<\/p>\n<p>\u2013 Ja, jag vill ju ber\u00e4tta om att trean kommer o dela ut lite bokm\u00e4rken och s\u00e5\u2026, ber\u00e4ttar Gabriella Nilsson Ringqvist.<\/p>\n<p><strong>Regionala f\u00f6rfattare \u00e4r Stina Nilsson Bassell, aktuell med romanen <em>Spegeln i rummet utanf\u00f6r<\/em>,<\/strong> Caroline Hedberg som sl\u00e4ppte boken <em>Vinter\u00f6ga<\/em> tidigt i somras ungef\u00e4r samtidigt som Jan-\u00c5ke Sallermo kom ut med <em>Harmynten<\/em>, samt Ann-Mari Tormalm, den mest etablerade i skaran och som skriver f\u00f6r b\u00e5de barn och vuxna.<\/p>\n<p>&nbsp;<\/p>\n<p><a title=\"Brottstycken av Barbro Hultqvist\" href=\"https:\/\/www.flickr.com\/photos\/kultursidan\/44639122515\/in\/album-72157674878947108\/\"><img loading=\"lazy\" decoding=\"async\" src=\"https:\/\/farm2.staticflickr.com\/1946\/44639122515_8970252c9f.jpg\" alt=\"Brottstycken av Barbro Hultqvist\" width=\"346\" height=\"500\" \/><\/a><br \/>\n<em>Brottstycken fr\u00e5n 50-talet p\u00e5 Vikbolandet av Barbro Hultqvist<\/em><\/p>\n<p>&nbsp;<\/p>\n<p><strong>Till dessa s\u00e4llar sig Barbro Hultqvist, f\u00f6dd 1944, som i <em>Brottstycken fr\u00e5n 50-talet p\u00e5 Vikbolandet<\/em> \u00e5terger minnen fr\u00e5n uppv\u00e4xten p\u00e5 Stens g\u00e5rd i Konungsund.<\/strong> Det \u00e4r en l\u00e4ttl\u00e4st bok som utan on\u00f6diga \u00e5th\u00e4vor ber\u00e4ttar om livet p\u00e5 landet n\u00e4r den nya tiden bryter in efter andra v\u00e4rldskrigets slut. L\u00e4saren f\u00e5r allts\u00e5 b\u00e5de vara med om sl\u00e4df\u00e4rder till julottan och hur barn och vuxna packades in i familjens f\u00f6rsta bil, en Mercedes 180 som k\u00f6ptes 1956.<\/p>\n<p>F\u00f6r den som snusat p\u00e5 kantareller i barndomen eller l\u00e4rt sig l\u00e4sa finns mycket att j\u00e4mf\u00f6ra med \u2013 fram\u00e5t eller bak\u00e5t i tiden. Bara 10 \u00e5r senare var isd\u00f6sar och h\u00e4star borta, men sn\u00f6grottorna fanns kvar. Hur leker barn nu?<\/p>\n<p>Allt var inte idyll. Barbro Hultqvist v\u00e4jer inte f\u00f6r de m\u00f6rkare minnena. Inget allvarligt h\u00e4nder men n\u00e4r ett original uppvaktar flickan blir hon r\u00e4dd. Ett annat minne \u00e4r det som kunde blivit en ot\u00e4ck trafikolycka.<\/p>\n<p><strong>F\u00f6rfattaren lyckas med konsten att b\u00e5de skriva personligt och samtidigt sakligt och allm\u00e4ngiltigt f\u00f6r l\u00e4saren.<\/strong> Den \u00e4r utgiven p\u00e5 eget f\u00f6rlag, Haralds hylla, tidigare ett antikvariat numera en facebooksida som drivs n\u00e4ra sl\u00e4ktingen Harald Hultqvist.<\/p>\n<p><em>\u00a9 Text: Ann-Charlotte Sandelin<\/em><br \/>\n<em>\u00a9 Foto: Ann-Charlotte Sandelin och Sven \u00c5ke Molund<\/em><\/p>\n<blockquote>\n<h4>S\u00d6DERK\u00d6PINGS BOKHANDEL S\u00f6derk\u00f6ping<\/h4>\n<p>27 oktober 2018 kl 11\u201315<br \/>\n<strong>Litteraturfest<\/strong><br \/>\nArr: Litteraturscen S\u00f6derk\u00f6ping (ett samarbete mellan S\u00f6derk\u00f6pings Bibliotek och S\u00f6derk\u00f6pings Bokhandel &amp; Antikvariat)<\/p>\n<p style=\"padding-left: 30px;\">MEDVERKANDE<br \/>\nTherese Czarnecki, Liza Czarnecki, Caroline Hedberg,<br \/>\nBarbro Hultqvist, Susanna L\u00f6nnqvist, Stina Nilsson Bassell,<br \/>\nGabriella Nilsson Ringqvist, Jan-\u00c5ke Sallermo,<br \/>\nAnn-Mari Tormalm och Marianne Wik<\/p>\n<h4>STINSEN S\u00f6derk\u00f6ping<\/h4>\n<p>27 oktober 2018 kl 10\u201314<br \/>\n<strong>Familjel\u00f6rdag<\/strong><\/p>\n<p style=\"padding-left: 30px;\">13.00 Utdelning av S\u00f6derk\u00f6pings kulturpris &amp; kulturstipendium<br \/>\ntill <strong>Anders Karlin <\/strong>och<strong> Ottilia Svensson<\/strong><\/p>\n<h4>BOK<\/h4>\n<p><strong>Brottstycken fr\u00e5n 50-talet p\u00e5 Vikbolandet<\/strong><br \/>\nBarbro Hultqvist<br \/>\nIll: Annika Amn\u00f6<br \/>\nF\u00f6rlag: Haralds Hylla, 2018<\/p><\/blockquote>\n<p>L\u00c4NKAR<br \/>\nS\u00f6derk\u00f6pings Bokhandel &amp; antikvariat <a href=\"http:\/\/www.soderkopingsbokhandel.se\/\" target=\"_blank\" rel=\"noopener\">hemsida<\/a> <a href=\"https:\/\/www.facebook.com\/soderkopingsbokhandel\/\" target=\"_blank\" rel=\"noopener\">Facebook<\/a><br \/>\nOttilia Svensson recesioner <a href=\"https:\/\/www.kultursidan.nu\/?p=20318\" target=\"_blank\" rel=\"noopener\">Emil<\/a> <a href=\"https:\/\/www.kultursidan.nu\/?p=29922\" target=\"_blank\" rel=\"noopener\">Familjelycka<\/a> <a href=\"https:\/\/www.kultursidan.nu\/?p=35352\" target=\"_blank\" rel=\"noopener\">Sk\u00e5despelerskan<\/a><br \/>\nHaralds Hylla <a href=\"https:\/\/www.facebook.com\/Haralds-Hylla-133571950075846\/\" target=\"_blank\" rel=\"noopener\">Facebook<\/a><br \/>\nS\u00f6derk\u00f6pings Stadsbibliotek <a href=\"https:\/\/www.gotabiblioteken.se\/web\/soderkoping\" target=\"_blank\" rel=\"noopener\">hemsida<\/a> <a href=\"https:\/\/www.facebook.com\/soderkopingsstadsbibliotek\/\" target=\"_blank\" rel=\"noopener\">Facebook<\/a><br \/>\nS\u00f6derk\u00f6pings kommun kultur-fritid <a href=\"http:\/\/www.soderkoping.se\/kultur-fritid\/\" target=\"_blank\" rel=\"noopener\">hemsida <\/a><br \/>\nDe har planer f\u00f6r S\u00f6derk\u00f6pings bokhandel <a href=\"https:\/\/www.kultursidan.nu\/?p=13132\" target=\"_blank\" rel=\"noopener\">reportage<\/a> Kultursidan.nu 22\/11 2013<\/p>\n","protected":false},"excerpt":{"rendered":"<p>S\u00d6DERK\u00d6PING Litteraturfest i bokhandeln p\u00e5 l\u00f6rdag. Men bokhandlaren sj\u00e4lv tar emot kulturpris p\u00e5 Stinsen. Krocken visar att S\u00f6derk\u00f6pings bokhandel blivit ett viktigt nav f\u00f6r kulturen. En av de n\u00e4rodlade b\u00f6ckerna \u00e4r Barbro Hultqvists minnen fr\u00e5n uppv\u00e4xten p\u00e5 Vikbolandet under 1950-talet. <a class=\"continue-reading-link\" href=\"https:\/\/www.kultursidan.nu\/?p=38710\">L\u00e4s mer <span class=\"meta-nav\">&rarr; <\/span><\/a><\/p>\n","protected":false},"author":1001006,"featured_media":0,"comment_status":"closed","ping_status":"open","sticky":false,"template":"","format":"standard","meta":{"_jetpack_memberships_contains_paid_content":false,"footnotes":""},"categories":[6],"tags":[16,39,88],"class_list":["post-38710","post","type-post","status-publish","format-standard","hentry","category-soderkoping","tag-litteratur","tag-pris","tag-stipendium"],"jetpack_featured_media_url":"","jetpack_sharing_enabled":true,"_links":{"self":[{"href":"https:\/\/www.kultursidan.nu\/index.php?rest_route=\/wp\/v2\/posts\/38710","targetHints":{"allow":["GET"]}}],"collection":[{"href":"https:\/\/www.kultursidan.nu\/index.php?rest_route=\/wp\/v2\/posts"}],"about":[{"href":"https:\/\/www.kultursidan.nu\/index.php?rest_route=\/wp\/v2\/types\/post"}],"author":[{"embeddable":true,"href":"https:\/\/www.kultursidan.nu\/index.php?rest_route=\/wp\/v2\/users\/1001006"}],"replies":[{"embeddable":true,"href":"https:\/\/www.kultursidan.nu\/index.php?rest_route=%2Fwp%2Fv2%2Fcomments&post=38710"}],"version-history":[{"count":6,"href":"https:\/\/www.kultursidan.nu\/index.php?rest_route=\/wp\/v2\/posts\/38710\/revisions"}],"predecessor-version":[{"id":38718,"href":"https:\/\/www.kultursidan.nu\/index.php?rest_route=\/wp\/v2\/posts\/38710\/revisions\/38718"}],"wp:attachment":[{"href":"https:\/\/www.kultursidan.nu\/index.php?rest_route=%2Fwp%2Fv2%2Fmedia&parent=38710"}],"wp:term":[{"taxonomy":"category","embeddable":true,"href":"https:\/\/www.kultursidan.nu\/index.php?rest_route=%2Fwp%2Fv2%2Fcategories&post=38710"},{"taxonomy":"post_tag","embeddable":true,"href":"https:\/\/www.kultursidan.nu\/index.php?rest_route=%2Fwp%2Fv2%2Ftags&post=38710"}],"curies":[{"name":"wp","href":"https:\/\/api.w.org\/{rel}","templated":true}]}}