{"id":38739,"date":"2018-10-27T11:11:09","date_gmt":"2018-10-27T10:11:09","guid":{"rendered":"https:\/\/intelligent-friend-7861.standoutwp.com\/?p=38739"},"modified":"2018-10-27T11:20:14","modified_gmt":"2018-10-27T10:20:14","slug":"moa-liverstams-fotografi-i-studion","status":"publish","type":"post","link":"https:\/\/www.kultursidan.nu\/?p=38739","title":{"rendered":"Moa Liverstams fotografi i Studion"},"content":{"rendered":"<p><img loading=\"lazy\" decoding=\"async\" class=\"alignnone size-medium wp-image-38740\" src=\"https:\/\/www.kultursidan.nu\/wp-content\/uploads\/2018\/10\/Moa-Liverstam7-567x376.jpg\" alt=\"\" width=\"567\" height=\"376\" srcset=\"https:\/\/www.kultursidan.nu\/wp-content\/uploads\/2018\/10\/Moa-Liverstam7-567x376.jpg 567w, https:\/\/www.kultursidan.nu\/wp-content\/uploads\/2018\/10\/Moa-Liverstam7-768x509.jpg 768w, https:\/\/www.kultursidan.nu\/wp-content\/uploads\/2018\/10\/Moa-Liverstam7-1024x678.jpg 1024w, https:\/\/www.kultursidan.nu\/wp-content\/uploads\/2018\/10\/Moa-Liverstam7-150x99.jpg 150w, https:\/\/www.kultursidan.nu\/wp-content\/uploads\/2018\/10\/Moa-Liverstam7-503x333.jpg 503w, https:\/\/www.kultursidan.nu\/wp-content\/uploads\/2018\/10\/Moa-Liverstam7.jpg 1200w\" sizes=\"auto, (max-width: 567px) 100vw, 567px\" \/><br \/>\n<em>Vattenn\u00e4ra. I Tranquility samlar Moa Liverstam sina viktigaste motiv \u2013 M\u00e4nniskor, kroppar, landskap och vatten.<\/em><\/p>\n<p>&nbsp;<\/p>\n<h1><span style=\"color: #ff0000;\">Stark gestaltning av f\u00f6rlust<\/span><\/h1>\n<p>&nbsp;<\/p>\n<p>NORRK\u00d6PING <strong>Vatten, kroppar, landskap.<\/strong> Moa Liverstam pr\u00f6var glupskt och er\u00f6vrar mycket i sitt fotografi. Hon visar sina bilder i Konstforums Studion. Tv\u00e5 fotoprojekt st\u00e5r fram \u2013 sorgebearbetning och kroppar i vatten.<\/p>\n<p><strong>D\u00e4r \u00e4r en glupsk nyfikenhet i Moa Liverstams fotograferande.<\/strong> Vad h\u00e4nder om\u2026 st\u00e4ller hon fr\u00e5gan och pr\u00f6var sin tes. Allts\u00e5 fr\u00e5gar hon om vad som h\u00e4nder n\u00e4r hon fotograferar kroppar riktigt n\u00e4ra eller vrider fram filmen medan hon f\u00e5ngar F\u00e5r\u00f6s raukar. Eller om hon br\u00e4nner ett negativ och scannar in det. Eller\u2026 eller\u2026<\/p>\n<p>Det g\u00f6r nog inte s\u00e5 mycket att hon inte \u00e4r f\u00f6rst i v\u00e4rlden med att st\u00e4lla sina fr\u00e5gor. Hudn\u00e4ra landskap fascinerar m\u00e5nga fotografer, liksom \u00e4ldre tiders fototeknik som f\u00e5tt ren\u00e4ssans. Det viktiga \u00e4r att hon st\u00e4ller dem p\u00e5 sitt s\u00e4tt.<\/p>\n<p>&nbsp;<\/p>\n<p><a title=\"Moa Liverstam \u2013 Reaktionsfasen\" href=\"https:\/\/www.flickr.com\/photos\/kultursidan\/30627172177\/in\/album-72157701311083811\/\"><img loading=\"lazy\" decoding=\"async\" src=\"https:\/\/farm2.staticflickr.com\/1947\/30627172177_3667f6823d.jpg\" alt=\"Moa Liverstam \u2013 Reaktionsfasen\" width=\"500\" height=\"331\" \/><\/a><br \/>\n<em>Triptyk. Reaktionsfasen gestaltar k\u00e4nslan av f\u00f6rlust.<\/em><\/p>\n<p>&nbsp;<\/p>\n<p><strong>Tv\u00e5 bildprojekt st\u00e5r fram.<\/strong> Det ena \u00e4r gr\u00e5tonade serien <em>Reaktionsfasen, <\/em>en sorgebearbetning. Tre kvadratiska bilder i klassiskt ljus. Men hanteringen av bilderna g\u00e5r vidare n\u00e4r hon m\u00e5lat med aceton p\u00e5 negativet, varvid det uppst\u00e5tt en f\u00f6rlust och tomhet, p\u00e5 samma g\u00e5ng konkret och symbolisk. D\u00e4rblir ljus kring den nakna kroppen, h\u00e5ret har r\u00f6rts om, en blommor smyckar ryggraden.<\/p>\n<p>Triptykens mittersta motiv utg\u00f6rs av trasade stenar som g\u00e5tt is\u00e4r. En stark gestaltning av f\u00f6rlustens avst\u00e5nd, enkel som ett kors.<\/p>\n<p><strong>Nio kvadrater med kroppar i vatten.<\/strong> Br\u00f6st, hals, ben och en m\u00f6tande blick som lockar betraktaren att f\u00f6rflytta sitt seende i <em>Tranquility,<\/em> som verket heter. Ljus, m\u00f6rker, m\u00e5leriskt vattenbl\u00e4nk n\u00e4r kroppshud bryter vattenhinnan ger mig en meditativ f\u00f6rundran, fokusering och vila.<\/p>\n<p>\u2013 Jag \u00e4lskar vatten och kan bada i insj\u00f6n i timmar, ber\u00e4ttar Moa Liverstam.<\/p>\n<p>Vid den tiden p\u00e5 \u00e5ret blev det inget insj\u00f6bad f\u00f6r de fem modellerna. I st\u00e4llet blev det en barnpool fylld med kaffetonat vatten.<\/p>\n<p>\u2013 Jag satte mig i poolen tillsammans med dem.<\/p>\n<p><em>\u00a9 Text: Ann-Charlotte Sandelin<br \/>\n\u00a9 Foto: Nils-G\u00f6ran Tillgren<\/em><\/p>\n<p>BILDSPEL \u2013 KLICKA P\u00c5 BILDENS PILAR<\/p>\n<p><a data-flickr-embed='true' href='https:\/\/www.flickr.com\/photos\/kultursidan\/albums\/72157701311083811' title='Moa Liverstam, Studion, Konstforum 2018 by Kultursidan, on Flickr'><img src='https:\/\/live.staticflickr.com\/1939\/45517854792_8b1657ebc0_z.jpg' width='800' height='600' alt='Moa Liverstam \u2013 Br\u00e4nt negativ'><\/a><script async src='https:\/\/embedr.flickr.com\/assets\/client-code.js' charset='utf-8'><\/script><\/p>\n<blockquote>\n<h4>KONSTFORUM &amp; STUDION Norrk\u00f6ping<\/h4>\n<p>H\u00f6sten 2018<\/p>\n<p style=\"padding-left: 30px;\">8\u201323 september 2018<br \/>\n<strong>Pontus Raud<\/strong><br \/>\n<strong>N\u00f6dv\u00e4ndiga relationer<\/strong><br \/>\nM\u00e5leri, grafik<\/p>\n<p style=\"padding-left: 30px;\">8\u201323 september 2018<br \/>\n<strong>Viola Tar<\/strong><br \/>\nFotografi<\/p>\n<p style=\"padding-left: 30px;\">29 september \u2013 14 oktober 2018<br \/>\n<strong>Mats Lyd\u00e9n<\/strong><br \/>\nM\u00e5leri<br \/>\n<strong>Anders Adelgren<\/strong><br \/>\nM\u00e5leri<\/p>\n<p style=\"padding-left: 30px;\">29 september \u2013 14 oktober 2018<br \/>\n<strong>Jan Allan<\/strong><br \/>\nFotografi<\/p>\n<p>20 oktober \u2013 4 november 2018<br \/>\n<strong>Anette Hammar\u00e9n<\/strong><br \/>\nM\u00e5leri, grafik<br \/>\n<strong>Nina Kerola<\/strong><br \/>\nGrafik<br \/>\n<strong>Stina Eidem<\/strong><br \/>\nM\u00e5leri, grafik, skulptur<\/p>\n<p>21 oktober \u2013 4 november 2018<br \/>\n<strong>Moa Liverstam<\/strong><br \/>\nFotografi<\/p>\n<p style=\"padding-left: 30px;\">10\u201325 november 2018<br \/>\n<strong>Per Serre<\/strong><br \/>\nM\u00e5leri<\/p>\n<p style=\"padding-left: 30px;\">11\u201325 november 2018<br \/>\n<strong>Anna Julkunen<\/strong><br \/>\nFotografi<\/p>\n<p style=\"padding-left: 30px;\">1\u201316 december 2018<br \/>\n<strong>\u00d6stg\u00f6taforum<\/strong><\/p>\n<\/blockquote>\n<p>L\u00c4NKAR<br \/>\nMoa Liverstam <a href=\"https:\/\/www.moaliverstam.com\" target=\"_blank\" rel=\"noopener\">hemsida<\/a><br \/>\nKonstforum <a href=\"http:\/\/konstforumnorrkoping.se\" target=\"_blank\" rel=\"noopener\">hemsida<\/a> <a href=\"https:\/\/www.facebook.com\/pages\/Konstforum-Norrk%C3%B6ping\/436387379718835?fref=ts\" target=\"_blank\" rel=\"noopener\">Facebook<\/a><br \/>\nHammar\u00e9n, Kerola och Eidem st\u00e4ller ut <a href=\"https:\/\/www.kultursidan.nu\/?p=38642\" target=\"_blank\" rel=\"noopener\">reportage<\/a> Kultursidan.nu 20\/10 2018<br \/>\nJan Allan, Mats Lyd\u00e9n, Anders Adelgren <a href=\"http:\/\/A\" target=\"_blank\" rel=\"noopener\">reportage<\/a> Kultursidan.nu 4\/10 2018<br \/>\nPontus Raud och Viola Tar p\u00e5 Konstforum <a href=\"https:\/\/www.kultursidan.nu\/?p=38182\" target=\"_blank\" rel=\"noopener\">reportage<\/a> Kultursidan.nu 19\/9 2018<\/p>\n","protected":false},"excerpt":{"rendered":"<p>NORRK\u00d6PING Vatten, kroppar, landskap. Moa Liverstam pr\u00f6var glupskt och er\u00f6vrar mycket i sitt fotografi. Hon visar sina bilder i Konstforums Studion. Tv\u00e5 fotoprojekt st\u00e5r fram \u2013 sorgebearbetning och kroppar i vatten. <a class=\"continue-reading-link\" href=\"https:\/\/www.kultursidan.nu\/?p=38739\">L\u00e4s mer <span class=\"meta-nav\">&rarr; <\/span><\/a><\/p>\n","protected":false},"author":1001006,"featured_media":0,"comment_status":"closed","ping_status":"open","sticky":false,"template":"","format":"standard","meta":{"_jetpack_memberships_contains_paid_content":false,"footnotes":""},"categories":[7],"tags":[17,14,47],"class_list":["post-38739","post","type-post","status-publish","format-standard","hentry","category-norrkoping","tag-foto","tag-konst","tag-utstallning"],"jetpack_featured_media_url":"","jetpack_sharing_enabled":true,"_links":{"self":[{"href":"https:\/\/www.kultursidan.nu\/index.php?rest_route=\/wp\/v2\/posts\/38739","targetHints":{"allow":["GET"]}}],"collection":[{"href":"https:\/\/www.kultursidan.nu\/index.php?rest_route=\/wp\/v2\/posts"}],"about":[{"href":"https:\/\/www.kultursidan.nu\/index.php?rest_route=\/wp\/v2\/types\/post"}],"author":[{"embeddable":true,"href":"https:\/\/www.kultursidan.nu\/index.php?rest_route=\/wp\/v2\/users\/1001006"}],"replies":[{"embeddable":true,"href":"https:\/\/www.kultursidan.nu\/index.php?rest_route=%2Fwp%2Fv2%2Fcomments&post=38739"}],"version-history":[{"count":3,"href":"https:\/\/www.kultursidan.nu\/index.php?rest_route=\/wp\/v2\/posts\/38739\/revisions"}],"predecessor-version":[{"id":38743,"href":"https:\/\/www.kultursidan.nu\/index.php?rest_route=\/wp\/v2\/posts\/38739\/revisions\/38743"}],"wp:attachment":[{"href":"https:\/\/www.kultursidan.nu\/index.php?rest_route=%2Fwp%2Fv2%2Fmedia&parent=38739"}],"wp:term":[{"taxonomy":"category","embeddable":true,"href":"https:\/\/www.kultursidan.nu\/index.php?rest_route=%2Fwp%2Fv2%2Fcategories&post=38739"},{"taxonomy":"post_tag","embeddable":true,"href":"https:\/\/www.kultursidan.nu\/index.php?rest_route=%2Fwp%2Fv2%2Ftags&post=38739"}],"curies":[{"name":"wp","href":"https:\/\/api.w.org\/{rel}","templated":true}]}}