{"id":38842,"date":"2018-11-03T19:19:27","date_gmt":"2018-11-03T18:19:27","guid":{"rendered":"https:\/\/intelligent-friend-7861.standoutwp.com\/?p=38842"},"modified":"2018-11-03T19:20:01","modified_gmt":"2018-11-03T18:20:01","slug":"jan-hammarlund-gastade-latskrivarbaren","status":"publish","type":"post","link":"https:\/\/www.kultursidan.nu\/?p=38842","title":{"rendered":"Jan Hammarlund g\u00e4st i L\u00e5tskrivarbaren"},"content":{"rendered":"<p><img loading=\"lazy\" decoding=\"async\" class=\"alignnone size-medium wp-image-38843\" src=\"https:\/\/www.kultursidan.nu\/wp-content\/uploads\/2018\/11\/IMG_0265-567x378.jpg\" alt=\"\" width=\"567\" height=\"378\" srcset=\"https:\/\/www.kultursidan.nu\/wp-content\/uploads\/2018\/11\/IMG_0265-567x378.jpg 567w, https:\/\/www.kultursidan.nu\/wp-content\/uploads\/2018\/11\/IMG_0265-768x512.jpg 768w, https:\/\/www.kultursidan.nu\/wp-content\/uploads\/2018\/11\/IMG_0265-1024x682.jpg 1024w, https:\/\/www.kultursidan.nu\/wp-content\/uploads\/2018\/11\/IMG_0265-150x100.jpg 150w, https:\/\/www.kultursidan.nu\/wp-content\/uploads\/2018\/11\/IMG_0265-500x333.jpg 500w, https:\/\/www.kultursidan.nu\/wp-content\/uploads\/2018\/11\/IMG_0265.jpg 1280w\" sizes=\"auto, (max-width: 567px) 100vw, 567px\" \/><br \/>\n<em>Flaggskepp. Jan Hammarlund var kv\u00e4llens stora stj\u00e4rna i L\u00e5tskrivarbaren p\u00e5 Dynamo.<\/em><\/p>\n<p>&nbsp;<\/p>\n<h1><span style=\"color: #ff0000;\">B\u00e5de snack och verkstad<\/span><\/h1>\n<p>&nbsp;<\/p>\n<p>NORRK\u00d6PING <strong>D\u00e5 var \u00e4ntligen L\u00e5tskrivarbaren, Dynamos genialiska koncept, ig\u00e5ng f\u00f6r s\u00e4songen, den andra.<\/strong> Som tidigare bjuds artister in f\u00f6r att tala om sin musik och spela n\u00e5gra l\u00e5tar. Tre f\u00f6re och tre efter pausen \u00e4r de tilldelade. Det blir mycket snack \u2013 men ocks\u00e5 mycket verkstad. Sj\u00e4lva tanken \u00e4r ju att belysa hantverket och tanken bakom slutresultatet.<\/p>\n<p>Den h\u00e4r g\u00e5ngen har man tagit i ordentligt med fyra artister. Eller rentav fem, om man r\u00e4knar hur m\u00e5nga som st\u00e5r p\u00e5 scenen. Eller sex om man r\u00e4knar in den som inte \u00e4r d\u00e4r.<\/p>\n<p>&nbsp;<\/p>\n<p><a title=\"Johan Pettersson\" href=\"https:\/\/www.flickr.com\/photos\/kultursidan\/43882438000\/in\/album-72157673050227937\/\"><img loading=\"lazy\" decoding=\"async\" src=\"https:\/\/farm5.staticflickr.com\/4818\/43882438000_b0945d404e.jpg\" alt=\"Johan Pettersson\" width=\"333\" height=\"500\" \/><\/a><br \/>\n<em>Johan Pettersson p\u00e5 L\u00e5tskrivarbarens scen.<\/em><\/p>\n<p>&nbsp;<\/p>\n<p><strong><em>Johan Pettersson<\/em> \u00e4r f\u00f6rst ut.<\/strong> Han presenterar sig som 41-\u00e5rig Norrk\u00f6pingsbo fr\u00e5n Boxholm. Men han ber\u00e4ttar inte att han fr\u00e4mst \u00e4r sk\u00e5despelare och regiss\u00f6r. Osten \u00e4r ju h\u00f6gaktuell och han visar sin jacka fr\u00e5n Boxholms bruk och ber\u00e4ttar att han brukar ha den p\u00e5 n\u00e4r han spelar. Sin f\u00f6rsta l\u00e5t skrev han 1993, och han har fortfarande kvar en p\u00e4rm m\u00e4rkt \u201dMusik, 9A\u201d.<\/p>\n<p><strong>Tidiga influenser var Nirvana, Guns \u2019n\u2019 Roses och The Cure.<\/strong> P\u00e5 n\u00e5got egendomligt vis har detta f\u00f6r\u00e4ndrats till den country\/americana han nu spelar, vilket \u00e4r en musik han aldrig lyssnat p\u00e5. Men olycklig k\u00e4rlek \u00e4r sj\u00e4lvupplevt. Fast folk tror bara att han \u00e4r ledsen, p\u00e5pekar han. Som exempel spelar han <em>I\u2019m coming up<\/em>. Det \u00e4r som att resa sig och s\u00e4ga \u201djag m\u00e5r bra, jag skojade bara\u201d, s\u00e4ger han. Nya l\u00e5tar skriver han bara n\u00e4r han beh\u00f6ver, och det \u00e4r inte nu.<\/p>\n<p>L\u00e5ten <em>Cirkus<\/em> \u00e4r, till skillnad fr\u00e5n de andra, p\u00e5hittad. Vi kommer att tycka om den, s\u00e4ger han. Det g\u00f6r alla. Och det g\u00f6r vi. Efter pausen lovar han ber\u00e4tta sanna historier om tjejer han inte har att g\u00f6ra med l\u00e4ngre, och vad de heter i b\u00e5de f\u00f6r- och efternamn. Och det g\u00f6r han. Jag m\u00e5ste p\u00e5minna mig sj\u00e4lv om att han \u00e4r glad, egentligen. Vi f\u00e5r ocks\u00e5 exempel fr\u00e5n en musikal han skrev.<\/p>\n<p>&nbsp;<\/p>\n<p><a title=\"Gustav Berry\" href=\"https:\/\/www.flickr.com\/photos\/kultursidan\/44786113345\/in\/album-72157673050227937\/\"><img loading=\"lazy\" decoding=\"async\" src=\"https:\/\/farm5.staticflickr.com\/4886\/44786113345_25ac4a8229.jpg\" alt=\"Gustav Berry\" width=\"500\" height=\"333\" \/><\/a><br \/>\n<em>Valsant. Gustav Berry basar \u00f6ver bandet Hello Heartland.<\/em><\/p>\n<p>&nbsp;<\/p>\n<p><strong><em>Gustav Berry<\/em> representerar bandet <em>Hello Heartland<\/em>.<\/strong> Eller egentligen \u00e4r bandet hans skapelse. Han \u00e4r inte mycket f\u00f6r demokrati i band, f\u00f6rklarar han. I alla fall inte n\u00e4r det \u00e4r hans l\u00e5tar och han som sjunger. De har funnits i 15 \u00e5r. Han skriver mycket musik och det kommer en platta om \u00e5ret, men de har inte spelat ute sedan 2008.<\/p>\n<p>\u00c4ven han sjunger p\u00e5 engelska. L\u00e5ten <em>Light in a room<\/em> \u00e4r skriven med en akustisk gitarr i en stuga i vVstnorge, ber\u00e4ttar han. Han ber\u00e4ttar ocks\u00e5 att det \u00e4r den andra (vilket enligt honom \u00e4r den viktigaste) l\u00e5ten p\u00e5 plattan, och att den \u00e4r inspirerad av Disneykompsit\u00f6ren Randy Newmans l\u00e5t <em>In Germany before the war<\/em>.<\/p>\n<p><strong>Han avsl\u00f6jar att ett trick \u00e4r att dra ner tempot cirka 300% fr\u00e5n ursprungsskissen.<\/strong> \u201dNu blir det \u00e4ntligen vals\u201d, s\u00e4ger han, vilket leder till skratt fr\u00e5n n\u00e5gon i publiken. Det uppskattar han inte. Vals \u00e4r f\u00f6r honom den h\u00f6gsta konstarten, och han s\u00e4ger att han \u00e4r stolt \u00f6ver att fronta ett band som spelar s\u00e5 mycket vals. (Det \u00e4r s\u00e5 bra att det knappt h\u00f6rs att det \u00e4r vals, t\u00e4nker jag. Men det v\u00e5gar jag inte skriva.)<\/p>\n<p>Han \u00e4r ocks\u00e5 en fruktansv\u00e4rd t\u00e4vlingsm\u00e4nniska, erk\u00e4nner han. Och n\u00e4r han h\u00f6rde en l\u00e5t av Zebastian Swartz blev han helt kn\u00e4ck av hur bra den var, och gav sig fan p\u00e5 att \u00f6vertr\u00e4ffa den. Tv\u00e5 \u00e5r senare ringer Zebastian och fr\u00e5gar om han \u201df\u00e5r sno en grej om kraftledningarna\u201d, ja l\u00e5ten <em>Powerlines<\/em> allts\u00e5. Vilket leder till att de sjunger duett p\u00e5 Hello Heartlands n\u00e4sta skiva.<\/p>\n<p>&nbsp;<\/p>\n<p><a title=\"Jan Hammarlund\" href=\"https:\/\/www.flickr.com\/photos\/kultursidan\/43882456430\/in\/album-72157673050227937\/\"><img loading=\"lazy\" decoding=\"async\" src=\"https:\/\/farm2.staticflickr.com\/1977\/43882456430_4e62929efd.jpg\" alt=\"Jan Hammarlund\" width=\"500\" height=\"333\" \/><\/a><br \/>\n<em>Karri\u00e4r sedan 1972. Jan Hammarlund var L\u00e5tskrivarbarens l\u00e5ngv\u00e4ga g\u00e4st.<\/em><\/p>\n<p>&nbsp;<\/p>\n<p><strong><em>Jan Hammarlund<\/em> \u00e4r v\u00e4l \u00e4nd\u00e5 kv\u00e4llens stora stj\u00e4rna.<\/strong> Han har h\u00e5llit p\u00e5 sedan 1972 och ses som ett flaggskepp b\u00e5de inom proggen och gayr\u00f6relsen. Det \u00e4r en j\u00e4ttesp\u00e4nnande id\u00e9 att ber\u00e4tta om l\u00e5tarna, menar han, och n\u00e5got som han g\u00f6r v\u00e4ldigt lite.<\/p>\n<p>S\u00e5ngen <em>Valarna<\/em> skiljer sig fr\u00e5n det mesta han har gjort. Han brukar vilja att texterna ska vara tydliga och klara, men h\u00e4r blev det n\u00e4rmast hallucinatoriskt. Detta beroende p\u00e5 en intensiv kvinna, Elisabet, som b\u00f6rjade fasta med hj\u00e4lp av kaffe och cigaretter. Det febriga vansinnet smittade p\u00e5 n\u00e5got vis Jan. Musiken \u00e4r inspirerad av en konsert av Joni Mitchell och James Taylor, som han bara h\u00f6rt en g\u00e5ng.<\/p>\n<p><strong>Och l\u00e5ten <em>Gatsten<\/em> inspirerad av h\u00e4ndelserna (han v\u00e4grar kalla det kravallerna) i G\u00f6teborg 2001 visar hur sv\u00e5rt det \u00e4r med satir.<\/strong> Tidningarna skrev n\u00e4stan inget om de stora, fredliga demonstrationerna utan mest om stenkastarna. Texten tar tydligt st\u00e4llning f\u00f6r de f\u00f6rra, men \u00e4nd\u00e5 blir han missf\u00f6rst\u00e5dd. Melodin \u00e4r Malvina Reynolds l\u00e5t <em>Tungsten<\/em>.<\/p>\n<p>S\u00e5ngen <em>Ville<\/em> har 400.000 lyssningar p\u00e5 Spotify, och \u00e4r en f\u00f6reg\u00e5ngare som gays\u00e5ng. \u201dNi f\u00e5r t\u00e4nka er mig som ton\u00e5ring f\u00f6r 50 \u00e5r sen.\u201d Och s\u00e5 ber\u00e4ttar han utf\u00f6rligt om l\u00e5tar om Jerusalem och Franz Schubert, men l\u00e5ten <em>T\u00e4fte\u00e5<\/em> \u00e4r inte mycket att ber\u00e4tta om. Den \u00e4r sj\u00e4lvf\u00f6rklarande.<\/p>\n<p>Det \u00e4r d\u00e4remot <em>Jag vill leva i Europa<\/em> (\u201dHar ni h\u00f6rt den? Den var r\u00e4tt k\u00e4nd.\u201d), men den vill han inte spela.<\/p>\n<p>&nbsp;<\/p>\n<p><a title=\"Henrik Gr\u00fcttner och Robert Lamu\" href=\"https:\/\/www.flickr.com\/photos\/kultursidan\/45700524701\/in\/album-72157673050227937\/\"><img loading=\"lazy\" decoding=\"async\" src=\"https:\/\/farm5.staticflickr.com\/4824\/45700524701_50b530415c.jpg\" alt=\"Henrik Gr\u00fcttner och Robert Lamu\" width=\"500\" height=\"333\" \/><\/a><br \/>\n<em>Kraftverk. Henrik Gr\u00fcttner och Robert Lamu tog med effektpedalerna f\u00f6r att kunna presentera Skraeckoedlans runga rock.<\/em><\/p>\n<p>&nbsp;<\/p>\n<p><strong><em>Skraeckoedlan<\/em> har p\u00e5 n\u00e5got vis lyckats kringg\u00e5 f\u00f6rbudet att ha effektpedaler p\u00e5 L\u00e5tskrivarbaren.<\/strong> Och som! Jag r\u00e4knar till 18 stycken. F\u00f6rhoppningen att f\u00f6r f\u00f6rsta g\u00e5ngen f\u00e5 h\u00f6ra akustisk stonerrock grusas \u00e5 det gr\u00f6vsta. N\u00e5, det \u00e4r inget man s\u00f6rjer l\u00e4nge. Och det \u00e4r faktiskt avskalat. Trummisen fick stanna hemma. Och basisten slutade i v\u00e5ras. H\u00e4r f\u00e5r vi gitarristerna Henrik Gr\u00fcttner och Robert Lamu och de l\u00e5ter r\u00e4tt mycket bara de. Rentav svinh\u00f6gt.<\/p>\n<p>Nu spelar Robert b\u00e5de bas och gitarr, vilket han demonstrerar med en\u2026 effektpedal. Ibland g\u00f6r han b\u00e5da sakerna samtidigt. Bandet bildades p\u00e5 kul, ber\u00e4ttar de, n\u00e4stan som p\u00e5 sk\u00e4mt. Kan man g\u00f6ra s\u00e5n h\u00e4r musik p\u00e5 svenska? S\u00e5 kul var det att alla flyttade till Borl\u00e4nge och pluggade musik som ett band. F\u00f6rsta skivan &#8221;\u00c4ppeltr\u00e4det&#8221; kom 2010.<\/p>\n<p><strong>En l\u00e5tskrivar\u00f6vning p\u00e5 skolan var att skriva en l\u00e5t med bara ett ackord.<\/strong> Och det har l\u00e5ten <em>Talisman<\/em>. Typ. Annars utg\u00e5r de alltid fr\u00e5n ett riff, ber\u00e4ttar Robert. L\u00e5ten <em>Rokh<\/em> hade riffet 12 g\u00e5nger p\u00e5 raken i EP-versionen. Det visade sig vara lite f\u00f6r mycket av det goda, s\u00e5 den skrevs om till plattan.<\/p>\n<p>Texterna best\u00e5r av allvarliga saker som de kl\u00e4r ut till rymden, Nessie, monster och andra coola saker. Annars s\u00e5 spelade de mer \u00e4n de pratade, detta trots att de hade missf\u00f6rst\u00e5tt uppl\u00e4gget som att de bara skulle f\u00e5 spela tre l\u00e5tar.<\/p>\n<p><strong>\u00c4nnu en lysande L\u00e5tskrivarbar blev allts\u00e5 genomf\u00f6rd.<\/strong> Det \u00e4r bara synd att inte fler har uppt\u00e4ckt detta. Mer \u00e4n 25 personer i publiken \u00e4r det v\u00e4rt. Och du \u00e4r v\u00e4rd detta.<\/p>\n<p><em>\u00a9 Text och foto: Michael Strandhed<\/em><\/p>\n<blockquote>\n<h4>DYNAMO Norrk\u00f6ping<\/h4>\n<p>26 oktober 2018<br \/>\n<strong>L\u00e5tskrivarbaren<\/strong><\/p>\n<p style=\"padding-left: 30px;\">MEDVERKANDE<br \/>\nJohan Pettersson<br \/>\nHello Heartland (Gustav Berry)<br \/>\nJan Hammarlund<br \/>\nSkraeckoedlan (Henrik Gr\u00fcttner och Robert Lamu)<\/p>\n<\/blockquote>\n<p>BILDSPEL \u2013 KLICKA P\u00c5 BILDENS PILAR<\/p>\n<p><a data-flickr-embed='true' href='https:\/\/www.flickr.com\/photos\/kultursidan\/albums\/72157673050227937' title='L\u00e5tskrivarbaren 26\/10, Dynamo 2018 by Kultursidan, on Flickr'><img src='https:\/\/live.staticflickr.com\/1933\/44786132825_c8e3d5b943_z.jpg' width='800' height='600' alt='Henrik Gr\u00fcttner och Robert Lamu'><\/a><script async src='https:\/\/embedr.flickr.com\/assets\/client-code.js' charset='utf-8'><\/script><\/p>\n<p>L\u00c4NKAR<br \/>\nL\u00e5tskrivarbaren <a href=\"https:\/\/www.facebook.com\/L\u00e5tskrivarbaren-249453069237477\" target=\"_blank\" rel=\"noopener\">Facebook<\/a>\u00a0\u00a0<a href=\"https:\/\/www.facebook.com\/events\/153859212228695\/\" target=\"_blank\" rel=\"noopener\">FB-evenemang<\/a><br \/>\nHello Heartland <a href=\"https:\/\/www.facebook.com\/helloheartland\/\" target=\"_blank\" rel=\"noopener\">Facebook<\/a><br \/>\nJan Hammarlund <a href=\"http:\/\/janhammarlund.se\/\" target=\"_blank\" rel=\"noopener\">hemsida<\/a>\u00a0 <a href=\"https:\/\/www.facebook.com\/janhammarlundsofficiella\/\" target=\"_blank\" rel=\"noopener\">Facebook<\/a><br \/>\nSkraeckoedlan <a href=\"https:\/\/www.facebook.com\/SKRAECKOEDLAN\/\" target=\"_blank\" rel=\"noopener\">Facebook<\/a><br \/>\nDynamo <a href=\"https:\/\/www.facebook.com\/dynamonkpg\/\" target=\"_blank\" rel=\"noopener\">Facebook<\/a><\/p>\n","protected":false},"excerpt":{"rendered":"<p>NORRK\u00d6PING D\u00e5 var \u00e4ntligen L\u00e5tskrivarbaren, Dynamos genialiska koncept, ig\u00e5ng f\u00f6r s\u00e4songen, den andra. Som tidigare bjuds artister in f\u00f6r att tala om sin musik och spela n\u00e5gra l\u00e5tar. Tre f\u00f6re och tre efter pausen \u00e4r de tilldelade. Det blir mycket snack \u2013 men ocks\u00e5 mycket verkstad. Sj\u00e4lva tanken \u00e4r ju att belysa hantverket och tanken bakom slutresultatet. <a class=\"continue-reading-link\" href=\"https:\/\/www.kultursidan.nu\/?p=38842\">L\u00e4s mer <span class=\"meta-nav\">&rarr; <\/span><\/a><\/p>\n","protected":false},"author":1001006,"featured_media":0,"comment_status":"closed","ping_status":"open","sticky":false,"template":"","format":"standard","meta":{"_jetpack_memberships_contains_paid_content":false,"footnotes":""},"categories":[7],"tags":[13],"class_list":["post-38842","post","type-post","status-publish","format-standard","hentry","category-norrkoping","tag-musik"],"jetpack_featured_media_url":"","jetpack_sharing_enabled":true,"_links":{"self":[{"href":"https:\/\/www.kultursidan.nu\/index.php?rest_route=\/wp\/v2\/posts\/38842","targetHints":{"allow":["GET"]}}],"collection":[{"href":"https:\/\/www.kultursidan.nu\/index.php?rest_route=\/wp\/v2\/posts"}],"about":[{"href":"https:\/\/www.kultursidan.nu\/index.php?rest_route=\/wp\/v2\/types\/post"}],"author":[{"embeddable":true,"href":"https:\/\/www.kultursidan.nu\/index.php?rest_route=\/wp\/v2\/users\/1001006"}],"replies":[{"embeddable":true,"href":"https:\/\/www.kultursidan.nu\/index.php?rest_route=%2Fwp%2Fv2%2Fcomments&post=38842"}],"version-history":[{"count":4,"href":"https:\/\/www.kultursidan.nu\/index.php?rest_route=\/wp\/v2\/posts\/38842\/revisions"}],"predecessor-version":[{"id":38847,"href":"https:\/\/www.kultursidan.nu\/index.php?rest_route=\/wp\/v2\/posts\/38842\/revisions\/38847"}],"wp:attachment":[{"href":"https:\/\/www.kultursidan.nu\/index.php?rest_route=%2Fwp%2Fv2%2Fmedia&parent=38842"}],"wp:term":[{"taxonomy":"category","embeddable":true,"href":"https:\/\/www.kultursidan.nu\/index.php?rest_route=%2Fwp%2Fv2%2Fcategories&post=38842"},{"taxonomy":"post_tag","embeddable":true,"href":"https:\/\/www.kultursidan.nu\/index.php?rest_route=%2Fwp%2Fv2%2Ftags&post=38842"}],"curies":[{"name":"wp","href":"https:\/\/api.w.org\/{rel}","templated":true}]}}