{"id":38890,"date":"2018-11-06T13:40:52","date_gmt":"2018-11-06T12:40:52","guid":{"rendered":"https:\/\/intelligent-friend-7861.standoutwp.com\/?p=38890"},"modified":"2019-08-08T09:49:38","modified_gmt":"2019-08-08T08:49:38","slug":"ermias-ekube-moter-mattias-akeson","status":"publish","type":"post","link":"https:\/\/www.kultursidan.nu\/?p=38890","title":{"rendered":"Ermias Ekube m\u00f6ter Mattias \u00c5keson"},"content":{"rendered":"<p><img loading=\"lazy\" decoding=\"async\" class=\"alignnone\" src=\"https:\/\/live.staticflickr.com\/4837\/45696944762_dbfe784579.jpg\" alt=\"Ermias Ekube \u2013 Utan titel\" width=\"500\" height=\"333\" \/><br \/>\n<em>Vit kub. Perspektiv m\u00f6ts i Ermias Ekubes kol-akvarell Utan titel. Ett \u00e4gg balanserar farligt n\u00e4ra kanten.<br \/>\n<\/em><\/p>\n<p>&nbsp;<\/p>\n<h1><span style=\"color: #ff0000;\">Andn\u00f6d uppst\u00e5r \u2013 Kommunikation<\/span><\/h1>\n<p>&nbsp;<\/p>\n<p>NORRK\u00d6PING <strong>De har en vit kub gemensamt.<\/strong> Men det \u00e4r bara p\u00e5 ytan. Sahar Burhan kopplade ihop konstn\u00e4rerna Ermias Ekube och Mattias \u00c5keson. Det ledde till djuplodande utst\u00e4llningen &#8221;Inhale Exhale Push Pull&#8221; p\u00e5 Galleri Kameleont.<\/p>\n<p>&nbsp;<\/p>\n<p><img loading=\"lazy\" decoding=\"async\" class=\"alignnone\" src=\"https:\/\/live.staticflickr.com\/4871\/45696944972_e8a79221e0.jpg\" alt=\"Sahar Burhan och Mattias \u00c5keson\" width=\"500\" height=\"333\" \/><br \/>\n<em>Galleristen Sahar Burhan har bjudit in konstn\u00e4rerna Mattias \u00c5keson (bilden) och Ermias Ekube.<\/em><\/p>\n<p>&nbsp;<\/p>\n<p><strong>Enkelt f\u00f6rklarat:<\/strong> Sahar Burhan \u00e4r konstn\u00e4ren som driver f\u00f6reningen V.O.D.K.A.N.s galleri Kameleont i Norrk\u00f6ping. Hon \u00e4r \u00e4ven engagerad i Konstn\u00e4rernas Riksorganisations projekt \u201dKonsten att delta\u201d och i systerprojektet \u201dKonsten att m\u00f6tas\u201d som drivs av Sveriges konstf\u00f6reningar.<\/p>\n<p>M\u00e5let f\u00f6r alla dessa organisationer och projekt \u00e4r att f\u00e5 till st\u00e5nd m\u00f6ten \u2013 mellan konstn\u00e4rer sinsemellan och\/eller mellan konstn\u00e4rer och publik.<\/p>\n<p><strong>Ermias Ekube var nyligen aktuell i utst\u00e4llningen &#8221;En gr\u00e4nsl\u00f6s blick&#8221; p\u00e5 Norrk\u00f6pings Konstmuseum<\/strong> d\u00e4r han arbetade med portr\u00e4tt som tema. Han bor i V\u00e4stervik.<\/p>\n<p>Mattias \u00c5keson kunde ungef\u00e4r samtidigt ses i utst\u00e4llningen &#8221;Klicker Dolittle&#8221; p\u00e5 konsthallen Passagen i Link\u00f6ping, d\u00e4r han f\u00e5ngade hunddressyrens klickrespons som \u00e4ven spridits till en del skolor. Han bor i S\u00f6derk\u00f6ping.<\/p>\n<p>D\u00e4r Mattias \u00c5keson st\u00e4ller skarpt kritiska fr\u00e5gor i de \u00e4mnen han tar upp i sin konstn\u00e4rliga g\u00e4rning \u00e4r Ermias Ekubes fr\u00e5gest\u00e4llningar av ett mjukare, mer \u00f6ppet slag \u2013 &#8221;\u00e4r det m\u00f6jligt&#8221;.<\/p>\n<p>&nbsp;<\/p>\n<p><img loading=\"lazy\" decoding=\"async\" class=\"alignnone\" src=\"https:\/\/farm5.staticflickr.com\/4901\/31875495048_9ccd93791e.jpg\" alt=\"Inhale Exhale Push Pull Ermias Ekube &amp; Mattias \u00c5keson p\u00e5 Galleri Kameleont\" width=\"500\" height=\"333\" \/><br \/>\n<em>Inhale Exhale Push Pull med Ermias Ekube &amp; Mattias \u00c5keson p\u00e5 Galleri Kameleont.<\/em><\/p>\n<p>&nbsp;<\/p>\n<p><strong>\u2013 Jag hittade inget i era konstn\u00e4rskap eller s\u00e4tt att arbeta som st\u00e4mde \u00f6verens men t\u00e4nkte att ni skulle passa ihop \u00e4nd\u00e5,<\/strong> ber\u00e4ttar Sahar Burhan om sitt uppdrag i rollen som projektledare inom \u201dKonsten att delta\u201d d\u00e4r utlandsf\u00f6dda och inhemska konstn\u00e4rer tr\u00e4ffas.<\/p>\n<p>\u2013 Vi \u00e4r mentorer f\u00f6r varandra. Vi har f\u00e5tt tid att tr\u00e4ffas och utbyta id\u00e9er, s\u00e4ger Mattias \u00c5keson.<\/p>\n<p>Vid f\u00f6rsta m\u00f6tet fann Mattias \u00c5keson och Ermias Ekube att de faktiskt hade mycket gemensamt. De \u00e4r f\u00f6dda samma \u00e5r, har lika m\u00e5nga barn och \u2013 inte minst \u2013 hade likadana skor. Kunde de finna andra likheter?<\/p>\n<p><strong>\u2013 Vi b\u00f6rjade tr\u00e4ffas i v\u00e5ras.<\/strong> Sedan fr\u00e5gade Sahar om vi ville g\u00f6ra n\u00e5got ihop. F\u00f6r mig och Ermias blev det en rivstart.<\/p>\n<p>I sina samtal hade de funnit en gemensam tematik som handlar om system \u2013 &#8221;vad \u00e4r det f\u00f6r system man m\u00f6ter n\u00e4r man kommer till Sverige&#8221;. De ans\u00f6kte om att g\u00f6ra en utst\u00e4llning genom projektet \u201dKonsten att delta\u201d hos Sveriges Konstf\u00f6reningar. De fick ett positivt besked och resultatet visas i Galleri Kameleont under november.<\/p>\n<p>&nbsp;<\/p>\n<p><img loading=\"lazy\" decoding=\"async\" class=\"alignnone\" src=\"https:\/\/farm5.staticflickr.com\/4897\/45696944422_43567906c3.jpg\" alt=\"Mattias \u00c5keson \u2013 Push Pull uppl. 3\" width=\"500\" height=\"333\" \/><br \/>\n<em>Svart p\u00e5 vitt. Mattias \u00c5kesons verk Push Pull uppl. 3<\/em><\/p>\n<p>&nbsp;<\/p>\n<p><strong>De har allts\u00e5 en vit kub gemensamt.<\/strong> Men det \u00e4r bara p\u00e5 ytan. Ermias Ekubes kub hittas i en stor kolteckning, d\u00e4r perspektivlinjer fr\u00e5n h\u00f6ger och v\u00e4nster m\u00f6ts under tv\u00e5 par ben. Vit f\u00e4rg markerar m\u00f6tet, en m\u00f6jlig gemenskap. Ett \u00e4gg balanserar farligt n\u00e4ra ena kanten.<\/p>\n<p>\u2013 \u00c4gg \u00e4r en symbol f\u00f6r livet, p\u00e5pekar Ermias Ekube.<\/p>\n<p><strong>Mattias \u00c5kesons vita kub utg\u00f6rs av en h\u00f6g av tomma pappersark.<\/strong> Ovanp\u00e5 dessa har han placerat ett svart basebolltr\u00e4, det \u00e4r sm\u00e4ckert men framf\u00f6r allt tungt \u2013 precist. Frasen \u201d\u00f6verheten b\u00e4r icke sitt sv\u00e4rd f\u00f6rg\u00e4ves\u201d kommer f\u00f6r mig n\u00e4r jag ser verket <em>Push Pull.<\/em> Som s\u00e5 ofta \u00e4r \u00c5keson effektiv i sin gestaltning. Andn\u00f6d uppst\u00e5r.<\/p>\n<p>&nbsp;<\/p>\n<p><img loading=\"lazy\" decoding=\"async\" class=\"alignnone\" src=\"https:\/\/live.staticflickr.com\/1970\/44833289725_858826dd88.jpg\" alt=\"Ermias Ekube\" width=\"500\" height=\"333\" \/><br \/>\n<em>Ermias Ekube st\u00e4ller ut p\u00e5 Galleri Kameleont.<\/em><\/p>\n<p>&nbsp;<\/p>\n<p><strong><em>Inhale Exhale<\/em> (Andas in Andas ut) \u00e4r Ermias Ekubes huvudserie i utst\u00e4llningen.<\/strong> Bilder i olika tekniker (akvareller och grafik) visar den klassiska positionen i yogans och meditationens andning. Genom att fokusera p\u00e5 andningen och ett ord n\u00e5r ut\u00f6varen ett inre lugn, kommunicerar med sig sj\u00e4lv eller n\u00e5got h\u00f6gre. Ocks\u00e5 h\u00e4r \u00e4r \u00e4gget med, i den upp\u00e5tv\u00e4nda handen.<\/p>\n<p>Men bilderna \u00e4r dubbla, gestalten hukar sig \u00f6ver sin mobil. \u00c4ven h\u00e4r sker en form av kommunikation. Och\u00a0 bakgrunden till alla bilder \u00e4r fylld av datorernas ettor och nollor, jag associerar till filmen <em>Matrix.<\/em><\/p>\n<p>\u2013 Jag vill diskutera det h\u00e4r med min publik. Vad h\u00e4nder med oss i v\u00e5r tid, det \u00e4r en vanlig fr\u00e5ga som jag vill lyfta upp, s\u00e4ger Ermias Ekube som l\u00e5ter sp\u00e5ren av en v\u00e4nsterfot g\u00e5 fram och tillbaka h\u00f6gt uppe p\u00e5 v\u00e4ggen utan att komma n\u00e5gonstans.<\/p>\n<p>&nbsp;<\/p>\n<p><img loading=\"lazy\" decoding=\"async\" class=\"alignnone\" src=\"https:\/\/farm5.staticflickr.com\/4889\/45696944592_6061afdf60.jpg\" alt=\"Mattias \u00c5keson \u2013 Support och Ermias Ekube \u2013 Utan titel\" width=\"500\" height=\"333\" \/><br \/>\n<em>Mattias \u00c5kesons Support handlar enligt konstn\u00e4ren om st\u00f6d och tryck p\u00e5 samma g\u00e5ng. Ermias Ekubes m\u00e5lning Utan titel har en bitsk humor.<br \/>\n<\/em><\/p>\n<p>&nbsp;<\/p>\n<p><strong>Den moderna tekniken ger m\u00f6jligheter.<\/strong> Jag f\u00f6rst\u00e5r att Ermias Ekube inte vill g\u00f6ra det s\u00e5 enkelt som att moralisera \u00f6ver det myckna mobilanv\u00e4ndandet. Den som s\u00e5g hans uppdatering av Carl Larssons ikoniska <em>Frukost i det gr\u00f6na<\/em> p\u00e5 Konstmuseet kunde l\u00e4sa in individens makt \u00f6ver bilden av sig sj\u00e4lv som subjekt i st\u00e4llet f\u00f6r objekt.<\/p>\n<p>Men bitsk humor kan han inte l\u00e5ta bli att bjuda p\u00e5. I det stora sj\u00e4lvportr\u00e4ttet <em>Utan titel<\/em>, uppbyggt av f\u00e4rgfl\u00e4ckar likt ett landskap, h\u00e5ller han ett h\u00e5rt grepp om mobilen med t\u00e4nderna.<\/p>\n<p><em>\u00a9 Text och foto: Ann-Charlotte Sandelin<\/em><\/p>\n<p>&nbsp;<\/p>\n<p><img loading=\"lazy\" decoding=\"async\" class=\"alignnone\" src=\"https:\/\/live.staticflickr.com\/4881\/31875494748_9be111a20b.jpg\" alt=\"Mattias \u00c5keson \u2013 Whiteboard I\" width=\"500\" height=\"333\" \/><br \/>\n<em>Mattias \u00c5keson \u2013 Whiteboard I.<\/em><\/p>\n<p>&nbsp;<\/p>\n<blockquote>\n<h4>GALLERI KAMELEONT Norrk\u00f6ping<\/h4>\n<p>3\u201330 november 2018<br \/>\n<strong>Inhale Exhale Push Pull<\/strong><br \/>\n<strong>Ermias Ekube &amp; Mattias \u00c5keson<\/strong><br \/>\nM\u00e5leri och objekt<\/p>\n<p style=\"padding-left: 30px;\">3 november<br \/>\n<strong>Vernissage<br \/>\n<\/strong>Samtal mellan Samineh Asri och konstn\u00e4rerna<\/p>\n<\/blockquote>\n<p>L\u00c4NKAR<br \/>\nErmias Ekube <a href=\"https:\/\/www.ermiasekube.com\" target=\"_blank\" rel=\"noopener noreferrer\">hemsida<\/a><br \/>\nMattias \u00c5keson <a href=\"http:\/\/mattiasakeson.com\" target=\"_blank\" rel=\"noopener noreferrer\">hemsida<\/a> <a href=\"https:\/\/www.facebook.com\/events\/2036236466389239\/\" target=\"_blank\" rel=\"noopener noreferrer\">Klicker Dolittle<\/a><br \/>\nGalleri Kameleont <a href=\"http:\/\/www.gallerikameleont.com\/index.html\" target=\"_blank\" rel=\"noopener noreferrer\">hemsida<\/a> <a href=\"https:\/\/www.facebook.com\/gallerikameleont\/?fref=ts\" target=\"_blank\" rel=\"noopener noreferrer\">Facebook<\/a><br \/>\nGr\u00e4nsl\u00f6sa blickar uppdaterar konsten <a href=\"https:\/\/www.kultursidan.nu\/?p=38152\" target=\"_blank\" rel=\"noopener noreferrer\">reportage<\/a> Kultursidan.nu 17\/9 2018<br \/>\nMattias \u00c5keson p\u00e5 Sk\u00e5debanan <a href=\"https:\/\/www.kultursidan.nu\/?p=1341\" target=\"_blank\" rel=\"noopener noreferrer\">reportage<\/a> Kultursidan.nu 4\/4 2011<\/p>\n","protected":false},"excerpt":{"rendered":"<p>NORRK\u00d6PING De har en vit kub gemensamt. Men det \u00e4r bara p\u00e5 ytan. Sahar Burhan kopplade ihop konstn\u00e4rerna Ermias Ekube och Mattias \u00c5keson. Det ledde till djuplodande utst\u00e4llningen Inhale Exhale Push Pull p\u00e5 Galleri Kameleont.  <a class=\"continue-reading-link\" href=\"https:\/\/www.kultursidan.nu\/?p=38890\">L\u00e4s mer <span class=\"meta-nav\">&rarr; <\/span><\/a><\/p>\n","protected":false},"author":1001006,"featured_media":0,"comment_status":"closed","ping_status":"open","sticky":false,"template":"","format":"standard","meta":{"_jetpack_memberships_contains_paid_content":false,"footnotes":""},"categories":[7],"tags":[14],"class_list":["post-38890","post","type-post","status-publish","format-standard","hentry","category-norrkoping","tag-konst"],"jetpack_featured_media_url":"","jetpack_sharing_enabled":true,"_links":{"self":[{"href":"https:\/\/www.kultursidan.nu\/index.php?rest_route=\/wp\/v2\/posts\/38890","targetHints":{"allow":["GET"]}}],"collection":[{"href":"https:\/\/www.kultursidan.nu\/index.php?rest_route=\/wp\/v2\/posts"}],"about":[{"href":"https:\/\/www.kultursidan.nu\/index.php?rest_route=\/wp\/v2\/types\/post"}],"author":[{"embeddable":true,"href":"https:\/\/www.kultursidan.nu\/index.php?rest_route=\/wp\/v2\/users\/1001006"}],"replies":[{"embeddable":true,"href":"https:\/\/www.kultursidan.nu\/index.php?rest_route=%2Fwp%2Fv2%2Fcomments&post=38890"}],"version-history":[{"count":8,"href":"https:\/\/www.kultursidan.nu\/index.php?rest_route=\/wp\/v2\/posts\/38890\/revisions"}],"predecessor-version":[{"id":42091,"href":"https:\/\/www.kultursidan.nu\/index.php?rest_route=\/wp\/v2\/posts\/38890\/revisions\/42091"}],"wp:attachment":[{"href":"https:\/\/www.kultursidan.nu\/index.php?rest_route=%2Fwp%2Fv2%2Fmedia&parent=38890"}],"wp:term":[{"taxonomy":"category","embeddable":true,"href":"https:\/\/www.kultursidan.nu\/index.php?rest_route=%2Fwp%2Fv2%2Fcategories&post=38890"},{"taxonomy":"post_tag","embeddable":true,"href":"https:\/\/www.kultursidan.nu\/index.php?rest_route=%2Fwp%2Fv2%2Ftags&post=38890"}],"curies":[{"name":"wp","href":"https:\/\/api.w.org\/{rel}","templated":true}]}}