{"id":38904,"date":"2018-11-06T18:01:20","date_gmt":"2018-11-06T17:01:20","guid":{"rendered":"https:\/\/intelligent-friend-7861.standoutwp.com\/?p=38904"},"modified":"2019-08-08T09:38:40","modified_gmt":"2019-08-08T08:38:40","slug":"lovisa-nordstedts-foster-i-verkstad","status":"publish","type":"post","link":"https:\/\/www.kultursidan.nu\/?p=38904","title":{"rendered":"Lovisa Nordstedts foster i Verkstad"},"content":{"rendered":"<p><img loading=\"lazy\" decoding=\"async\" class=\"alignnone\" src=\"https:\/\/live.staticflickr.com\/4833\/30811771437_0ed2c6c82d.jpg\" alt=\"Lovisa Nordstedt \u2013 detalj ur En m\u00e4nsklig h\u00e5llning\" width=\"500\" height=\"333\" \/><br \/>\n<em>Omedveten. Oskyldig. Oskyddad. Med installationen En m\u00e4nsklig h\u00e5llning st\u00e4ller Lovisa Nordstedt fr\u00e5gor om milj\u00f6 och ansvar p\u00e5 Verkstad konsthall.<\/em><\/p>\n<p>&nbsp;<\/p>\n<h1><span style=\"color: #ff0000;\">&#8221;\u00d6gonen ska h\u00e5lla vakt&#8221;<\/span><\/h1>\n<p>&nbsp;<\/p>\n<p>NORRK\u00d6PING <strong>Det mest oskyldiga.<\/strong> Med installationen<em> En m\u00e4nsklig h\u00e5llning<\/em> st\u00e4ller konstn\u00e4ren Lovisa Nordstedt fr\u00e5gor om milj\u00f6 och ansvar. Hon g\u00f6r det med ett of\u00f6tt barn inom livmoderns v\u00e4ggar. S\u00e5 skyddat, \u00e4nd\u00e5 n\u00e5r milj\u00f6gifterna dit.<\/p>\n<p><strong>Ett n\u00e4stan fullg\u00e5nget foster som kryper ihop ovanp\u00e5 moderkakan.<\/strong> Navelstr\u00e4ngen slingrar som en svans mot livmoderv\u00e4ggen ena sida. Barnet \u00e4r av n\u00e4stan genomskinlig plast, lager av bred packtejp \u2013 \u201dett v\u00e4ldigt roligt material\u201d.<\/p>\n<p>Det diffusa ljuset inifr\u00e5n fostret belyser de oblekta bomullsdraperierna som skapar ett rum i rummet. I ena \u00e4nden blinkar tr\u00f6tta \u00f6gon, projicerade p\u00e5 duken. Ett ljud h\u00f6rs, ett stilla v\u00e4sande att snart v\u00e4nja sig vid. S\u00e5dan \u00e4r Lovisa Nordstedts installation <em>En m\u00e4nsklig h\u00e5llning<\/em> p\u00e5 Verkstad konsthall.<\/p>\n<p>&nbsp;<\/p>\n<p><img loading=\"lazy\" decoding=\"async\" class=\"alignnone\" src=\"https:\/\/farm5.staticflickr.com\/4809\/30811771777_65e946506b.jpg\" alt=\"Lovisa Nordstedt \u2013 En m\u00e4nsklig h\u00e5llning\" width=\"500\" height=\"333\" \/><br \/>\n<em>Fosterliv \u2013 trots att livmoderns v\u00e4ggar \u00e4r draperier i oblekt bomull.<\/em><\/p>\n<p>&nbsp;<\/p>\n<p><strong>Det \u00e4r plasten det handlar om.<\/strong> Mjukg\u00f6rare som uppt\u00e4ckts vara hormonst\u00f6rande och som dessutom tr\u00e4nger in i huden och g\u00e5r genom kroppen. N\u00e5r det Lovisas oskyldiga, omedvetna foster som inte kan v\u00e4rja sig?<\/p>\n<p>\u2013 Hur hanterar kroppen giftet? Hur sv\u00e5rt kan det vara att ta reda p\u00e5 det?, manar Lovisa Nordstedt.<\/p>\n<p>&nbsp;<\/p>\n<p><img loading=\"lazy\" decoding=\"async\" class=\"alignnone\" src=\"https:\/\/live.staticflickr.com\/1901\/45701377142_7d078f43fb.jpg\" alt=\"Lovisa Nordstedt \u2013 detalj ur En m\u00e4nsklig h\u00e5llning\" width=\"500\" height=\"333\" \/><br \/>\n<em>Tr\u00f6tta \u00f6gon. Vi klarar inte vakth\u00e5llningen.<br \/>\n<\/em><\/p>\n<p>&nbsp;<\/p>\n<p><strong>\u2013 \u00d6gonen ska h\u00e5lla vakt, men de \u00e4r gamla och tr\u00f6tta,<\/strong> s\u00e4ger Lovisa om \u00f6gonparet som ser blickar in och har gjorts extra gamla genom \u00e4nnu en tejpad platta som h\u00e4nger mellan projektor och duk.<\/p>\n<p><strong>Titeln <em>En m\u00e4nsklig h\u00e5llning<\/em> \u00e4r ett uttryck valt med omsorg<\/strong>. Fr\u00e5n fostrets kroppsst\u00e4llning till hur samh\u00e4llet, konsumenter s\u00e5v\u00e4l som producenter, som bortser fr\u00e5n fakta om milj\u00f6n. Men ocks\u00e5 hur r\u00e4dda m\u00e4nniskor kurar ihop sig i fosterst\u00e4llning f\u00f6r att skydda sig mot det obehagliga i st\u00e4llet f\u00f6r att agera.<\/p>\n<p>\u2013 Vi beh\u00f6ver reflektera mer. Jag \u00e4r engagerad i milj\u00f6fr\u00e5gan. Hur kan m\u00e4nniskor v\u00e4lja att skita i saker n\u00e4r det \u00e4r s\u00e5 illa?, s\u00e4ger Lovisa som inte flugit p\u00e5 sex \u00e5r.<\/p>\n<p>&nbsp;<\/p>\n<p><img loading=\"lazy\" decoding=\"async\" class=\"alignnone\" src=\"https:\/\/farm2.staticflickr.com\/1911\/30811771447_defa1689d2.jpg\" alt=\"Lovisa Nordstedt st\u00e4ller ut p\u00e5 Verkstad konsthall\" width=\"500\" height=\"333\" \/><br \/>\n<em>Lovisa Nordstedt har \u00e5terv\u00e4nt till uppv\u00e4xtens Motala efter konststudierna i Holland.<\/em><\/p>\n<p>&nbsp;<\/p>\n<p><strong>Lovisa Nordstedt \u00e4r utbildad p\u00e5 Kungliga Konsth\u00f6gskolan i Haag i Holland<\/strong> men bor och verkar utanf\u00f6r Motala, d\u00e4r hon tagit \u00f6ver barndomshemmet.<\/p>\n<p>\u2013 Det \u00e4r kul att se andra platser men kul att se det som \u00e4r i n\u00e4rheten. Livet \u00e4r vad man g\u00f6r det till \u2013 det \u00e4r lika sp\u00e4nnande att ta ansvar och f\u00f6rs\u00f6ka f\u00f6r\u00e4ndra som det \u00e4r att resa.<\/p>\n<p><strong>Konstn\u00e4ren menar att hon \u00e4nd\u00e5 inte \u00e4r lika tydlig i sin samh\u00e4llskritik i detta verk<\/strong> som n\u00e4r hon f\u00f6r n\u00e5gra \u00e5r sedan gjorde en isbj\u00f6rn och en valross i samma material. Faktiskt s\u00e5 har hon \u00e5teranv\u00e4nt valrossens kropp till skulpturen och lagt p\u00e5 ytterligare ett lager.<\/p>\n<p>\u2013 Det \u00e4r mer \u00f6ppet f\u00f6r bes\u00f6karens s\u00e4tt att se.<\/p>\n<p><em>\u00a9 Text och foto: Ann-Charlotte Sandelin<\/em><\/p>\n<p>&nbsp;<\/p>\n<p><img loading=\"lazy\" decoding=\"async\" class=\"alignnone\" src=\"https:\/\/live.staticflickr.com\/4914\/30811771067_643ec2bdd0.jpg\" alt=\"Lovisa Nordstedt \u2013 detalj ur En m\u00e4nsklig h\u00e5llning\" width=\"500\" height=\"333\" \/><br \/>\n<em>Genomlysning av sv\u00e5ra fr\u00e5gor.<\/em><\/p>\n<p>&nbsp;<\/p>\n<blockquote>\n<h4>VERKSTAD KONSTHALL, HALLARNA Norrk\u00f6ping<\/h4>\n<p>10 november\u20131 december 2018<br \/>\n<strong>Lovisa Nordstedt<\/strong><br \/>\n<strong>En m\u00e4nsklig h\u00e5llning<\/strong><br \/>\nInstallation<br \/>\nLjud, skulptur och videoprojektioner<\/p><\/blockquote>\n<p>L\u00c4NKAR<br \/>\nLovisa Nordtstedt <a href=\"http:\/\/www.lovisanordstedt.com\" target=\"_blank\" rel=\"noopener noreferrer\">hemsida<\/a> Facebook<br \/>\nVerkstad <a href=\"http:\/\/verkstadkonst.se\" target=\"_blank\" rel=\"noopener noreferrer\">hemsida<\/a> <a href=\"https:\/\/www.facebook.com\/verkstadkonsthall\/?fref=ts\" target=\"_blank\" rel=\"noopener noreferrer\">Facebook<\/a> <a href=\"https:\/\/www.facebook.com\/events\/185105299089489\/\" target=\"_blank\" rel=\"noopener noreferrer\">FB-evenemang<\/a><\/p>\n","protected":false},"excerpt":{"rendered":"<p>NORRK\u00d6PING Det mest oskyldiga. Med installationen En m\u00e4nsklig h\u00e5llning st\u00e4ller konstn\u00e4ren Lovisa Nordstedt fr\u00e5gor om milj\u00f6 och ansvar. Hon g\u00f6r det med ett of\u00f6tt barn inom livmoderns v\u00e4ggar. S\u00e5 skyddat, \u00e4nd\u00e5 n\u00e5r milj\u00f6gifterna dit.  <a class=\"continue-reading-link\" href=\"https:\/\/www.kultursidan.nu\/?p=38904\">L\u00e4s mer <span class=\"meta-nav\">&rarr; <\/span><\/a><\/p>\n","protected":false},"author":1001006,"featured_media":0,"comment_status":"closed","ping_status":"open","sticky":false,"template":"","format":"standard","meta":{"_jetpack_memberships_contains_paid_content":false,"footnotes":""},"categories":[7],"tags":[14,47],"class_list":["post-38904","post","type-post","status-publish","format-standard","hentry","category-norrkoping","tag-konst","tag-utstallning"],"jetpack_featured_media_url":"","jetpack_sharing_enabled":true,"_links":{"self":[{"href":"https:\/\/www.kultursidan.nu\/index.php?rest_route=\/wp\/v2\/posts\/38904","targetHints":{"allow":["GET"]}}],"collection":[{"href":"https:\/\/www.kultursidan.nu\/index.php?rest_route=\/wp\/v2\/posts"}],"about":[{"href":"https:\/\/www.kultursidan.nu\/index.php?rest_route=\/wp\/v2\/types\/post"}],"author":[{"embeddable":true,"href":"https:\/\/www.kultursidan.nu\/index.php?rest_route=\/wp\/v2\/users\/1001006"}],"replies":[{"embeddable":true,"href":"https:\/\/www.kultursidan.nu\/index.php?rest_route=%2Fwp%2Fv2%2Fcomments&post=38904"}],"version-history":[{"count":6,"href":"https:\/\/www.kultursidan.nu\/index.php?rest_route=\/wp\/v2\/posts\/38904\/revisions"}],"predecessor-version":[{"id":42090,"href":"https:\/\/www.kultursidan.nu\/index.php?rest_route=\/wp\/v2\/posts\/38904\/revisions\/42090"}],"wp:attachment":[{"href":"https:\/\/www.kultursidan.nu\/index.php?rest_route=%2Fwp%2Fv2%2Fmedia&parent=38904"}],"wp:term":[{"taxonomy":"category","embeddable":true,"href":"https:\/\/www.kultursidan.nu\/index.php?rest_route=%2Fwp%2Fv2%2Fcategories&post=38904"},{"taxonomy":"post_tag","embeddable":true,"href":"https:\/\/www.kultursidan.nu\/index.php?rest_route=%2Fwp%2Fv2%2Ftags&post=38904"}],"curies":[{"name":"wp","href":"https:\/\/api.w.org\/{rel}","templated":true}]}}