{"id":38964,"date":"2018-11-11T11:08:26","date_gmt":"2018-11-11T10:08:26","guid":{"rendered":"https:\/\/intelligent-friend-7861.standoutwp.com\/?p=38964"},"modified":"2019-07-22T10:49:33","modified_gmt":"2019-07-22T09:49:33","slug":"jonis-musik-gjorde-gycklaren-storre","status":"publish","type":"post","link":"https:\/\/www.kultursidan.nu\/?p=38964","title":{"rendered":"Jonis musik gjorde Gycklaren st\u00f6rre"},"content":{"rendered":"<p><img loading=\"lazy\" decoding=\"async\" class=\"alignnone\" src=\"https:\/\/live.staticflickr.com\/4831\/45824373451_8165894e76.jpg\" alt=\"Karin Oscarsson som Joni Mitchell\" width=\"500\" height=\"233\" \/><br \/>\n<em>Smart. Karin Oscarsson gestaltar \u00e4nnu en ikon i enkvinnasf\u00f6rest\u00e4llningen Joni.<\/em><\/p>\n<p>&nbsp;<\/p>\n<h1><span style=\"color: #ff0000;\">Kretsar kring bortadopterad dotter<\/span><\/h1>\n<p>&nbsp;<\/p>\n<p>RECENSION\/NORRK\u00d6PING <strong>I onsdags fyllde hon 75 \u00e5r, den kanadensisk-amerikanska singer-songwritern Joni Mitchell.<\/strong> \u00d6stg\u00f6tateatern ordnade soppteater till hennes \u00e4ra \u2013 men egentligen kanske man hade kunnat kalla det f\u00f6r \u201dsoppkonsert\u201d.<\/p>\n<p>Inf\u00f6r torsdagens f\u00f6rest\u00e4llning ser jag fram emot att l\u00e4ra mig mer om Joni Mitchell, men \u00d6stg\u00f6tateaterns <em>Joni<\/em> ger mer pusselbitar och glimtar ur hennes liv i ett potpurri av musik \u00e4n en kronologisk livsber\u00e4ttelse.<\/p>\n<p><strong>Publiken tr\u00e4ngs i det sluts\u00e5lda Caf\u00e9 Gycklaren.<\/strong> N\u00e5gon flyttar sin stol fr\u00e5n bordet f\u00f6r att se b\u00e4ttre \u2013 och egentligen k\u00e4nns scenen alldeles f\u00f6r liten f\u00f6r huvudrollsinnehavaren. N\u00e4r Karin Oscarsson b\u00f6rjar sjunga tappar publiken uppenbart andan, och jag sl\u00e5s av att redan ha gl\u00f6mt vilken fantastisk och stor s\u00e5ngr\u00f6st hon har.<\/p>\n<p>Det h\u00f6rde vi ju faktiskt redan i v\u00e5rens musikal <em>Camera<\/em> d\u00e4r hon spelade Ingrid Bergman, och under artistnamnet Corinne har hon b\u00e5de sl\u00e4ppt tv\u00e5 full\u00e4ngdsalbum och turnerat i Asien.<\/p>\n<p><strong>Musikern Pelle Lindh h\u00e5ller sig i bakgrunden, men \u00e4r n\u00e4rvarande p\u00e5 scenen hela tiden<\/strong> som ett perfekt ackompanjemang att b\u00e5de luta sig musikaliskt mot och bolla miner \u00e5t. Med ett f\u00e5tal repliker g\u00f6r han en kort, men viktig insats.<\/p>\n<p>Till stor del b\u00e4r Karin Oscarsson f\u00f6rest\u00e4llningen p\u00e5 egen hand \u2013 och hon g\u00f6r det med en v\u00e4rdighet och energi som f\u00e5r rummet att k\u00e4nnas s\u00e5 mycket st\u00f6rre.<\/p>\n<p><strong>\u2028\u2028\u2013 F\u00f6rsta g\u00e5ngen jag r\u00f6kte en cigarett k\u00e4nde jag mig\u2026 smart.<\/strong> S\u00e5 sedan dess har jag varit r\u00f6kare, s\u00e4ger teaterns Joni.<\/p>\n<p>Emellan l\u00e5tarna bl\u00e5ser hon kaxigt ut r\u00f6k ur munnen, m\u00e5lar tavlor och f\u00f6rsvarar sina livsval. I f\u00f6rsta hand \u00e4r hon m\u00e5lare. Musiken kommer sedan, men \u00e4r b\u00e4rande i <em>Joni<\/em>.<\/p>\n<p>&nbsp;<\/p>\n<p><img loading=\"lazy\" decoding=\"async\" class=\"alignnone\" src=\"https:\/\/farm5.staticflickr.com\/4870\/45824373421_bb0df900a7.jpg\" alt=\"Karin Oscarsson som Joni Mitchell\" width=\"500\" height=\"233\" \/><br \/>\n<em>S\u00e5rbar. Framg\u00e5ngarna st\u00e4lls mot misslyckanden och g\u00f6r f\u00f6rest\u00e4llningen till ett st\u00f6rre portr\u00e4tt.<\/em><\/p>\n<p>&nbsp;<\/p>\n<p><strong>Den h\u00f6ga energiniv\u00e5n \u00e4r imponerande, men ocks\u00e5 lite st\u00f6rre och mer temperamentsfull \u00e4n mitt tidigare intryck av den verkliga Joni Mitchell.<\/strong> Henne har jag en mer f\u00f6rsynt bild av, trots att hon kallats stilbildande f\u00f6r en hel generation och tidsepok. Hennes album &#8221;Blue&#8221; (1971) har rankats som det 30:e b\u00e4sta genom tiderna, och i en intervju med musiktidningen <em>Rolling Stone<\/em> ska hon ha sagt:<\/p>\n<p>&#8221;Vid den tiden i livet saknade jag personliga sp\u00e4rrar. Jag k\u00e4nde mig som cellofanet runt ett cigarettpaket. Jag k\u00e4nde det som om jag saknade hemligheter f\u00f6r v\u00e4rlden och att jag inte f\u00f6rm\u00e5dde l\u00e5tsas vara stark.&#8221;<\/p>\n<p><strong>Denna s\u00e5rbarhet f\u00e5r f\u00f6rest\u00e4llningen fram s\u00e4rskilt genom att kretsa kring den bortadopterade dottern som Joni Mitchell aldrig gl\u00f6mde.<\/strong> Misslyckanden \u00e4r allm\u00e4nt ett \u00e5terkommande inslag, mitt i gestaltningen av de stora framg\u00e5ngarna som finurligt ramas in av str\u00e5lkastare och ljudeffekter fr\u00e5n en arena i extas. Ensamheten verkar dock aldrig l\u00e4mna Joni helt \u2013 eller \u00e4r det livets egen mysticism?<\/p>\n<p><em>Both sides now<\/em> blir en given final som avslutar med fanan h\u00f6gt. Och f\u00f6rmodligen ger \u00d6stg\u00f6tateatern f\u00f6rest\u00e4llningen fler g\u00e5nger fram\u00f6ver, tack vare det stora intresset.<\/p>\n<p><em>\u00a9 Text: Melinda Reyes Hiltunen<\/em><br \/>\n<em>\u2028\u00a9 Pressfoto: Peter Holgersson f\u00f6r \u00d6stg\u00f6tateatern<\/em><\/p>\n<blockquote>\n<h4>CAF\u00c9 GYCKLAREN, STORA TEATERN Norrk\u00f6ping<\/h4>\n<p>8 november 2018<\/p>\n<h4>FOAJ\u00c9N STORA TEATERN Link\u00f6ping<\/h4>\n<p>9 november 2018<\/p>\n<p><strong>Joni<\/strong><br \/>\nAv och med:\u00a0Karin Oscarsson<br \/>\nRegist\u00f6d: Johan Huldt<br \/>\nMusiker: Pelle Lindh<br \/>\nMask: Lena Stranger Weinar<br \/>\nRekvisita: Britt-Marie Wettergren<br \/>\nKostym: Lena Victor<br \/>\nLjudteknik: Bj\u00f6rn Andersson och Kent Tollander<\/p>\n<h4>\u00d6STG\u00d6TATEATERN<\/h4>\n<p>Spel\u00e5ret 2018\u20132019<\/p>\n<p>STORA TEATERN \u2013 STORA SCENEN<\/p>\n<p style=\"padding-left: 30px;\"><strong>Epif\u00f3nima\u2028<\/strong><br \/>\nCirkus Cirk\u00f6r<\/p>\n<p style=\"padding-left: 30px;\">Norrk\u00f6ping 7\u201316 september 2018<\/p>\n<p style=\"padding-left: 30px;\">Med <strong>Kvinnornas festival<\/strong> 27 augusti\u201316 september<\/p>\n<p style=\"padding-left: 30px;\">Link\u00f6ping 24 maj\u20132 juni 2019<\/p>\n<p style=\"padding-left: 30px;\"><strong>I v\u00e4ntan p\u00e5 Godot<\/strong><br \/>\nav Samuel Becket<\/p>\n<p style=\"padding-left: 30px;\">Link\u00f6ping 21 september\u20131 november<br \/>\nNorrk\u00f6ping 24 november\u201315 december<\/p>\n<p style=\"padding-left: 30px;\"><strong>Lupinerna<\/strong><br \/>\nav Monica Wilderoth<\/p>\n<p style=\"padding-left: 30px;\">Norrk\u00f6ping 13 oktober\u20133 november<br \/>\nLink\u00f6ping 16 november\u201321 december<\/p>\n<p style=\"padding-left: 30px;\"><strong>Galleri 6<\/strong><br \/>\nav Paula McManus<\/p>\n<p style=\"padding-left: 30px;\">Link\u00f6ping 25 januari\u20132 mars 2019<br \/>\nNorrk\u00f6ping 30 mars\u201328 april 2019<\/p>\n<p style=\"padding-left: 30px;\"><strong>Rocky Horror Show<\/strong><br \/>\nGlamrock\/skr\u00e4ckmusikal<\/p>\n<p style=\"padding-left: 30px;\">Norrk\u00f6ping 2 februari \u2013 3 mars 2019<br \/>\nLink\u00f6ping 29 mars \u2013 18 maj 2019<\/p>\n<p>\u00d6VRIGT<\/p>\n<p style=\"padding-left: 30px;\"><strong>Cirkusslottet<\/strong><\/p>\n<p style=\"padding-left: 30px;\">Nycirkusfestival i Finsp\u00e5ng 10\u201319 augusti<\/p>\n<p style=\"padding-left: 30px;\"><strong>Inget kalas utan knas<\/strong><\/p>\n<p style=\"padding-left: 30px;\">Nycirkusturn\u00e9 i l\u00e4net 4 augusti\u201329 september<\/p>\n<p style=\"padding-left: 30px;\"><strong>Kulturnatten<\/strong><\/p>\n<p style=\"padding-left: 30px;\">Norrk\u00f6ping 29 september<\/p>\n<p style=\"padding-left: 30px;\"><strong>Det bl\u00e5 pianot<\/strong> \u2013 Romaniches caf\u00e9<\/p>\n<p style=\"padding-left: 30px;\">Norrk\u00f6ping 28 september\u20137 oktober, 15\u201318 november<br \/>\nLink\u00f6ping 7\u201314 november<\/p>\n<p style=\"padding-left: 30px;\"><strong>De gifta p\u00e5 Eiffeltornet<\/strong><br \/>\nEn happening med Norrk\u00f6pings Symfoniorkester samt sk\u00e5despelare och cirkusartister fr\u00e5n \u00d6stg\u00f6tateatern<\/p>\n<p style=\"padding-left: 30px;\">Norrk\u00f6ping, De Geerhallen, 27 okt<\/p>\n<p style=\"padding-left: 30px;\"><strong>Joni<\/strong><br \/>\nOm Joni Mitchell med Karin Oscarsson<\/p>\n<p style=\"padding-left: 30px;\">Norrk\u00f6ping 8 november<br \/>\nLink\u00f6ping 9 november<\/p>\n<p style=\"padding-left: 30px;\"><strong>En baron III<\/strong><br \/>\nOm Povel Ramel med Sven Angeflod<\/p>\n<p style=\"padding-left: 30px;\">Norrk\u00f6ping 29 november<br \/>\nLink\u00f6ping 30 november och 7 december<\/p>\n<\/blockquote>\n<p>L\u00c4NKAR<br \/>\nKarin Oscarsson <a href=\"http:\/\/www.ostgotateatern.se\/om-ostgotateatern\/medarbetare\/karin-oscarsson\" target=\"_blank\" rel=\"noopener noreferrer\">info<\/a><br \/>\nJoni Mitchell i Rolling Stone <a href=\"http:\/\/www.theuncool.com\/journalism\/rs296-joni-mitchell\/\" target=\"_blank\" rel=\"noopener noreferrer\">intervju<\/a><br \/>\n\u00d6stg\u00f6tateatern <a href=\"http:\/\/www.ostgotateatern.se\" target=\"_blank\" rel=\"noopener noreferrer\">hemsida<\/a> <a href=\"https:\/\/www.facebook.com\/ostgotateatern?fref=ts\" target=\"_blank\" rel=\"noopener noreferrer\">Facebook<\/a><br \/>\nDe gifta p\u00e5 Eiffeltornet v\u00e5gat spektakel <a href=\"https:\/\/www.kultursidan.nu\/?p=38775\" target=\"_blank\" rel=\"noopener noreferrer\">recension<\/a> Kultursidan.nu 30\/10 2018<br \/>\nHappening med De gifta p\u00e5 Eiffeltornet <a href=\"https:\/\/www.kultursidan.nu\/?p=38726\" target=\"_blank\" rel=\"noopener noreferrer\">reportage<\/a> Kultursidan.nu 26\/10 2018<br \/>\nLupinerna h\u00f6jer tystade kvinnors r\u00f6ster <a href=\"https:\/\/www.kultursidan.nu\/?p=38584\" target=\"_blank\" rel=\"noopener noreferrer\">recension<\/a> Kultursidan.nu 16\/10 2018<br \/>\nUrpremi\u00e4r f\u00f6r \u00d6stg\u00f6tateatern Lupinerna <a href=\"https:\/\/www.kultursidan.nu\/?p=38499\" target=\"_blank\" rel=\"noopener noreferrer\">reportage<\/a> Kultursidan.nu 12\/10 2018<br \/>\nMedryckande bl\u00e5tt piano i Gycklaren <a href=\"https:\/\/www.kultursidan.nu\/?p=38374\" target=\"_blank\" rel=\"noopener noreferrer\">recension<\/a> Kultursidan.nu 4\/10 2018<br \/>\nDet bl\u00e5 pianot spelar upp f\u00f6r en ny v\u00e4rld <a href=\"https:\/\/www.kultursidan.nu\/?p=38235\" target=\"_blank\" rel=\"noopener noreferrer\">reportage<\/a> Kultursidan.nu 24\/9 2018<br \/>\nEpif\u00f3nima lyfter kvinnligheten h\u00f6gt <a href=\"https:\/\/www.kultursidan.nu\/?p=38091\" target=\"_blank\" rel=\"noopener noreferrer\">recension<\/a> Kultursidan.nu 11\/9 2018<br \/>\nNils Poletti: Bra teater lockar publiken <a href=\"https:\/\/www.kultursidan.nu\/?p=37553\" target=\"_blank\" rel=\"noopener noreferrer\">reportage<\/a> Kultursidan.nu 5\/8 2018<br \/>\nF\u00f6dd i en Camera p\u00e5 \u00d6stg\u00f6tateatern <a href=\"https:\/\/www.kultursidan.nu\/?p=36257\" target=\"_blank\" rel=\"noopener noreferrer\">recension<\/a> Kultursidan.nu 6\/5 2018<br \/>\nMusikalia minns och dissekerar <a href=\"https:\/\/www.kultursidan.nu\/?p=14369\" target=\"_blank\" rel=\"noopener noreferrer\">recension<\/a> Kultursidan.nu 21\/3 2014<\/p>\n","protected":false},"excerpt":{"rendered":"<p>RECENSION\/NORRK\u00d6PING I onsdags fyllde hon 75 \u00e5r, den kanadensisk-amerikanska singer-songwritern Joni Mitchell. \u00d6stg\u00f6tateatern ordnade soppteater till hennes \u00e4ra \u2013 men egentligen kanske man hade kunnat kalla det f\u00f6r \u201dsoppkonsert\u201d.\u2028 <a class=\"continue-reading-link\" href=\"https:\/\/www.kultursidan.nu\/?p=38964\">L\u00e4s mer <span class=\"meta-nav\">&rarr; <\/span><\/a><\/p>\n","protected":false},"author":1001006,"featured_media":0,"comment_status":"closed","ping_status":"open","sticky":false,"template":"","format":"standard","meta":{"_jetpack_memberships_contains_paid_content":false,"footnotes":""},"categories":[55,7],"tags":[13,12],"class_list":["post-38964","post","type-post","status-publish","format-standard","hentry","category-linkoping","category-norrkoping","tag-musik","tag-teater"],"jetpack_featured_media_url":"","jetpack_sharing_enabled":true,"_links":{"self":[{"href":"https:\/\/www.kultursidan.nu\/index.php?rest_route=\/wp\/v2\/posts\/38964","targetHints":{"allow":["GET"]}}],"collection":[{"href":"https:\/\/www.kultursidan.nu\/index.php?rest_route=\/wp\/v2\/posts"}],"about":[{"href":"https:\/\/www.kultursidan.nu\/index.php?rest_route=\/wp\/v2\/types\/post"}],"author":[{"embeddable":true,"href":"https:\/\/www.kultursidan.nu\/index.php?rest_route=\/wp\/v2\/users\/1001006"}],"replies":[{"embeddable":true,"href":"https:\/\/www.kultursidan.nu\/index.php?rest_route=%2Fwp%2Fv2%2Fcomments&post=38964"}],"version-history":[{"count":3,"href":"https:\/\/www.kultursidan.nu\/index.php?rest_route=\/wp\/v2\/posts\/38964\/revisions"}],"predecessor-version":[{"id":42061,"href":"https:\/\/www.kultursidan.nu\/index.php?rest_route=\/wp\/v2\/posts\/38964\/revisions\/42061"}],"wp:attachment":[{"href":"https:\/\/www.kultursidan.nu\/index.php?rest_route=%2Fwp%2Fv2%2Fmedia&parent=38964"}],"wp:term":[{"taxonomy":"category","embeddable":true,"href":"https:\/\/www.kultursidan.nu\/index.php?rest_route=%2Fwp%2Fv2%2Fcategories&post=38964"},{"taxonomy":"post_tag","embeddable":true,"href":"https:\/\/www.kultursidan.nu\/index.php?rest_route=%2Fwp%2Fv2%2Ftags&post=38964"}],"curies":[{"name":"wp","href":"https:\/\/api.w.org\/{rel}","templated":true}]}}