{"id":39113,"date":"2018-11-20T10:57:42","date_gmt":"2018-11-20T09:57:42","guid":{"rendered":"https:\/\/intelligent-friend-7861.standoutwp.com\/?p=39113"},"modified":"2019-07-21T13:32:04","modified_gmt":"2019-07-21T12:32:04","slug":"dynamiskt-och-lysande-med-son","status":"publish","type":"post","link":"https:\/\/www.kultursidan.nu\/?p=39113","title":{"rendered":"Dynamiskt och lysande med SON"},"content":{"rendered":"<p><img loading=\"lazy\" decoding=\"async\" class=\"alignnone\" src=\"https:\/\/live.staticflickr.com\/4905\/45054912475_c7acde10f3.jpg\" alt=\"Johan Dalene och Daniel Blendulf med Norrk\u00f6pings Symfoniorkester\" width=\"500\" height=\"333\" \/><br \/>\n<em>Flygande. Johan Dalene och Daniel Blendulf levererade en dynamisk violinkonsert tillsammans med Norrk\u00f6pings Symfoniorkester i l\u00f6rdags.<\/em><\/p>\n<p>&nbsp;<\/p>\n<h1><span style=\"color: #ff0000;\">Teknisk briljans med djup<\/span><\/h1>\n<p>&nbsp;<\/p>\n<p>RECENSION\/ NORRK\u00d6PING <strong>Modernt. Luftigt. Briljans. Gripande.<\/strong> L\u00f6rdagens konsert med Norrk\u00f6pings symfoniorkester f\u00e5r idel lovord. Bidrog gjorde dynamiske dirigenten Daniel Blendulf och Norrk\u00f6pings unge stj\u00e4rnviolinist Johan Dalene.<\/p>\n<p>&nbsp;<\/p>\n<p><img loading=\"lazy\" decoding=\"async\" class=\"alignnone\" src=\"https:\/\/farm5.staticflickr.com\/4848\/45054913015_3f201451e6.jpg\" alt=\"Mats Larsson Gothe och Daniel Blendulf med Norrk\u00f6pings Symfoniorkester\" width=\"500\" height=\"333\" \/><br \/>\n<em>Livs levande. Tons\u00e4ttaren Mats Larsson Gothe kom upp p\u00e5 scenen efter att SON framf\u00f6rt hans stycke The Apotheosis of the Dance. Bakom ses dirigenten Daniel Blendulf.<\/em><\/p>\n<p>&nbsp;<\/p>\n<p><strong>Mats Larsson Gothe har gjort en sorts nyklassicistisk pastisch i Stravinskyanda p\u00e5 Beethovens sjua, kanske dennes fr\u00e4msta symfoni \u2013 han l\u00e4r ha tyckt det sj\u00e4lv.<\/strong> N\u00e5gra rena citat omv\u00e4xlar med den nutida komposit\u00f6rens n\u00e5got brutala tonspr\u00e5k, ibland neoklassicistiskt, ibland modernt operam\u00e4ssigt. \u201dDansens f\u00f6rh\u00e4rligande\u201d var Wagners smeknamn p\u00e5 symfonin, han \u00e4r nu i bl\u00e5sv\u00e4der igen som ett alltf\u00f6r tidsbundet barn av nationalismens 1800-tal, men Beethoven kunde han och kallade \u201dGud\u201d, mer om den senare nedan.<\/p>\n<p><strong>Thorvaldsdottirs \u201dAerality\u201d \u00e4r en luftig installation om den isl\u00e4ndska naturen, som envar som sett den aldrig gl\u00f6mmer och h\u00e4r h\u00f6r vi gejsrar och lavar med stora vyer.<\/strong> Hon anv\u00e4nder g\u00e4rna kvartstonsintervall och tonkluster, som en massa av ljud som ibland ska illustrera \u00e5skan p\u00e5 Island.<\/p>\n<p>&nbsp;<\/p>\n<p><img loading=\"lazy\" decoding=\"async\" class=\"alignnone\" src=\"https:\/\/farm5.staticflickr.com\/4882\/32096021148_67736b881e.jpg\" alt=\"Johan Dalene med Norrk\u00f6pings Symfoniorkester\" width=\"500\" height=\"333\" \/><br \/>\n<em>Djup. Barbers violinkonsert rymmer \u00e4ven mer innerliga partier. Det blev st\u00e5ende ovationer av en h\u00e4nf\u00f6rd publik.<\/em><\/p>\n<p>&nbsp;<\/p>\n<p><strong>Johan Dalene \u00e4r \u00e5rets Artist in Residence hos Symfoniorkestern och har redan spelat en kammarkonsert under h\u00f6sten \u2013 mer kommer fram\u00f6ver. <\/strong>Johan \u00e4r redan en ganska mogen violinist med teknisk briljans men ocks\u00e5 med visst djup i tolkningarna, \u00e4ven om orkestern ibland dr\u00e4nkte honom. Det var dock kv\u00e4llens enda misstag fr\u00e5n orkestern, eller snarare dirigenten Daniel Blendulf, som annars var lysande.<\/p>\n<p>Amerikanske tons\u00e4ttaren Samuel Barber var f\u00f6rst\u00e5s som de flesta modernist p\u00e5 1930-40-talen, men han var ocks\u00e5 en romantiker i det lilla \u2013 som Wagner anv\u00e4nds en \u201do\u00e4ndlig melodi\u201d \u2013 och melodramatisk kunde han vara ocks\u00e5. \u00c4nd\u00e5 \u00e4r musiken burdus, r\u00e4ttfram och f\u00f6ga sentimental.<\/p>\n<p>&nbsp;<\/p>\n<p><img loading=\"lazy\" decoding=\"async\" class=\"alignnone\" src=\"https:\/\/farm5.staticflickr.com\/4863\/45054913485_d184e55cdc.jpg\" alt=\"Daniel Blendulf med Norrk\u00f6pings Symfoniorkester\" width=\"500\" height=\"333\" \/><br \/>\n<em>Yes! D\u00e4r satt den. Daniel Blendulf \u00e4r distinkt och tydlig och har \u00e4ven tidigare dirigerat Norrk\u00f6pings Symfoniorkester.<\/em><\/p>\n<p>&nbsp;<\/p>\n<p><strong>Det \u00e4r inte s\u00e5 ofta man h\u00f6r Beethovens sjunde symfoni.<\/strong> Den andra satsen \u2013 en ovanligt snabb sorgmarsch \u2013 \u00e4r n\u00e5got av det b\u00e4sta som n\u00e5gonsin skrivits och dirigenten valde ganska snabba tempi, i en symfoni som redan \u00e4r snabb och dansant.<\/p>\n<p>Den tragiska andra satsen \u2013 som Beethoven skrev n\u00e4r d\u00f6vheten b\u00f6rjade bli n\u00e4stan total \u2013 blev \u00e4nnu mer gripande n\u00e4r tempot var uppdrivet utan att vara f\u00f6r hastigt. Det h\u00e4r var faktiskt en av de b\u00e4sta versioner jag h\u00f6rt av \u201dsjuan\u201d och den lilla, \u201dklassiska\u201d orkestern l\u00e4t riktigt distinkt och sonort.<\/p>\n<p><em>\u00a9 Text: Lars Henriksson<br \/>\n\u00a9 Foto: Ann-Charlotte Sandelin<\/em><\/p>\n<p>&nbsp;<\/p>\n<p><img loading=\"lazy\" decoding=\"async\" class=\"alignnone\" src=\"https:\/\/live.staticflickr.com\/4897\/45054912255_9ab463cbff.jpg\" alt=\"Johan Dalene lyssnade in medmusikanterna i SON mellan sina egna insatser\" width=\"500\" height=\"333\" \/><br \/>\n<em>Johan Dalene lyssnade in medmusikanterna i SON mellan sina egna insatser.<\/em><\/p>\n<p>&nbsp;<\/p>\n<blockquote>\n<h4>DE GEERHALLEN Norrk\u00f6ping<\/h4>\n<p>17 november 2018<br \/>\n<strong>Johan Dalene i virtuos konsert<\/strong><br \/>\nNorrk\u00f6pings Symfoniorkester<br \/>\nDirigent: Daniel Blendulf<br \/>\nSolist: Johan Dalene, violin<\/p>\n<p style=\"padding-left: 30px;\">PROGRAM<br \/>\nMats Larsson Gothe The Apotheosis of the Dance<br \/>\nAnna Thorvaldsdottir Aeriality<br \/>\nSamuel Barber Violinkonsert<br \/>\nLudwig van Beethoven Symfoni nr 7<\/p>\n<\/blockquote>\n<p>L\u00c4NKAR<br \/>\nDaniel Blendulf <a href=\"https:\/\/www.harrisonparrott.com\/artists\/daniel-blendulf\" target=\"_blank\" rel=\"noopener noreferrer\">info<\/a><br \/>\nJohan Dalene <a href=\"https:\/\/www.johandalene.com\" target=\"_blank\" rel=\"noopener noreferrer\">hemsida<\/a><br \/>\nMats Larsson Gothe <a href=\"http:\/\/www.matslarssongothe.com\" target=\"_blank\" rel=\"noopener noreferrer\">hemsida<\/a><br \/>\nAnna Thorvaldsdottir <a href=\"http:\/\/www.annathorvalds.com\" target=\"_blank\" rel=\"noopener noreferrer\">hemsida<\/a><br \/>\nSamuel Barber <a href=\"https:\/\/sv.wikipedia.org\/wiki\/Samuel_Barber\" target=\"_blank\" rel=\"noopener noreferrer\">Wikipedia<\/a><br \/>\nLudwig van Beethooven <a href=\"https:\/\/sv.wikipedia.org\/wiki\/Ludwig_van_Beethoven\" target=\"_blank\" rel=\"noopener noreferrer\">Wikipedia<\/a><br \/>\nNorrk\u00f6pings symfoniorkester <a href=\"http:\/\/www.norrkopingssymfoniorkester.se\" target=\"_blank\" rel=\"noopener noreferrer\">hemsida<\/a> <a href=\"https:\/\/www.facebook.com\/norrkoping.symphony\/?fref=ts\" target=\"_blank\" rel=\"noopener noreferrer\">Facebook<\/a><\/p>\n<p>De gifta p\u00e5 Eiffeltornet v\u00e5gat spektakel <a href=\"https:\/\/www.kultursidan.nu\/?p=38775\" target=\"_blank\" rel=\"noopener noreferrer\">recension<\/a> Kultursidan.nu 30\/10 2018<br \/>\nStefan Solyom inf\u00f6r on\u00e5bar konsert <a href=\"https:\/\/www.kultursidan.nu\/?p=38593\" target=\"_blank\" rel=\"noopener noreferrer\">reportage<\/a> Kultursidan.nu 17\/10 2018<br \/>\nRafael Payare kv\u00e4llens stj\u00e4rna med SON <a href=\"https:\/\/www.kultursidan.nu\/?p=38548\" target=\"_blank\" rel=\"noopener noreferrer\">recension<\/a> Kultursidan.nu 14\/10 2018<br \/>\n18.00-start med galant Johan Delene <a href=\"https:\/\/www.kultursidan.nu\/?p=38216\" target=\"_blank\" rel=\"noopener noreferrer\">recension<\/a> Kultursidan.nu 22\/9 2018<br \/>\nStj\u00e4rnmoln och Ragnar\u00f6k med SON <a href=\"https:\/\/www.kultursidan.nu\/?p=38143\" target=\"_blank\" rel=\"noopener noreferrer\">recension<\/a> Kultursidan.nu 16\/9 2018<br \/>\nPeter Mattei sj\u00f6ng Mahler med SON <a href=\"https:\/\/www.kultursidan.nu\/?p=38049\" target=\"_blank\" rel=\"noopener noreferrer\">recension<\/a> Kultursidan.nu 8\/9 2018<br \/>\nSON spelar Wienklassiskt och nytt <a href=\"https:\/\/www.kultursidan.nu\/?p=36304\" target=\"_blank\" rel=\"noopener noreferrer\">reportage<\/a> Kultursidan.nu 8\/5 2018<\/p>\n","protected":false},"excerpt":{"rendered":"<p>RECENSION\/ NORRK\u00d6PING Modernt. Luftigt. Briljans. Gripande. L\u00f6rdagens konsert med Norrk\u00f6pings symfoniorkester f\u00e5r idel lovord. Bidrog gjorde dynamiske dirigenten Daniel Blendulf och Norrk\u00f6pings unge stj\u00e4rnviolinist Johan Dalene.  <a class=\"continue-reading-link\" href=\"https:\/\/www.kultursidan.nu\/?p=39113\">L\u00e4s mer <span class=\"meta-nav\">&rarr; <\/span><\/a><\/p>\n","protected":false},"author":1001006,"featured_media":0,"comment_status":"closed","ping_status":"open","sticky":false,"template":"","format":"standard","meta":{"_jetpack_memberships_contains_paid_content":false,"footnotes":""},"categories":[7],"tags":[13],"class_list":["post-39113","post","type-post","status-publish","format-standard","hentry","category-norrkoping","tag-musik"],"jetpack_featured_media_url":"","jetpack_sharing_enabled":true,"_links":{"self":[{"href":"https:\/\/www.kultursidan.nu\/index.php?rest_route=\/wp\/v2\/posts\/39113","targetHints":{"allow":["GET"]}}],"collection":[{"href":"https:\/\/www.kultursidan.nu\/index.php?rest_route=\/wp\/v2\/posts"}],"about":[{"href":"https:\/\/www.kultursidan.nu\/index.php?rest_route=\/wp\/v2\/types\/post"}],"author":[{"embeddable":true,"href":"https:\/\/www.kultursidan.nu\/index.php?rest_route=\/wp\/v2\/users\/1001006"}],"replies":[{"embeddable":true,"href":"https:\/\/www.kultursidan.nu\/index.php?rest_route=%2Fwp%2Fv2%2Fcomments&post=39113"}],"version-history":[{"count":3,"href":"https:\/\/www.kultursidan.nu\/index.php?rest_route=\/wp\/v2\/posts\/39113\/revisions"}],"predecessor-version":[{"id":42034,"href":"https:\/\/www.kultursidan.nu\/index.php?rest_route=\/wp\/v2\/posts\/39113\/revisions\/42034"}],"wp:attachment":[{"href":"https:\/\/www.kultursidan.nu\/index.php?rest_route=%2Fwp%2Fv2%2Fmedia&parent=39113"}],"wp:term":[{"taxonomy":"category","embeddable":true,"href":"https:\/\/www.kultursidan.nu\/index.php?rest_route=%2Fwp%2Fv2%2Fcategories&post=39113"},{"taxonomy":"post_tag","embeddable":true,"href":"https:\/\/www.kultursidan.nu\/index.php?rest_route=%2Fwp%2Fv2%2Ftags&post=39113"}],"curies":[{"name":"wp","href":"https:\/\/api.w.org\/{rel}","templated":true}]}}