{"id":39123,"date":"2018-11-21T10:06:06","date_gmt":"2018-11-21T09:06:06","guid":{"rendered":"https:\/\/intelligent-friend-7861.standoutwp.com\/?p=39123"},"modified":"2019-07-21T13:24:03","modified_gmt":"2019-07-21T12:24:03","slug":"msks-190-ar-af-tidsfordrif-i-horsalen","status":"publish","type":"post","link":"https:\/\/www.kultursidan.nu\/?p=39123","title":{"rendered":"MSK:s 190 \u00e5r af Tidsf\u00f6rdrif i H\u00f6rsalen"},"content":{"rendered":"<p><img loading=\"lazy\" decoding=\"async\" class=\"alignnone\" src=\"https:\/\/live.staticflickr.com\/4908\/45070177615_53e2b7aa2f.jpg\" alt=\"MSK Uppv\u00e4rmning\" width=\"500\" height=\"333\" \/><br \/>\n<em>Uppv\u00e4rmning. Musikaliska S\u00e4llskapets Kammark\u00f6r ska b\u00e5de sjunga och agera under musikaliska divertissementet 190 \u00e5r af Tidsf\u00f6rdrif p\u00e5 l\u00f6rdag.<\/em><\/p>\n<p>&nbsp;<\/p>\n<h1><span style=\"color: #ff0000;\">\u2026 om serenaden f\u00f6r Jenny Lind<\/span><\/h1>\n<p>&nbsp;<\/p>\n<p>NORRK\u00d6PING <strong>Att sjunga i k\u00f6r \u00e4r bra f\u00f6r h\u00e4lsan.<\/strong> Eventuellt bevisas p\u00e5st\u00e5endet av att Musikaliska S\u00e4llskapets Kammark\u00f6r har h\u00e5llit ig\u00e5ng i 190 \u00e5r. Olle Persson \u00e4r solist och konferencier n\u00e4r k\u00f6ren bjuder p\u00e5 en minneskavalkad genom alla \u00e5rens \u201dTidsf\u00f6rdrif\u201d i H\u00f6rsalen.<\/p>\n<p>&nbsp;<\/p>\n<p><img loading=\"lazy\" decoding=\"async\" class=\"alignnone\" src=\"https:\/\/live.staticflickr.com\/4916\/45932905142_86df1e464e.jpg\" alt=\"Eva Elvin, ordf\u00f6rande\" width=\"500\" height=\"333\" \/><br \/>\n<em>Eva Elvin, ordf\u00f6rande i MSK.<\/em><\/p>\n<p>&nbsp;<\/p>\n<p><strong>\u2013 Vi brukar sk\u00e4mta och s\u00e4ga att ingen \u00e4r kvar i k\u00f6ren sedan den tiden.<br \/>\n<\/strong>Det \u00e4r tisdag och \u00e4nnu n\u00e5gra veckor kvar till jubileumskonserten med Musikaliska S\u00e4llskapets Kammark\u00f6r, till vardags kallad MSK.<\/p>\n<p>Jag tr\u00e4ffar Eva Elvin, styrelsens ordf\u00f6rande, tillsammans med ledam\u00f6terna Erik Liljas, Mark Bender och Peter Norrbom, tillika jubileumsgeneral, samt Inger Dalene som lett k\u00f6ren de senaste fyra \u00e5ren.<\/p>\n<p>&nbsp;<\/p>\n<p><img loading=\"lazy\" decoding=\"async\" class=\"alignnone\" src=\"https:\/\/farm5.staticflickr.com\/4888\/45258090704_b8b824d576.jpg\" alt=\"Inger Dalene\" width=\"500\" height=\"333\" \/><br \/>\n<em>K\u00f6rrepetition. Inger Dalene \u00e4r Musikaliska S\u00e4llskapets Kammark\u00f6rs dirigent sedan fyra \u00e5r.<\/em><\/p>\n<p>&nbsp;<\/p>\n<p><strong>Att Inger Dalene \u00e4r en uppskattad och entusiasmerande k\u00f6rledare m\u00e4rks.<\/strong> Under senaste \u00e5ret har nya k\u00f6rs\u00e5ngare lockats till k\u00f6ren som har h\u00f6ga ambitioner.<\/p>\n<p>\u2013 Det \u00e4r fantastiskt med en s\u00e5 engagerad k\u00f6r, tycker Inger Dalene och till\u00e4gger att det k\u00e4nns lyxigt att kunna v\u00e4lja vilket repertoar som helst \u2013 \u201dDet finns inga hinder\u201d.<\/p>\n<p>&nbsp;<\/p>\n<p><img loading=\"lazy\" decoding=\"async\" class=\"alignnone\" src=\"https:\/\/live.staticflickr.com\/4871\/45932905422_7812aa39dd.jpg\" alt=\"MSK repeterar i De Geergymnasiets aula\" width=\"500\" height=\"333\" \/><br \/>\n<em>Hemma. MSK repeterar numera i De Geegymnasiets aula.<\/em><\/p>\n<p>&nbsp;<\/p>\n<p><strong>F\u00f6r MSK \u00e4r en av Norrk\u00f6pings b\u00e4sta k\u00f6rer, \u00e4ven om d\u00e4r \u00e4r flera som vill kalla sig b\u00e4st.<\/strong> Styrelsemedlemmarna lyfter mer \u00e4n g\u00e4rna fram priserna fr\u00e5n k\u00f6rt\u00e4vlingar, mest glittrar guldet i Prag 1996 d\u00e5 MSK imponerade med att b\u00e5de sjunga utantill och st\u00e5 i blandade st\u00e4mmor. Vilket numera \u00e4r vardagsmat. Det \u00e4r vanligt att de sjunger i \u00e5tta st\u00e4mmor, &#8221;16 som mest&#8221; f\u00e5r jag veta.<\/p>\n<p>En s\u00e4ker kvalitetsst\u00e4mpel utg\u00f6r det \u00e5terkommande samarbetet (ofta tillsammans med Bel Cantok\u00f6ren) med Norrk\u00f6pings symfoniorkester ett par g\u00e5nger om \u00e5ret.<\/p>\n<p><strong>Vilket p\u00e5minner om att n\u00e4r Musikaliska S\u00e4llskapet b\u00f6rjade sina dagar fanns s\u00e5v\u00e4l en k\u00f6r som en orkester.<\/strong> Om detta, om serenaden f\u00f6r Jenny Lind, om v\u00e4lg\u00f6renhetskonserten f\u00f6r barn som blivit f\u00f6r\u00e4ldral\u00f6sa n\u00e4r koleran drabbade staden och om en hel del annat, l\u00e4r vi f\u00e5 veta vid under det musikaliska divertissementet \u201d190 \u00e5r af Tidsf\u00f6rdrif\u201d i H\u00f6rsalen p\u00e5 l\u00f6rdag.<\/p>\n<p>Tv\u00e5 av k\u00f6rmedlemmarna, Beata Malmgren och Karin Toresand, har skrivit manus. De har pl\u00f6jt MSK:s historia i protokoll, foton och tidningsl\u00e4gg.<\/p>\n<p>&nbsp;<\/p>\n<p><img loading=\"lazy\" decoding=\"async\" class=\"alignnone\" src=\"https:\/\/farm5.staticflickr.com\/4904\/45070178015_581516fa1e.jpg\" alt=\"Olle Persson\" width=\"500\" height=\"333\" \/><br \/>\n<em>Entusiast. Operas\u00e5ngaren Olle Persson blir b\u00e5de konferencier och solist n\u00e4r MSK kallar. Vad g\u00f6r han inte f\u00f6r sin gamla k\u00f6r.<\/em><\/p>\n<p>&nbsp;<\/p>\n<p><strong>Solist och konferencier blir operas\u00e5ngaren Olle Persson, som g\u00f6r hembes\u00f6k i Norrk\u00f6ping.<\/strong> Som ung var han ocks\u00e5 med i MSK.<\/p>\n<p>\u2013 Det \u00e4r roligt n\u00e4r man ringer och fr\u00e5gar. Han blir verkligen entusiastisk, s\u00e4ger Peter Norrbom.<\/p>\n<p><strong>Den 40 man och kvinnor starka k\u00f6ren repeterar i De Geergymnasiets aula.<\/strong> Inger Dalene har smitit iv\u00e4g fr\u00e5n samtalet och dragit ig\u00e5ng med k\u00f6ren. Musiken s\u00e4tter sig inte av sig sj\u00e4lv. K\u00f6rmedlemmarna sitter i dubbel halvcirkel med Inger och flygeln i origo. Utan att s\u00e4ga f\u00f6r mycket kan jag rapportera att det l\u00e5ter utm\u00e4rkt.<\/p>\n<p>&nbsp;<\/p>\n<p><img loading=\"lazy\" decoding=\"async\" class=\"alignnone\" src=\"https:\/\/farm5.staticflickr.com\/4860\/45932905332_ba8bacd589.jpg\" alt=\"Diskussion om kl\u00e4dsel\" width=\"500\" height=\"333\" \/><br \/>\n<em>Garderobsgranskning. S\u00e5v\u00e4l 1800-talet som 1900-talet ska f\u00e5 liv p\u00e5 scenen. Kulturskolan och \u00d6stg\u00f6tateatern bist\u00e5r med l\u00e5n, men fynd i egna garderober \u00e4r v\u00e4lkomna.<\/em><\/p>\n<p>&nbsp;<\/p>\n<p><strong>N\u00e5gra dagar senare \u00e4r det l\u00f6rdag, jag tittar in i b\u00f6rjan av en l\u00e5ng repetitionsdag i H\u00f6rsalen.<\/strong> K\u00f6rmedlemmar bygger upp pallsystem f\u00f6r k\u00f6rens upph\u00f6jelse och tittar p\u00e5 kl\u00e4der med retrostuk. I f\u00f6rsta akten ska 1800-talets k\u00f6rhistoria gestaltas. Efter paus ska ber\u00e4ttelsen om 1900-talet ta vid. Naturligtvis med utvalda musikaliska exempel fr\u00e5n repertoaren.<\/p>\n<p>\u2013 Man f\u00e5r en k\u00e4nsla av Norrk\u00f6pings historia, tycker jubelgeneralen Peter Norrbom.<\/p>\n<p><strong>I st\u00e4llet f\u00f6r Inger Dalene \u00e4r det regiss\u00f6ren Maria Erlansson som leder uppv\u00e4rmning och repetition.<\/strong> Nu handlar det om gestaltning, hur k\u00f6rmedlemmarna ska g\u00f6ra entr\u00e9.<\/p>\n<p>\u2013 Id\u00e9n \u00e4r att ni ska bete er som att det \u00e4r 1828, oavsett om ni har s\u00e5dana kl\u00e4der eller bara \u00e4r svartkl\u00e4dda.<\/p>\n<p>Den dubbelkvartett som ska inleda f\u00e5r tr\u00e4na p\u00e5 sina entr\u00e9er till \u201dv\u00e4rdinnan\u201d Eva Elvins salongssoffa. Detta f\u00f6r att p\u00e5minna om hur det gick till n\u00e4r s\u00e5ngs\u00e4llskapet samlades den d\u00e4r allra f\u00f6rsta g\u00e5ngen. Det momentet upprepas n\u00e5gra g\u00e5nger.<\/p>\n<p>&nbsp;<\/p>\n<p><img loading=\"lazy\" decoding=\"async\" class=\"alignnone\" src=\"https:\/\/farm5.staticflickr.com\/4875\/45932905032_5aeb322062.jpg\" alt=\"MSK repeterar\" width=\"500\" height=\"333\" \/><br \/>\n<em>Handkyss. Musikaliska S\u00e4llskapets Kammark\u00f6r ska strax uppst\u00e5 bland stadens borgarskap. \u00c5ret \u00e4r 1828. <\/em><\/p>\n<p>&nbsp;<\/p>\n<p><strong>\u2013 H\u00e4r ska Olle Persson framf\u00f6ra sin presentationstext.<\/strong> Den \u00e4r l\u00e5ng och k\u00f6ren minglar in, n\u00e5gra i taget. Ni har tre minuter p\u00e5 er, instruerar Maria Erlansson.<\/p>\n<p>Det minglas. Det lyfts p\u00e5 verkliga och imagin\u00e4ra hattar. Det kysses p\u00e5 hand, det nigs och bugas och gluttas p\u00e5 noter.<\/p>\n<p>Nu p\u00e5 l\u00f6rdag b\u00e4r det av \u2013 190 \u00e5r i raketfart.<\/p>\n<p><em>\u00a9 Text och foto: Ann-Charlotte Sandelin\u2028<\/em><\/p>\n<p>&nbsp;<\/p>\n<p><img loading=\"lazy\" decoding=\"async\" class=\"alignnone\" src=\"https:\/\/live.staticflickr.com\/4805\/45932904722_d92ccac65f.jpg\" alt=\"MSK repeterar\" width=\"500\" height=\"333\" \/><br \/>\n<em>Repetition. Det h\u00e4lsas, bugas och lyfts p\u00e5 hattar.<\/em><\/p>\n<p>&nbsp;<\/p>\n<blockquote>\n<h4>H\u00d6RSALEN Norrk\u00f6ping<\/h4>\n<p>24 november 2018 kl 15<br \/>\n<strong>190 \u00e5r af Tidsf\u00f6rdrif<\/strong><br \/>\nMusikaliskt divertissement<br \/>\nMed musik genom tiderna<br \/>\nManus: Beata Malmgren och Karin Toresand<br \/>\nDirigent: Inger Dalene<br \/>\nRegiss\u00f6r: Maria Erlansson<\/p>\n<p style=\"padding-left: 30px;\">MEDVERKANDE<br \/>\nMusikaliska S\u00e4llskapets Kammark\u00f6r<br \/>\nTrio De Lyx <em>\u2013 SON-musikerna Mikael Wenhov, violin, och Jan Duda, kontrabas, samt Lennart Langer, piano.<\/em><br \/>\nSolist\/Konferencier: Olle Persson<br \/>\nPianist: Niina Uggeldahl<\/p>\n<\/blockquote>\n<p>L\u00c4NKAR<br \/>\nMusikaliska S\u00e4llskapets Kammark\u00f6r <a href=\"http:\/\/msknorrkoping.se\" target=\"_blank\" rel=\"noopener noreferrer\">hemsida <\/a><a href=\"https:\/\/www.facebook.com\/pages\/MSK-Musikaliska-S%C3%A4llskapets-Kammark%C3%B6r\/163917863636035?fref=ts\" target=\"_blank\" rel=\"noopener noreferrer\">Facebook<\/a><\/p>\n","protected":false},"excerpt":{"rendered":"<p>NORRK\u00d6PING Att sjunga i k\u00f6r \u00e4r bra f\u00f6r h\u00e4lsan. Eventuellt bevisas p\u00e5st\u00e5endet av att Musikaliska S\u00e4llskapets Kammark\u00f6r har h\u00e5llit ig\u00e5ng i 190 \u00e5r. Olle Persson \u00e4r solist och konferencier n\u00e4r k\u00f6ren bjuder p\u00e5 en minneskavalkad genom alla \u00e5rens \u201dTidsf\u00f6rdrif\u201d i H\u00f6rsalen. <a class=\"continue-reading-link\" href=\"https:\/\/www.kultursidan.nu\/?p=39123\">L\u00e4s mer <span class=\"meta-nav\">&rarr; <\/span><\/a><\/p>\n","protected":false},"author":1001006,"featured_media":0,"comment_status":"closed","ping_status":"open","sticky":false,"template":"","format":"standard","meta":{"_jetpack_memberships_contains_paid_content":false,"footnotes":""},"categories":[7],"tags":[35,13],"class_list":["post-39123","post","type-post","status-publish","format-standard","hentry","category-norrkoping","tag-jubileum","tag-musik"],"jetpack_featured_media_url":"","jetpack_sharing_enabled":true,"_links":{"self":[{"href":"https:\/\/www.kultursidan.nu\/index.php?rest_route=\/wp\/v2\/posts\/39123","targetHints":{"allow":["GET"]}}],"collection":[{"href":"https:\/\/www.kultursidan.nu\/index.php?rest_route=\/wp\/v2\/posts"}],"about":[{"href":"https:\/\/www.kultursidan.nu\/index.php?rest_route=\/wp\/v2\/types\/post"}],"author":[{"embeddable":true,"href":"https:\/\/www.kultursidan.nu\/index.php?rest_route=\/wp\/v2\/users\/1001006"}],"replies":[{"embeddable":true,"href":"https:\/\/www.kultursidan.nu\/index.php?rest_route=%2Fwp%2Fv2%2Fcomments&post=39123"}],"version-history":[{"count":10,"href":"https:\/\/www.kultursidan.nu\/index.php?rest_route=\/wp\/v2\/posts\/39123\/revisions"}],"predecessor-version":[{"id":42032,"href":"https:\/\/www.kultursidan.nu\/index.php?rest_route=\/wp\/v2\/posts\/39123\/revisions\/42032"}],"wp:attachment":[{"href":"https:\/\/www.kultursidan.nu\/index.php?rest_route=%2Fwp%2Fv2%2Fmedia&parent=39123"}],"wp:term":[{"taxonomy":"category","embeddable":true,"href":"https:\/\/www.kultursidan.nu\/index.php?rest_route=%2Fwp%2Fv2%2Fcategories&post=39123"},{"taxonomy":"post_tag","embeddable":true,"href":"https:\/\/www.kultursidan.nu\/index.php?rest_route=%2Fwp%2Fv2%2Ftags&post=39123"}],"curies":[{"name":"wp","href":"https:\/\/api.w.org\/{rel}","templated":true}]}}