{"id":39282,"date":"2018-12-01T18:29:30","date_gmt":"2018-12-01T17:29:30","guid":{"rendered":"https:\/\/intelligent-friend-7861.standoutwp.com\/?p=39282"},"modified":"2019-07-20T08:06:15","modified_gmt":"2019-07-20T07:06:15","slug":"adolphson-falk-kommer-till-arbis","status":"publish","type":"post","link":"https:\/\/www.kultursidan.nu\/?p=39282","title":{"rendered":"Adolphson &#038; Falk kommer till Arbis"},"content":{"rendered":"<p><img loading=\"lazy\" decoding=\"async\" class=\"alignnone\" src=\"https:\/\/live.staticflickr.com\/4825\/45408111064_8618788b07.jpg\" alt=\"Adolphson &amp; Falk\" width=\"500\" height=\"334\" \/><br \/>\n<em>50 +. Adolphson &amp; Falk b\u00f6rjade g\u00f6ra musik ihop redan 1968, jubileet firas med nysl\u00e4ppt album och turn\u00e9.<\/em><\/p>\n<p>&nbsp;<\/p>\n<h1><span style=\"color: #ff0000;\">Synthpoparna stack ut p\u00e5 svenska<br \/>\n<\/span><\/h1>\n<p>&nbsp;<\/p>\n<p>NORRK\u00d6PING <em><strong>Blinkar bl\u00e5.<\/strong><\/em> Adolphson &amp; Falk firar 50 \u00e5r med nysl\u00e4ppt album och jubileumsturn\u00e9. Det stilbildande synthparet kommer till Arbis 7 december i s\u00e4llskap med Eldoradomedarbetarna Greg FitzPatrick och Dagge Lundqvist.<\/p>\n<p><strong>Svenska kultbandet Adolphson &amp; Falk kommer till Arbis 7 december.\u00a0 <\/strong>F\u00f6r oss som var ton\u00e5ringar p\u00e5 1980-talet gav det stilbildande bandet texter med b\u00e5de vardagsrealism och teknikn\u00f6rderi.<\/p>\n<p>Adolphson &amp; Falk var stilbildande f\u00f6r svensk popmusik. Det var inte mycket som skrevs p\u00e5 svenska men den h\u00e4r duon gjorde det med bravur.<\/p>\n<p><strong>Duon, som tr\u00e4ffades och b\u00f6rjade g\u00f6ra musik ihop under slumpen 1968, firar nu 50-\u00e5rsjubileum med b\u00e5de nysl\u00e4ppta albumet \u201d50\u201d och turn\u00e9.\u00a0 <\/strong>P\u00e5 1970-talet medverkade i de i melodifestivalen och var l\u00e5tskrivare \u00e5t Barbro H\u00f6rberg och Anita Lindblom.<\/p>\n<p>Tomas Adolphson och Anders Falk fick s\u00e5 sm\u00e5ningom ett n\u00e4ra samarbete med Kjell Alinge och radioprogrammet &#8221;Eldorado&#8221;. Specialbest\u00e4llda <em>Blinkar bl\u00e5<\/em> blev i stort sett programmets signaturmelodi och <em>Mer jul<\/em> \u00e4r i dag en av de l\u00e5tar som spelas mest i Sverige under juletid.<\/p>\n<p>\u2013 F\u00f6r att f\u00e5 en hit beh\u00f6vs det finnas vissa nycklar f\u00f6r att det ska g\u00e5 ihop. Det m\u00e5ste vara en stark melodi, en r\u00f6st som ligger r\u00e4tt emot t\u00e4nkt publikgrupp. En text som s\u00e4ger n\u00e5got utan att vara f\u00f6r banal. Det g\u00e4ller ocks\u00e5 att ha ett sound som \u00e4r r\u00e4tt f\u00f6r tiden, f\u00f6rklarar Anders Falk.<\/p>\n<p>&nbsp;<\/p>\n<p><img loading=\"lazy\" decoding=\"async\" class=\"alignnone\" src=\"https:\/\/farm5.staticflickr.com\/4896\/45408110524_477679de3f.jpg\" alt=\"Adolphson &amp; Falk\" width=\"500\" height=\"334\" \/><br \/>\n<em>Inte bara nostalgi. Adolphson &amp; Falk fortsatte att utveckla sin musik \u00e4ven efter synthv\u00e5gen.<\/em><\/p>\n<p>&nbsp;<\/p>\n<p><strong>Anders Falk beskriver synthens betydelse p\u00e5 1980-talet som j\u00e4mf\u00f6rbar med vad elgitarren var f\u00f6r musiken under 1960-talet och\u00a01970-talet.<\/strong> Dock\u00a0spelade man fortfarande in analogt.<\/p>\n<p>Synthpopen var ny p\u00e5 1980-talet och kom att ge den d\u00e4r r\u00e4tta ljudbilden till den musik som Adolphson &amp; Falk skapade. Tack vare radioprogrammet &#8221;Eldorado&#8221; kom de i kontakt med personer som blev betydelsefulla.\u00a0Inte minst Greg FitzPatrick som var den som presenterade synthen f\u00f6r dem. En annan var Dagge Lundquist som var den som spelade in och mixade deras plattor. B\u00e5da st\u00e5r p\u00e5 scenen under jubileumsturn\u00e9n.<\/p>\n<p><strong>En av de l\u00e5tar p\u00e5 1980-talet som var en stor inspirationsk\u00e4lla f\u00f6r Adolphson och Falk var Phil Collins <em>In The Air Tonight.<\/em>\u00a0<\/strong><\/p>\n<p>\u2013 Rymdtemat har alltid passat mycket bra ihop med synthmusikens ljudv\u00e4gg, menar Anders Falk.<\/p>\n<p>I dag \u00e4r deras texter lite mera \u00e5t det naturvetenskapliga h\u00e5llet. F\u00f6r mig sj\u00e4lv \u00e4r nog plattan &#8221;Med rymden i blodet&#8221; den som \u00e4r mest signifikant f\u00f6r gruppen.<\/p>\n<p><strong>Idag har de epitet som klassiker och kultband.<\/strong> Nostalgifaktorn \u00e4r h\u00f6g och det ska bli v\u00e4ldigt kul att se dem spela live igen. Det kommer definitivt bli en promenad i minnesbanken fr\u00e5n ton\u00e5ren.<\/p>\n<p><em>\u00a9 Text: Christina Wernersson<br \/>\n\u00a9 Pressfoto: Adolphson &amp; Falk<br \/>\n<\/em><\/p>\n<blockquote>\n<h4>ARBIS BAR &amp; SALONGER Norrk\u00f6ping<\/h4>\n<p>7 december 2018<br \/>\n<strong>Adolphson &amp; Falk<\/strong><br \/>\nJubileumsturn\u00e9 \u2013 \u201d50\u201d<br \/>\nSamarr: Skrikhult Productions<\/p>\n<p style=\"padding-left: 30px;\">MUSIKER<br \/>\nTomas Adolphson: S\u00e5ng,\u00a0gitarr och mandolin<br \/>\nAnders Falk: S\u00e5ng\u00a0och gitarr<br \/>\nGreg FitzPatrick: synthesizers<br \/>\nDag Lundquist: Trummor\u00a0och\u00a0percussion<br \/>\nHans Loelv: Dragspel &amp; keyboard<br \/>\nMagnus Marcks: Bas<\/p>\n<\/blockquote>\n<p>L\u00c4NKAR<br \/>\nAdolphson &amp; Falk <a href=\"https:\/\/adolphsonfalk.se\" target=\"_blank\" rel=\"noopener noreferrer\">hemsida<\/a> <a href=\"https:\/\/www.facebook.com\/AdolphsonFalk\/posts\/2198711970141434\" target=\"_blank\" rel=\"noopener noreferrer\">Facebook<\/a><br \/>\nArbis Bar &amp; Salonger <a href=\"http:\/\/www.arbis.se\/\" target=\"_blank\" rel=\"noopener noreferrer\">hemsida<\/a> <a href=\"https:\/\/www.facebook.com\/arbisnkpg\/\" target=\"_blank\" rel=\"noopener noreferrer\">Facebook<\/a> <a href=\"http:\/\/www.skrikhult.se\/jubileumsturne-med-adolphson-falk-som-firar-50-ar-kommer-till-arbis-7-december\/\" target=\"_blank\" rel=\"noopener noreferrer\">konsertinfo<\/a><\/p>\n","protected":false},"excerpt":{"rendered":"<p>NORRK\u00d6PING Blinkar bl\u00e5. Adolphson &#038; Falk firar 50 \u00e5r med nysl\u00e4ppt album och jubileumsturn\u00e9. Det stilbildande synthparet kommer till Arbis 7 december i s\u00e4llskap med Eldoradomedarbetarna Greg FitzPatrick och Dagge Lundqvist. <a class=\"continue-reading-link\" href=\"https:\/\/www.kultursidan.nu\/?p=39282\">L\u00e4s mer <span class=\"meta-nav\">&rarr; <\/span><\/a><\/p>\n","protected":false},"author":1001006,"featured_media":0,"comment_status":"closed","ping_status":"open","sticky":false,"template":"","format":"standard","meta":{"_jetpack_memberships_contains_paid_content":false,"footnotes":""},"categories":[7],"tags":[13],"class_list":["post-39282","post","type-post","status-publish","format-standard","hentry","category-norrkoping","tag-musik"],"jetpack_featured_media_url":"","jetpack_sharing_enabled":true,"_links":{"self":[{"href":"https:\/\/www.kultursidan.nu\/index.php?rest_route=\/wp\/v2\/posts\/39282","targetHints":{"allow":["GET"]}}],"collection":[{"href":"https:\/\/www.kultursidan.nu\/index.php?rest_route=\/wp\/v2\/posts"}],"about":[{"href":"https:\/\/www.kultursidan.nu\/index.php?rest_route=\/wp\/v2\/types\/post"}],"author":[{"embeddable":true,"href":"https:\/\/www.kultursidan.nu\/index.php?rest_route=\/wp\/v2\/users\/1001006"}],"replies":[{"embeddable":true,"href":"https:\/\/www.kultursidan.nu\/index.php?rest_route=%2Fwp%2Fv2%2Fcomments&post=39282"}],"version-history":[{"count":6,"href":"https:\/\/www.kultursidan.nu\/index.php?rest_route=\/wp\/v2\/posts\/39282\/revisions"}],"predecessor-version":[{"id":42008,"href":"https:\/\/www.kultursidan.nu\/index.php?rest_route=\/wp\/v2\/posts\/39282\/revisions\/42008"}],"wp:attachment":[{"href":"https:\/\/www.kultursidan.nu\/index.php?rest_route=%2Fwp%2Fv2%2Fmedia&parent=39282"}],"wp:term":[{"taxonomy":"category","embeddable":true,"href":"https:\/\/www.kultursidan.nu\/index.php?rest_route=%2Fwp%2Fv2%2Fcategories&post=39282"},{"taxonomy":"post_tag","embeddable":true,"href":"https:\/\/www.kultursidan.nu\/index.php?rest_route=%2Fwp%2Fv2%2Ftags&post=39282"}],"curies":[{"name":"wp","href":"https:\/\/api.w.org\/{rel}","templated":true}]}}