{"id":39331,"date":"2018-12-06T16:47:04","date_gmt":"2018-12-06T15:47:04","guid":{"rendered":"https:\/\/intelligent-friend-7861.standoutwp.com\/?p=39331"},"modified":"2018-12-06T17:00:03","modified_gmt":"2018-12-06T16:00:03","slug":"5i12-priset-till-equal-rights-for-integration","status":"publish","type":"post","link":"https:\/\/www.kultursidan.nu\/?p=39331","title":{"rendered":"5i12-priset till Equal Rights for Integration"},"content":{"rendered":"<p><img loading=\"lazy\" decoding=\"async\" class=\"alignnone size-medium wp-image-39332\" src=\"https:\/\/www.kultursidan.nu\/wp-content\/uploads\/2018\/12\/unspecified-4-567x376.jpeg\" alt=\"\" width=\"567\" height=\"376\" srcset=\"https:\/\/www.kultursidan.nu\/wp-content\/uploads\/2018\/12\/unspecified-4-567x376.jpeg 567w, https:\/\/www.kultursidan.nu\/wp-content\/uploads\/2018\/12\/unspecified-4-768x510.jpeg 768w, https:\/\/www.kultursidan.nu\/wp-content\/uploads\/2018\/12\/unspecified-4-1024x680.jpeg 1024w, https:\/\/www.kultursidan.nu\/wp-content\/uploads\/2018\/12\/unspecified-4-150x100.jpeg 150w, https:\/\/www.kultursidan.nu\/wp-content\/uploads\/2018\/12\/unspecified-4-502x333.jpeg 502w, https:\/\/www.kultursidan.nu\/wp-content\/uploads\/2018\/12\/unspecified-4.jpeg 1285w\" sizes=\"auto, (max-width: 567px) 100vw, 567px\" \/><br \/>\n<em>5i12-priset. Milad Karma och Gabriella Norenius med checken som i \u00e5r g\u00e5r till F\u00f6reningen Equal Rights for Integration.<\/em><\/p>\n<p>&nbsp;<\/p>\n<h1><span style=\"color: #ff0000;\">\u201dDe starka krafterna har \u00f6vertaget\u201d<\/span><\/h1>\n<p>&nbsp;<\/p>\n<p>NORRK\u00d6PING <strong>Spr\u00e5kv\u00e4nner.<\/strong> F\u00f6reningen Equal Rights for Integration startade spr\u00e5kkaf\u00e9 med v\u00e4nskapsmatchning 2014. Ig\u00e5r 5 december 2018 tog tv\u00e5 \u00f6verraskade representanter emot Norrk\u00f6pings kommuns 5i12-pris.<\/p>\n<p><strong>R\u00f6relsen 5i12-r\u00f6relsen startades i H\u00e4rn\u00f6sand 1988 av en grupp personer som best\u00e4mde sig f\u00f6r att stoppa den fr\u00e4mlingsfientliga st\u00e4mning som d\u00e5 fanns i staden.<\/strong> P\u00e5 torget skulle alla goda krafter m\u00f6tas. En av de unga initiativtagarna till dessa torgm\u00f6ten hette Sara, 17 \u00e5r.<\/p>\n<p>\u00c5ret efter, 1989, m\u00f6rdades Sara och hennes kompis Sylvia av en ung flykting. Tragedin f\u00f6rlamade staden och fick stor uppm\u00e4rksamhet i hela landet. Och p\u00e5 nytt v\u00e4xte fr\u00e4mlingsfientligheten och H\u00e4rn\u00f6sand st\u00e4mplades som en rasistisk stad.<\/p>\n<p>H\u00e4rn\u00f6sand reste sig i\u00a0nya 5i12-manifestationer och den\u00a05 december klockan fem i tolv\u00a0h\u00e5lls manifestationer runt om i landet, \u00e4ven i Sveriges Riksdag och i EU-parlamentet.<\/p>\n<p>&nbsp;<\/p>\n<p><a title=\"Olle Vikm\u00e5ng\" href=\"https:\/\/www.flickr.com\/photos\/kultursidan\/32332349708\/in\/album-72157704339636794\/\"><img loading=\"lazy\" decoding=\"async\" src=\"https:\/\/farm5.staticflickr.com\/4809\/32332349708_25dda018cd.jpg\" alt=\"Olle Vikm\u00e5ng\" width=\"500\" height=\"332\" \/><\/a><br \/>\n&#8221;\u00c4r n\u00e5gon h\u00e4r&#8221;. Olle Vikm\u00e5ng, Kommunstyrelsens ordf\u00f6rande efter valet, avsl\u00f6jade vilka som f\u00e5r \u00e5rets 5i12-pris.<\/p>\n<p>&nbsp;<\/p>\n<p><strong>I Norrk\u00f6ping delar vi ut priset f\u00f6r insatser f\u00f6r m\u00e4nskliga fri- och r\u00e4ttigheter och mot fr\u00e4mlingsfientlighet och rasism f\u00f6r tjugonde \u00e5ret i rad.<\/strong> P\u00e5 senare \u00e5r s\u00e5 sker prisutdelningen p\u00e5 varuhuset Domino vilket g\u00f6r att den uppm\u00e4rksammas av m\u00e5nga lunchflan\u00f6rer. Det \u00e4r Brottsf\u00f6rebyggande r\u00e5det i Norrk\u00f6ping som utser pristagarna och vem som skall f\u00e5 priset \u00e4r hemligt \u00e4nda till presentationen sker. En mullvad brukar boka tr\u00e4ff med den eller de som skall bel\u00f6nas och s\u00e5 var det i \u00e5r ocks\u00e5.<\/p>\n<p>Roger K\u00e4lls (S) som \u00e4r ordf\u00f6rande i Brottsf\u00f6rebyggande \u00e5ret ber\u00e4ttade inledningsvis om bakgrunden till \u201d5 i 12\u201d och konstaterade att r\u00e5det f\u00f6r det mesta har att g\u00f6ra med halvtr\u00e5kiga \u00e4renden men att en g\u00e5ng per \u00e5r \u00e4r det gl\u00e4djande uppdrag.<\/p>\n<p><strong>\u2013 Det \u00e4r en orolig tid vi lever i, med \u00f6kad fr\u00e4mlingsfientlighet,<\/strong> inledde Kommunfullm\u00e4ktiges ordf\u00f6rande Olle Vikm\u00e5ng n\u00e4r det var hans tur att ta \u00f6ver mikrofonen. Men de starka krafterna har \u00f6vertaget.<\/p>\n<p>Han n\u00e4mnde som exempel det stora gensvar man fick under flyktingkrisen 2015 d\u00e5 man v\u00e4nde sig till det \u201dcivila samh\u00e4llet\u201d f\u00f6r att f\u00e5 hj\u00e4lp.<\/p>\n<p><strong>Sedan avsl\u00f6jade Olle Vikm\u00e5ng att \u00e5rets pris tilldelas F\u00f6reningen Equal Rights for Integration.<\/strong> Och undrade om det fanns n\u00e5gon fr\u00e5n f\u00f6reningen bland publiken.<\/p>\n<p>Mycket f\u00f6rv\u00e5nade stegade Gabriella Norenius och Milad Karma fram och fick motta diplom och en check p\u00e5 5.000 kronor.<\/p>\n<p>&nbsp;<\/p>\n<p><a title=\"F\u00f6reningen Equal Rights for Integration fick 5i12-priset\" href=\"https:\/\/www.flickr.com\/photos\/kultursidan\/45291773465\/in\/album-72157704339636794\/\"><img loading=\"lazy\" decoding=\"async\" src=\"https:\/\/farm5.staticflickr.com\/4901\/45291773465_cb2983ff35.jpg\" alt=\"F\u00f6reningen Equal Rights for Integration fick 5i12-priset\" width=\"500\" height=\"332\" \/><\/a><br \/>\n<em>Styrelsen f\u00f6r Equal Rights for Integration skulle \u00e4ta lunch ihop. Det blev ett pris i st\u00e4llet. Susanne Ivarsson Annki Nilsson Yahya Mozain, Milad Karma och Gabriella Norenius.<\/em><\/p>\n<p>&nbsp;<\/p>\n<p><strong>F\u00f6reningen startade 2014 med m\u00f6tesplatsen \u201dSpr\u00e5kv\u00e4nner\u201d, ett spr\u00e5kkaf\u00e9 d\u00e4r svensktalande deltagare och nyanl\u00e4nda tr\u00e4ffas, fikar och pratar svenska med varandra.<\/strong> En del av verksamheten handlar om att matcha deltagare s\u00e5 de hittar nya v\u00e4nner.<\/p>\n<p>\u2013 Det brukar vara 20\u201330 deltagare som tr\u00e4ffas, ber\u00e4ttar projektledaren Gabriella Norenius om spr\u00e5k.<\/p>\n<p>Milad som numera \u00e4r volont\u00e4r kom till Sverige f\u00f6r tre \u00e5r sedan. Han s\u00e4ger att f\u00f6reningen hj\u00e4lpt honom att bli integrerad i svenska samh\u00e4llet.<\/p>\n<p><strong>F\u00f6reningen h\u00e5ller till i ABF:s lokaler i Bergslagsg\u00e5rden d\u00e4r verksamhetsledaren Annki Nilsson var med om att starta upp f\u00f6reningen.<\/strong> Hon tillsammans med styrelseledam\u00f6terna Susanne Ivarsson och Yahya Mozain var ocks\u00e5 p\u00e5 plats d\u00e5 alla var kallade till en \u201dlunch f\u00f6r styrelsen\u201d p\u00e5 Domino.<\/p>\n<p>F\u00f6reningen driver ocks\u00e5 Kreativa spr\u00e5kv\u00e4nner p\u00e5 Norrk\u00f6pings stadsmuseum. De tv\u00e5 Spr\u00e5kv\u00e4ns-aktiviteterna turas om varannan vecka. Dessutom arrangeras f\u00f6rel\u00e4sningar i olika \u00e4mnen.<\/p>\n<p><em>\u00a9 Text och foto: Sven \u00c5ke Molund\u2028<\/em><\/p>\n<blockquote>\n<h4>DOMINO Norrk\u00f6ping<\/h4>\n<p>5 december 2018 kl 11.55<br \/>\n<strong>5 i 12-priset<\/strong><br \/>\n<strong>\u2028\u2028F\u00f6reningen Equal Rights for Integration<\/strong><br \/>\nArr: Brottsf\u00f6rebyggande r\u00e5det och Norrk\u00f6pings kommun<\/p>\n<p style=\"padding-left: 30px;\">TIDIGARE MOTTAGARE<br \/>\n2017 \u2013 Marieborgs folkh\u00f6gskola<br \/>\n2016 \u2013 Ett Norrk\u00f6ping f\u00f6r alla<br \/>\n2015 \u2013 Hela m\u00e4nniskan i Norrk\u00f6ping<br \/>\n2014 \u2013 Lennart \u201dNenne\u201d Carlsson \u2013 f\u00f6rsamlingspedagog<br \/>\n2013 \u2013 Det handlar om k\u00e4rlek \u2013 samverkansgrupp\/metod<br \/>\n2012 \u2013 KFUM Norrk\u00f6ping<br \/>\n2011 \u2013 Desir\u00e9e Ljungkrantz \u2013 Norrk\u00f6ping Pride<br \/>\n2010 \u2013 Robin Karlsson \u2013 Arbisteatern<br \/>\n2009 \u2013 Norrk\u00f6pings Boxningsklubb Akilles<br \/>\n2008 \u2013 KRIS och UNGA KRIS<br \/>\n2007 \u2013 Stefan Hellberg \u2013 IF Sylvia<br \/>\n2006 \u2013 Orlando Cardenas \u2013 F\u00f6reningen M\u00e5ngfalden<br \/>\n2005 \u2013 Johan Paldanius och Norrk\u00f6pings Atletklubb<br \/>\n2004 \u2013 F\u00f6reningen Cityfiske i Norrk\u00f6ping<br \/>\n2003 \u2013 Juno Gyllander \u2013 Kvinnoprojekt i Marielund<br \/>\n2002 \u2013 Eva Lips \u2013 Diskrimineringsbyr\u00e5n i \u00d6sterg\u00f6tland<br \/>\n2001 \u2013 Stephan Andersson \u2013 rektor i Navestad<br \/>\n2000 \u2013 Susanne Wiman, dansprojekt i Marielund<br \/>\n1999 \u2013 Fritidsg\u00e5rden Frinavet i Norrk\u00f6ping<\/p>\n<\/blockquote>\n<p>L\u00c4NKAR<br \/>\nF\u00f6reningen Equal Rights for Integration <a href=\"http:\/\/equalrights.se\" target=\"_blank\" rel=\"noopener\">hemsida<\/a> <a href=\"https:\/\/www.facebook.com\/equalrightsforintegration\/\" target=\"_blank\" rel=\"noopener\">Facebook<\/a><br \/>\nNorrk\u00f6pings kommun <a href=\"http:\/\/www.norrkoping.se\/organisation\/trygghet-och-folkhalsa\/brottsforebyggande-arbete\/fem-i-tolv-priset.html\" target=\"_blank\" rel=\"noopener\">5i12-priset<\/a><\/p>\n","protected":false},"excerpt":{"rendered":"<p>NORRK\u00d6PING Spr\u00e5kv\u00e4nner. F\u00f6reningen Equal Rights for Integration startade spr\u00e5kkaf\u00e9 med v\u00e4nskapsmatchning 2014. Ig\u00e5r 5 december 2018 tog tv\u00e5 \u00f6verraskade representanter emot Norrk\u00f6pings kommuns 5i12-pris som delades ut f\u00f6r 20:e \u00e5ret. <a class=\"continue-reading-link\" href=\"https:\/\/www.kultursidan.nu\/?p=39331\">L\u00e4s mer <span class=\"meta-nav\">&rarr; <\/span><\/a><\/p>\n","protected":false},"author":1001006,"featured_media":0,"comment_status":"closed","ping_status":"open","sticky":false,"template":"","format":"standard","meta":{"_jetpack_memberships_contains_paid_content":false,"footnotes":""},"categories":[7],"tags":[39],"class_list":["post-39331","post","type-post","status-publish","format-standard","hentry","category-norrkoping","tag-pris"],"jetpack_featured_media_url":"","jetpack_sharing_enabled":true,"_links":{"self":[{"href":"https:\/\/www.kultursidan.nu\/index.php?rest_route=\/wp\/v2\/posts\/39331","targetHints":{"allow":["GET"]}}],"collection":[{"href":"https:\/\/www.kultursidan.nu\/index.php?rest_route=\/wp\/v2\/posts"}],"about":[{"href":"https:\/\/www.kultursidan.nu\/index.php?rest_route=\/wp\/v2\/types\/post"}],"author":[{"embeddable":true,"href":"https:\/\/www.kultursidan.nu\/index.php?rest_route=\/wp\/v2\/users\/1001006"}],"replies":[{"embeddable":true,"href":"https:\/\/www.kultursidan.nu\/index.php?rest_route=%2Fwp%2Fv2%2Fcomments&post=39331"}],"version-history":[{"count":3,"href":"https:\/\/www.kultursidan.nu\/index.php?rest_route=\/wp\/v2\/posts\/39331\/revisions"}],"predecessor-version":[{"id":39335,"href":"https:\/\/www.kultursidan.nu\/index.php?rest_route=\/wp\/v2\/posts\/39331\/revisions\/39335"}],"wp:attachment":[{"href":"https:\/\/www.kultursidan.nu\/index.php?rest_route=%2Fwp%2Fv2%2Fmedia&parent=39331"}],"wp:term":[{"taxonomy":"category","embeddable":true,"href":"https:\/\/www.kultursidan.nu\/index.php?rest_route=%2Fwp%2Fv2%2Fcategories&post=39331"},{"taxonomy":"post_tag","embeddable":true,"href":"https:\/\/www.kultursidan.nu\/index.php?rest_route=%2Fwp%2Fv2%2Ftags&post=39331"}],"curies":[{"name":"wp","href":"https:\/\/api.w.org\/{rel}","templated":true}]}}