{"id":39363,"date":"2018-12-07T14:49:46","date_gmt":"2018-12-07T13:49:46","guid":{"rendered":"https:\/\/intelligent-friend-7861.standoutwp.com\/?p=39363"},"modified":"2018-12-08T09:54:33","modified_gmt":"2018-12-08T08:54:33","slug":"frida-hallander-granskar-rejmyre","status":"publish","type":"post","link":"https:\/\/www.kultursidan.nu\/?p=39363","title":{"rendered":"Frida H\u00e5llander granskar Rejmyre"},"content":{"rendered":"<p><img loading=\"lazy\" decoding=\"async\" class=\"alignnone size-medium wp-image-39371\" src=\"https:\/\/www.kultursidan.nu\/wp-content\/uploads\/2018\/12\/IMG_4825-567x425.jpg\" alt=\"\" width=\"567\" height=\"425\" srcset=\"https:\/\/www.kultursidan.nu\/wp-content\/uploads\/2018\/12\/IMG_4825-567x425.jpg 567w, https:\/\/www.kultursidan.nu\/wp-content\/uploads\/2018\/12\/IMG_4825-150x113.jpg 150w, https:\/\/www.kultursidan.nu\/wp-content\/uploads\/2018\/12\/IMG_4825-444x333.jpg 444w, https:\/\/www.kultursidan.nu\/wp-content\/uploads\/2018\/12\/IMG_4825.jpg 640w\" sizes=\"auto, (max-width: 567px) 100vw, 567px\" \/><br \/>\n<em>Sk\u00f6rhet. Frida H\u00e5llanders arbete, tryckt p\u00e5 silkespapper, kretsar kring gifternas p\u00e5verkan p\u00e5 m\u00e4nniskor och milj\u00f6. I vinter st\u00e4ller hon ut i Rejmyre hantverksby, ett l\u00e5gm\u00e4lt pussel om stora samband.<br \/>\n<\/em><\/p>\n<p>&nbsp;<\/p>\n<h1><span style=\"color: #ff0000;\">Vill f\u00f6rst\u00e5 vad som h\u00e4nt h\u00e4r<\/span><\/h1>\n<p>&nbsp;<\/p>\n<p>FINSP\u00c5NG <strong>Gifterna i kroppen.<\/strong> Frida H\u00e5llander \u00e4r b\u00e5de konstn\u00e4r och akademisk forskare. N\u00e4r hon tar vid som n\u00e4sta utst\u00e4llare inom projektet &#8221;De Tox \u2013 Clean it Up&#8221; hos Rejmyre Art Lab har hon l\u00e4st p\u00e5 i den milj\u00f6tekniska markutredningen. Tunt silkespapper f\u00e5r representera arbetarens lunga.<\/p>\n<p><strong>Frida H\u00e5llander studerade keramik och glas under sin tid p\u00e5 Konstfack.<\/strong> Nu \u00e4r hon doktorand. I sina tidigare akademiska studier har hon forskat i textil historia. Avhandlingsarbetet resulterar bland annat i en bok som kommer till v\u00e5ren, <em>Vems hand \u00e4r det som g\u00f6r?<\/em> Den baseras p\u00e5 m\u00e5ng\u00e5rig konstn\u00e4rlig forskning som handlar om konsthantverk, klass, feminism och om viljan att ta strid.<\/p>\n<p>\u2013 Jag har forskat om objekt som tagit strid. Dels \u00d6xab\u00e4ck IF \u2013 damfotbollslaget som designade sina egna shorts. Dels antislaveriet inom Wedgewood och r\u00f6str\u00e4ttsr\u00f6relsen.<\/p>\n<p>&nbsp;<\/p>\n<p><a title=\"Frida H\u00e5llander\" href=\"https:\/\/www.flickr.com\/photos\/kultursidan\/46165563832\/in\/album-72157704398631915\/\"><img loading=\"lazy\" decoding=\"async\" src=\"https:\/\/farm5.staticflickr.com\/4904\/46165563832_b490160e1d.jpg\" alt=\"Frida H\u00e5llander\" width=\"500\" height=\"333\" \/><\/a><br \/>\n<em>Frida H\u00e5llander. Arbetet med hennes del av projektet inleddes redan i april. I somras deltog hon i konstn\u00e4rernas gemensamma vecka i Rejmyre.<\/em><\/p>\n<p>&nbsp;<\/p>\n<p><strong>Detta ber\u00e4ttar hon n\u00e4r det fortfarande \u00e4r sommar och Rejmyre Art Lab kallat konstn\u00e4rer att samlats kring projektet &#8221;De Tox \u2013 Clean it Up&#8221;<\/strong> som cirklar kring milj\u00f6f\u00f6roreningarna vid ortens glasbruk. &#8221;De Tox&#8221; knyter an till tidigare projekt som Rejmyre Art Lab genomf\u00f6rt, med fr\u00e4mst Daniel Peltz brobyggande verk <em>En fristad i Rejmyre<\/em> som kunde ses p\u00e5 Rejmyre Art Labs utst\u00e4llning p\u00e5 Norrk\u00f6pings Konstmuseum i somras. \u00c4ven David Larssons <em>Det fanns inget annat att g\u00f6ra med skogen<\/em> p\u00e5 samma utst\u00e4llning l\u00e4mnar en tr\u00e5d<em>.<\/em><\/p>\n<p><strong>Frida H\u00e5llanders bidrag till konstn\u00e4rsgruppens sommarvecka var tv\u00e5 skrifter fr\u00e5n glasbrukets fackf\u00f6rening.<\/strong><\/p>\n<p>\u2013 Vi studerade texterna tillsammans, om organiseringen h\u00e4r, om striderna, en strejk. Jag f\u00f6rs\u00f6ker f\u00f6rst\u00e5 vad som h\u00e4nde under de h\u00e4r \u00e5ren. Jag \u00e4r intresserad av hur organisering har tagit form i industriella milj\u00f6er.<\/p>\n<p><strong>H\u00e4r i Rejmyre handlar det allts\u00e5 om f\u00f6roreningarna bakom glasbruket.<\/strong> D\u00e4r har avfall fr\u00e5n glastillverkningen, mindre eller mer giftigt beroende p\u00e5 vilka f\u00e4rg\u00e4mnen som anv\u00e4nts, lagt p\u00e5 h\u00f6g genom glasbrukets forna historia.<\/p>\n<p>Viktig \u00e4r \u00e4ven en personlig aspekt f\u00f6r Frida H\u00e5llander. Hennes farfar, som bland annat jobbade p\u00e5 Limmareds glasbruk i Tranemo kommun, utvecklade lungefysem. Sjukdomen inneb\u00e4r att den drabbade l\u00e5ngsamt kv\u00e4vs till d\u00f6ds, en process som tar flera \u00e5r och \u00e4r mycket pl\u00e5gsam.<\/p>\n<p>&nbsp;<\/p>\n<p><a title=\"Frida H\u00e5llander \u2013 Fabrikens lunga\" href=\"https:\/\/www.flickr.com\/photos\/kultursidan\/45502760014\/in\/album-72157704398631915\/\"><img loading=\"lazy\" decoding=\"async\" src=\"https:\/\/farm5.staticflickr.com\/4843\/45502760014_1710149e75.jpg\" alt=\"Frida H\u00e5llander \u2013 Fabrikens lunga\" width=\"500\" height=\"375\" \/><\/a><br \/>\n<em>Bruksorten. Gamla bilder som konstn\u00e4ren funnit i sitt s\u00f6kande rymmer element, som fabriksr\u00f6k och granskog, och som \u00e5teranv\u00e4nds i nya kombinationer.<\/em><\/p>\n<p>&nbsp;<\/p>\n<p style=\"padding-left: 60px;\"><em>I mitt arbete med deponin har jag riktat mitt fokus mot lungan. Lungan \u00e4r en del av den m\u00e4nskliga kroppen \u2013 den arbetande lungan. <\/em><em>Men lungan kan ocks\u00e5 metaforiskt st\u00e5 f\u00f6r fabriken i samh\u00e4llskroppen, som en metafor f\u00f6r hur ett samh\u00e4lle \u00e4r inr\u00e4ttat: dess ekonomi och v\u00e4lf\u00e4rd.<\/em><\/p>\n<p>\u2026skriver Frida H\u00e5llander i sin presentation av utst\u00e4llningen som \u00f6ppnar i Rejmyre Art Labs lokal p\u00e5 l\u00f6rdag, samtidigt som det \u00e4r dags f\u00f6r Julmarknad i Rejmyre.<\/p>\n<p><strong>Bland det Frida H\u00e5llander st\u00e4ller ut finns tunt silkespapper som f\u00e5r representera arbetarens lunga.<\/strong> Hon har ocks\u00e5 tecknat lungan som organ. P\u00e5 en bild genomkorsas den av en utstr\u00e4ckt underarm, b\u00e4r den som en sk\u00f6ld eller arbetsverktyg.<\/p>\n<p>P\u00e5 ett papper finns en text h\u00e4mtad fr\u00e5n kommunens milj\u00f6tekniska markutredning fr\u00e5n 2016:<\/p>\n<p style=\"padding-left: 60px;\"><em>Vuxna och barn som vistas p\u00e5 bruksomr\u00e5det, gr\u00e4ver i jorden vid ej h\u00e5rdgjorda ytor<br \/>\neller kanske letar igenom avfallsh\u00f6gar efter kasserade glasprodukter,<br \/>\nriskerar uts\u00e4ttas f\u00f6r h\u00f6gre f\u00f6roreningshalter \u00e4n de l\u00e5griskniv\u00e5er som generellt efterstr\u00e4vas.<\/em><\/p>\n<p>&nbsp;<\/p>\n<p><a title=\"Frida H\u00e5llander \u2013 Fabrikens lunga\" href=\"https:\/\/www.flickr.com\/photos\/kultursidan\/45502759964\/in\/album-72157704398631915\/\"><img loading=\"lazy\" decoding=\"async\" src=\"https:\/\/farm5.staticflickr.com\/4839\/45502759964_f138c9e957.jpg\" alt=\"Frida H\u00e5llander \u2013 Fabrikens lunga\" width=\"500\" height=\"375\" \/><\/a><br \/>\n<em>Koncentrat. H\u00e4r sammanfogas element som konstn\u00e4ren h\u00e4mtat fr\u00e5n skogen, (samh\u00e4lls-)lungan och den symboliska kvinnogestalten h\u00e4mtad fr\u00e5n Svenska fabriksavdelningen 376 Rejmyre:s standar.<\/em><\/p>\n<p>&nbsp;<\/p>\n<p><strong>Under h\u00f6sten bes\u00f6kte Frida H\u00e5llander Arbetarr\u00f6relsens arkiv i Flemingsberg f\u00f6r att studera glasbruksarbetarnas tidiga fackliga arbete.<\/strong> Hos Norrk\u00f6pings F\u00f6reningsarkiv har hon hittat en bild fr\u00e5n Svenska fabriksarbetaref\u00f6rbundet avdelning 376 \u2013 Rejmyre.<\/p>\n<p>\u2013 I st\u00e4llet f\u00f6r att v\u00e4nda mig till formgivarnas historia s\u00e5 vill jag unders\u00f6ka arbetarnas, understryker Frida H\u00e5llander.<\/p>\n<p>\u2013 Jag t\u00e4nker mig ett nystan. Det finns alltid ber\u00e4ttelser.<\/p>\n<p><em>\u00a9 Text: Ann-Charlotte Sandelin\u2028<\/em><br \/>\n<em>\u00a9 Foto: Sissi Westerberg, Frida H\u00e5llander, Ann-Charlotte Sandelin, Ald\u00eds Ellertsd\u00f3ttir Hoff<br \/>\n<\/em><\/p>\n<p>BILDSPEL \u2013 KLICKA P\u00c5 BILDENS PILAR<\/p>\n<p><a data-flickr-embed='true' href='https:\/\/www.flickr.com\/photos\/kultursidan\/sets\/72157704398631915' title='Frida H\u00e5llander, Rejmyre Art Lab 2018 by Kultursidan, on Flickr'><img src='https:\/\/live.staticflickr.com\/4914\/46226543051_133bcaef4d_z.jpg' width='800' height='600' alt='Frida H\u00e5llander \u2013 Fabrikens lunga'><\/a><script async src='https:\/\/embedr.flickr.com\/assets\/client-code.js' charset='utf-8'><\/script><\/p>\n<blockquote>\n<h4>REJMYRE HANTVERKSBY Finsp\u00e5ng<\/h4>\n<p>2018\u20132020<br \/>\n<strong>DeTox \u2013 Clean It Up<\/strong><br \/>\nKonstn\u00e4rligt forskningsprojekt<br \/>\nProd: Rejmyre Art LAB<\/p>\n<p style=\"padding-left: 30px;\">MEDVERKANDE<br \/>\nHarrie Liveart \u2013 Meri Linna &amp; Saija Kassinen<br \/>\nMattias Hofvendahl<br \/>\nFrida H\u00e5llander<br \/>\nMaddie Leach<br \/>\nHasti Radpour<br \/>\nDaniel Peltz &amp; Kristoffer Tejlgaard<br \/>\nSissi Westerberg<\/p>\n<p>&nbsp;<\/p>\n<p style=\"padding-left: 30px;\">28 juli 2018 kl 14<br \/>\n<strong>Harrie Liveart<\/strong><br \/>\nPerformance<br \/>\nMeri Linna och Saija Kassinen<\/p>\n<p style=\"padding-left: 30px;\">1 september \u2013 2 december 2018<br \/>\n<strong>Out of Sight, Out of Mind<\/strong><br \/>\n<strong>Hasti Radpour<\/strong><br \/>\nInstallation\/Skulptur<\/p>\n<p style=\"padding-left: 30px;\">1 september 2018<br \/>\n<strong>Dokument\u00e4rfilm om DeTox-projektet<\/strong><br \/>\n<strong>Kent Karlsson<\/strong><br \/>\nPremi\u00e4rvisning<\/p>\n<p>8 december 2018 \u2013 3 februari 2019<br \/>\n<strong>Fabrikens lunga<\/strong><br \/>\n<strong>D\u00f6d; lunga; hand <\/strong><br \/>\n<strong>&amp; om l\u00f6ftet <\/strong><br \/>\n<strong>Frida H\u00e5llander<\/strong><br \/>\nInstallation\/Utst\u00e4llning<\/p>\n<p>fler utst\u00e4llningar f\u00f6ljer<\/p><\/blockquote>\n<p>L\u00c4NKAR<br \/>\nFrida H\u00e5llander <a href=\"http:\/\/www.fridahallander.se\" target=\"_blank\" rel=\"noopener\">hemsida<\/a>\u00a0\u00a0<a href=\"http:\/\/www.konsthantverkisverige.se\/1\/pdf\/konsthantverk-i-sverige-del-1_18.pdf\" target=\"_blank\" rel=\"noopener\">ess\u00e4\/Konsthantverk i Sverige<\/a><br \/>\nRejmyre Art Lab <a href=\"http:\/\/rejmyreartlaborg.ipage.com\/home2014.html\" target=\"_blank\" rel=\"noopener noreferrer\">hemsida<\/a> <a href=\"https:\/\/www.facebook.com\/RejmyreArtLAB\/?fref=ts\" target=\"_blank\" rel=\"noopener noreferrer\">Facebook<\/a>\u00a0<a href=\"https:\/\/www.facebook.com\/events\/260468041235661\/\" target=\"_blank\" rel=\"noopener\">\u00a0FB-evenemang<\/a><br \/>\nHasti Radpour siktar p\u00e5 nytt i Rejmyre <a href=\"https:\/\/www.kultursidan.nu\/?p=38025\" target=\"_blank\" rel=\"noopener\">reportage<\/a> Kultursidan.nu 6\/9 2018<br \/>\nHarrie Liveart f\u00f6rst ut i Rejmyre Art Lab <a href=\"https:\/\/www.kultursidan.nu\/?p=37218\" target=\"_blank\" rel=\"noopener\">reportage<\/a> Kultursidan.nu 16\/7 2018<br \/>\nEster Almqvist m\u00f6ter Rejmyre Art Lab <a href=\"https:\/\/www.kultursidan.nu\/?p=35799\" target=\"_blank\" rel=\"noopener\">reportage<\/a> Kultursidan.nu 8\/4 2018<br \/>\nDavid Larsson och skogen i Rejmyre <a href=\"https:\/\/www.kultursidan.nu\/?p=29328\" target=\"_blank\" rel=\"noopener\">reportage<\/a> Kultursidan.nu 10\/2 2017<\/p>\n","protected":false},"excerpt":{"rendered":"<p>FINSP\u00c5NG Gifterna i kroppen. Frida H\u00e5llander \u00e4r b\u00e5de konstn\u00e4r och akademisk forskare. N\u00e4r hon tar vid som n\u00e4sta utst\u00e4llare inom projektet &#8221;De Tox \u2013 Clean it Up&#8221; hos Rejmyre Art Lab har hon l\u00e4st p\u00e5 i den milj\u00f6tekniska markutredningen. Tunt silkespapper f\u00e5r representera arbetarens lunga.  <a class=\"continue-reading-link\" href=\"https:\/\/www.kultursidan.nu\/?p=39363\">L\u00e4s mer <span class=\"meta-nav\">&rarr; <\/span><\/a><\/p>\n","protected":false},"author":1001006,"featured_media":0,"comment_status":"closed","ping_status":"open","sticky":false,"template":"","format":"standard","meta":{"_jetpack_memberships_contains_paid_content":false,"footnotes":""},"categories":[4],"tags":[14,47],"class_list":["post-39363","post","type-post","status-publish","format-standard","hentry","category-finspong","tag-konst","tag-utstallning"],"jetpack_featured_media_url":"","jetpack_sharing_enabled":true,"_links":{"self":[{"href":"https:\/\/www.kultursidan.nu\/index.php?rest_route=\/wp\/v2\/posts\/39363","targetHints":{"allow":["GET"]}}],"collection":[{"href":"https:\/\/www.kultursidan.nu\/index.php?rest_route=\/wp\/v2\/posts"}],"about":[{"href":"https:\/\/www.kultursidan.nu\/index.php?rest_route=\/wp\/v2\/types\/post"}],"author":[{"embeddable":true,"href":"https:\/\/www.kultursidan.nu\/index.php?rest_route=\/wp\/v2\/users\/1001006"}],"replies":[{"embeddable":true,"href":"https:\/\/www.kultursidan.nu\/index.php?rest_route=%2Fwp%2Fv2%2Fcomments&post=39363"}],"version-history":[{"count":7,"href":"https:\/\/www.kultursidan.nu\/index.php?rest_route=\/wp\/v2\/posts\/39363\/revisions"}],"predecessor-version":[{"id":39372,"href":"https:\/\/www.kultursidan.nu\/index.php?rest_route=\/wp\/v2\/posts\/39363\/revisions\/39372"}],"wp:attachment":[{"href":"https:\/\/www.kultursidan.nu\/index.php?rest_route=%2Fwp%2Fv2%2Fmedia&parent=39363"}],"wp:term":[{"taxonomy":"category","embeddable":true,"href":"https:\/\/www.kultursidan.nu\/index.php?rest_route=%2Fwp%2Fv2%2Fcategories&post=39363"},{"taxonomy":"post_tag","embeddable":true,"href":"https:\/\/www.kultursidan.nu\/index.php?rest_route=%2Fwp%2Fv2%2Ftags&post=39363"}],"curies":[{"name":"wp","href":"https:\/\/api.w.org\/{rel}","templated":true}]}}