{"id":39374,"date":"2018-12-08T19:34:11","date_gmt":"2018-12-08T18:34:11","guid":{"rendered":"https:\/\/intelligent-friend-7861.standoutwp.com\/?p=39374"},"modified":"2018-12-08T19:34:11","modified_gmt":"2018-12-08T18:34:11","slug":"lisa-streichs-gitarrkonsert-for-son","status":"publish","type":"post","link":"https:\/\/www.kultursidan.nu\/?p=39374","title":{"rendered":"Lisa Streichs gitarrkonsert f\u00f6r SON"},"content":{"rendered":"<p><img loading=\"lazy\" decoding=\"async\" class=\"alignnone size-medium wp-image-39375\" src=\"https:\/\/www.kultursidan.nu\/wp-content\/uploads\/2018\/12\/DSCF4028-567x378.jpg\" alt=\"\" width=\"567\" height=\"378\" srcset=\"https:\/\/www.kultursidan.nu\/wp-content\/uploads\/2018\/12\/DSCF4028-567x378.jpg 567w, https:\/\/www.kultursidan.nu\/wp-content\/uploads\/2018\/12\/DSCF4028-768x512.jpg 768w, https:\/\/www.kultursidan.nu\/wp-content\/uploads\/2018\/12\/DSCF4028-1024x683.jpg 1024w, https:\/\/www.kultursidan.nu\/wp-content\/uploads\/2018\/12\/DSCF4028-150x100.jpg 150w, https:\/\/www.kultursidan.nu\/wp-content\/uploads\/2018\/12\/DSCF4028-500x333.jpg 500w, https:\/\/www.kultursidan.nu\/wp-content\/uploads\/2018\/12\/DSCF4028.jpg 1200w\" sizes=\"auto, (max-width: 567px) 100vw, 567px\" \/><br \/>\n<em>\u00c4ggsk\u00e4rare. Solisten Laura Snowdens gitarr var preparerad med extra ljusa str\u00e4ngar.<\/em><\/p>\n<p>&nbsp;<\/p>\n<h1><span style=\"color: #ff0000;\">Tystnad \u00e4r en viktig ingrediens<\/span><\/h1>\n<p>&nbsp;<\/p>\n<p>NORRK\u00d6PING <strong>Beethoven p\u00e5 operahum\u00f6r, nyskrivet f\u00f6r gitarr och en hyllning till musiken och livet signerat Carl Nielsen.<\/strong> Norrk\u00f6pings symfoniorkester bj\u00f6d i torsdags kv\u00e4ll \u00e4n en g\u00e5ng p\u00e5 ett program med stor sp\u00e4nnvidd.<\/p>\n<p><strong>Lisa Streich heter komposit\u00f6ren bakom <em>Augenlider<\/em> (\u00d6gonlock) \u2013 kv\u00e4llens konsert f\u00f6r gitarrsolist.<\/strong> Verket \u00e4r en best\u00e4llning fr\u00e5n SON som denna kv\u00e4ll uppf\u00f6r verket f\u00f6r f\u00f6rsta g\u00e5ngen i Sverige. Musik som utmanar och t\u00e4njer p\u00e5 gr\u00e4nserna. Lisa Streich utforskar instrumentens uttryck och har preparerat solistinstrumentet med b\u00e5de h\u00e5rkl\u00e4mmor och \u00e4ggsk\u00e4rare f\u00f6r att addera toner och klang.<\/p>\n<p>Tystnad \u00e4r en viktig ingrediens i kompositionen. Det \u00e4r fascinerande att lyssna p\u00e5 en orkester som spelar s\u00e5 tyst att det n\u00e4stan \u00e4r oh\u00f6rbart. Pl\u00f6tsliga utspel bryter av med en rytmisk sekvens som p\u00e5minner om en maskin eller en klocka. Gitarren svarar med ett entonigt tickande. Vattenfyllda bastromboner gurglar. Ibland blir ljudet h\u00e5rdare, som ett regnsmatter.<\/p>\n<p>&nbsp;<\/p>\n<p><a title=\"Norrk\u00f6pings Symfoniorkester med Dirigent Christian Kluxen, Solist Laura Snowden och komposit\u00f6r Lisa Streich\" href=\"https:\/\/www.flickr.com\/photos\/kultursidan\/46181731622\/in\/album-72157674320934347\/\"><img loading=\"lazy\" decoding=\"async\" src=\"https:\/\/farm5.staticflickr.com\/4830\/46181731622_4c7af74be5.jpg\" alt=\"Norrk\u00f6pings Symfoniorkester med Dirigent Christian Kluxen, Solist Laura Snowden och komposit\u00f6r Lisa Streich\" width=\"500\" height=\"333\" \/><\/a><br \/>\n<em>Repetition. Dirigenten Christian Kluxen konfererade ofta med komposit\u00f6ren Lisa Streich.<\/em><\/p>\n<p>&nbsp;<\/p>\n<p><strong>Solisten Laura Snowden spelar b\u00e5de med och mot orkestern.<\/strong> I en sekvens dr\u00e4nks gitarren n\u00e4stan helt av en enerverande h\u00f6g ton fr\u00e5n orkestern. Men tonen fungerar ocks\u00e5 som ett filter som lyfter fram gitarrsolot.<\/p>\n<p>Sk\u00f6ra toner fr\u00e5n \u00e4ggsk\u00e4raren lockar fram en valsmelodi, men egentligen \u00e4r det sv\u00e5rt att tala om melodi i det h\u00e4r verket. Det \u00e4r ett intressant musikaliskt experiment som h\u00e5ller \u00e5h\u00f6raren vaken och st\u00e4ndigt beredd p\u00e5 nya intryck. Gitarren som soloinstrument h\u00e5ller en f\u00f6rv\u00e5nansv\u00e4rt l\u00e5gm\u00e4ld profil utan virtuosa utspel som annars \u00e4r brukligt.<\/p>\n<p>&nbsp;<\/p>\n<p><a title=\"Norrk\u00f6pings Symfoniorkester med Dirigent Christian Kluxen, Solist Laura Snowden och komposit\u00f6r Lisa Streich\" href=\"https:\/\/www.flickr.com\/photos\/kultursidan\/46232323451\/in\/album-72157674320934347\/\"><img loading=\"lazy\" decoding=\"async\" src=\"https:\/\/farm5.staticflickr.com\/4917\/46232323451_498cfd1cdc.jpg\" alt=\"Norrk\u00f6pings Symfoniorkester med Dirigent Christian Kluxen, Solist Laura Snowden och komposit\u00f6r Lisa Streich\" width=\"500\" height=\"333\" \/><\/a><br \/>\n<em>Musikalisk bredd. Dirigenten Christian Kluxen samarbetar ofta med Norrk\u00f6pings Symfoniorkester.<\/em><\/p>\n<p>&nbsp;<\/p>\n<p><strong>Carl Nielsens fj\u00e4rde symfoni <em>Det uudsluukelige<\/em> (Det outsl\u00e4ckliga) var enligt komposit\u00f6ren sj\u00e4lv en hyllning till musiken som en sinnebild \u00f6ver livet.<\/strong> Musiken \u00e4r liv \u2013 lika okuvligt som livet sj\u00e4lvt. Kraftfullt drar musiken ig\u00e5ng f\u00f6r att g\u00e5 \u00f6ver i ett ljust och l\u00e4tt parti med cellon som solist. Sedan storvulet och ljudt\u00e4tt igen. Fl\u00f6jt och horn i dialog, best\u00e4mda str\u00e5kar i ett \u00e5terkommande tema som n\u00e5r en explosiv avslutning p\u00e5 f\u00f6rsta satsen.<\/p>\n<p>Sirligt och korrekt ger sig tr\u00e4bl\u00e5set ut i en h\u00f6visk pardans som utvecklas till en glad dansmelodi. Str\u00e5karna st\u00e5r f\u00f6r det \u00f6desm\u00e4ttade och snabba ber\u00e4ttandet.<\/p>\n<p>Finalen bjuder p\u00e5 en duell mellan tv\u00e5 upps\u00e4ttningar pukor p\u00e5 vardera sida om orkestern. M\u00e4ktigt och sinnligt p\u00e5 samma g\u00e5ng.<\/p>\n<p><strong>Beethovens opera <em>Fidelio<\/em>, den enda han fullbordade, fick inte bara en utan fyra uvertyrer innan Beethoven var n\u00f6jd. <\/strong>Norrk\u00f6pings symfoniorkester v\u00e4ljer att inleda kv\u00e4llen med den tredje <em>Leonorauvertyren<\/em>. Musik som v\u00e4xer sig stark och slutar i triumf.<\/p>\n<p><em>\u00a9 Text: Felicia Eriksson<\/em><br \/>\n<em>\u00a9 (Repetitions-)Foto: Ann-Charlotte Sandelin<\/em><\/p>\n<p>BILDSPEL \u2013 KLICKA P\u00c5 BILDENS PILAR<\/p>\n<p><a data-flickr-embed='true' href='https:\/\/www.flickr.com\/photos\/kultursidan\/albums\/72157674320934347' title='Vinnande gitarrkonsert, Norrk\u00f6pings Symfoniorkester 2018 by Kultursidan, on Flickr'><img src='https:\/\/live.staticflickr.com\/4855\/46181730772_770094b847_z.jpg' width='800' height='600' alt='Komposit\u00f6r Lisa Streich under repetitionerna med Norrk\u00f6pings Symfoniorkester'><\/a><script async src='https:\/\/embedr.flickr.com\/assets\/client-code.js' charset='utf-8'><\/script><\/p>\n<blockquote>\n<h4>DE GEERHALLEN Norrk\u00f6ping<\/h4>\n<p>6 december 2018<br \/>\n<strong>Vinnande gitarrkonsert<\/strong><br \/>\nNorrk\u00f6pings Symfoniorkester<br \/>\nDirigent: Christian Kluxen<br \/>\nSolist: Laura Snowden<br \/>\nKonsertm\u00e4stare: Henrik Jon Petersen<\/p>\n<p style=\"padding-left: 30px;\">PROGRAM<br \/>\nLudwig van Beethoven (1770-1827) \u2013 Leonorauvertyr nr 3<br \/>\nLisa Streich (f 1985) \u2013 \u201dAugenlider\u201d, gitarrkonsert<br \/>\nCarl Nielsen (1865-1931) \u2013 Symfoni nr 4 \u201dDet uudsluukelige\u201d<\/p>\n<\/blockquote>\n<p>L\u00c4NKAR<br \/>\nLisa Streich <a href=\"http:\/\/www.lisastreich.se\" target=\"_blank\" rel=\"noopener\">hemsida<\/a><br \/>\nLaura Snowden <a href=\"http:\/\/www.laurasnowden.co.uk\" target=\"_blank\" rel=\"noopener\">hemsida<\/a><br \/>\nNorrk\u00f6pings symfoniorkester <a href=\"http:\/\/www.norrkopingssymfoniorkester.se\" target=\"_blank\" rel=\"noopener noreferrer\">hemsida<\/a> <a href=\"https:\/\/www.facebook.com\/norrkoping.symphony\/?fref=ts\" target=\"_blank\" rel=\"noopener noreferrer\">Facebook<\/a><\/p>\n<p>Dynamiskt och lysande med SON <a href=\"https:\/\/www.kultursidan.nu\/?p=39113\" target=\"_blank\" rel=\"noopener\">recension<\/a> Kultursidan.nu 20\/11 2018<br \/>\nDe gifta p\u00e5 Eiffeltornet v\u00e5gat spektakel <a href=\"https:\/\/www.kultursidan.nu\/?p=38775\" target=\"_blank\" rel=\"noopener\">recension<\/a> Kultursidan.nu 30\/10 2018<br \/>\nStefan Solyom inf\u00f6r on\u00e5bar konsert <a href=\"https:\/\/www.kultursidan.nu\/?p=38593\" target=\"_blank\" rel=\"noopener\">reportage<\/a> Kultursidan.nu 17\/10 2018<br \/>\nRafael Payare kv\u00e4llens stj\u00e4rna med SON <a href=\"https:\/\/www.kultursidan.nu\/?p=38548\" target=\"_blank\" rel=\"noopener\">recension<\/a> Kultursidan.nu 14\/10 2018<br \/>\n18.00-start med galant Johan Delene <a href=\"https:\/\/www.kultursidan.nu\/?p=38216\" target=\"_blank\" rel=\"noopener\">recension<\/a> Kultursidan.nu 22\/9 2018<br \/>\nStj\u00e4rnmoln och Ragnar\u00f6k med SON <a href=\"https:\/\/www.kultursidan.nu\/?p=38143\" target=\"_blank\" rel=\"noopener\">recension<\/a> Kultursidan.nu 16\/9 2018<br \/>\nPeter Mattei sj\u00f6ng Mahler med SON <a href=\"https:\/\/www.kultursidan.nu\/?p=38049\" target=\"_blank\" rel=\"noopener\">recension<\/a> Kultursidan.nu 8\/9 2018<br \/>\nSON spelar Wienklassiskt och nytt <a href=\"https:\/\/www.kultursidan.nu\/?p=36304\" target=\"_blank\" rel=\"noopener\">reportage<\/a> Kultursidan.nu 8\/5 2018<\/p>\n<p>Ung traditionalism och unga urladdningar <a href=\"https:\/\/www.kultursidan.nu\/?p=19886\" target=\"_blank\" rel=\"noopener\">recension<\/a> Kultursidan.nu 22\/5 2015<br \/>\nUnga tons\u00e4ttare vill ta plats p\u00e5 programmet <a href=\"https:\/\/www.kultursidan.nu\/?p=10407\" target=\"_blank\" rel=\"noopener\">reportage<\/a> Kultursidan.nu 6\/6 2013<br \/>\nAnne-Sophie Mutter konserterar och donerar <a href=\"https:\/\/www.kultursidan.nu\/?p=7233\" target=\"_blank\" rel=\"noopener\">reportage<\/a> Kultursidan.nu 14\/9 2012<\/p>\n","protected":false},"excerpt":{"rendered":"<p>NORRK\u00d6PING Beethoven p\u00e5 operahum\u00f6r, nyskrivet f\u00f6r gitarr och en hyllning till musiken och livet signerat Carl Nielsen. Norrk\u00f6pings symfoniorkester bj\u00f6d i torsdags kv\u00e4ll \u00e4n en g\u00e5ng p\u00e5 ett program med stor sp\u00e4nnvidd. <a class=\"continue-reading-link\" href=\"https:\/\/www.kultursidan.nu\/?p=39374\">L\u00e4s mer <span class=\"meta-nav\">&rarr; <\/span><\/a><\/p>\n","protected":false},"author":1001006,"featured_media":0,"comment_status":"closed","ping_status":"open","sticky":false,"template":"","format":"standard","meta":{"_jetpack_memberships_contains_paid_content":false,"footnotes":""},"categories":[7],"tags":[13],"class_list":["post-39374","post","type-post","status-publish","format-standard","hentry","category-norrkoping","tag-musik"],"jetpack_featured_media_url":"","jetpack_sharing_enabled":true,"_links":{"self":[{"href":"https:\/\/www.kultursidan.nu\/index.php?rest_route=\/wp\/v2\/posts\/39374","targetHints":{"allow":["GET"]}}],"collection":[{"href":"https:\/\/www.kultursidan.nu\/index.php?rest_route=\/wp\/v2\/posts"}],"about":[{"href":"https:\/\/www.kultursidan.nu\/index.php?rest_route=\/wp\/v2\/types\/post"}],"author":[{"embeddable":true,"href":"https:\/\/www.kultursidan.nu\/index.php?rest_route=\/wp\/v2\/users\/1001006"}],"replies":[{"embeddable":true,"href":"https:\/\/www.kultursidan.nu\/index.php?rest_route=%2Fwp%2Fv2%2Fcomments&post=39374"}],"version-history":[{"count":6,"href":"https:\/\/www.kultursidan.nu\/index.php?rest_route=\/wp\/v2\/posts\/39374\/revisions"}],"predecessor-version":[{"id":39381,"href":"https:\/\/www.kultursidan.nu\/index.php?rest_route=\/wp\/v2\/posts\/39374\/revisions\/39381"}],"wp:attachment":[{"href":"https:\/\/www.kultursidan.nu\/index.php?rest_route=%2Fwp%2Fv2%2Fmedia&parent=39374"}],"wp:term":[{"taxonomy":"category","embeddable":true,"href":"https:\/\/www.kultursidan.nu\/index.php?rest_route=%2Fwp%2Fv2%2Fcategories&post=39374"},{"taxonomy":"post_tag","embeddable":true,"href":"https:\/\/www.kultursidan.nu\/index.php?rest_route=%2Fwp%2Fv2%2Ftags&post=39374"}],"curies":[{"name":"wp","href":"https:\/\/api.w.org\/{rel}","templated":true}]}}