{"id":39414,"date":"2018-12-11T13:47:06","date_gmt":"2018-12-11T12:47:06","guid":{"rendered":"https:\/\/intelligent-friend-7861.standoutwp.com\/?p=39414"},"modified":"2018-12-11T13:47:06","modified_gmt":"2018-12-11T12:47:06","slug":"allsang-med-adolphson-falk-pa-arbis","status":"publish","type":"post","link":"https:\/\/www.kultursidan.nu\/?p=39414","title":{"rendered":"Alls\u00e5ng med Adolphson &#038; Falk p\u00e5 Arbis"},"content":{"rendered":"<p><img loading=\"lazy\" decoding=\"async\" class=\"alignnone size-medium wp-image-39415\" src=\"https:\/\/www.kultursidan.nu\/wp-content\/uploads\/2018\/12\/115-567x377.jpg\" alt=\"\" width=\"567\" height=\"377\" srcset=\"https:\/\/www.kultursidan.nu\/wp-content\/uploads\/2018\/12\/115-567x377.jpg 567w, https:\/\/www.kultursidan.nu\/wp-content\/uploads\/2018\/12\/115-768x510.jpg 768w, https:\/\/www.kultursidan.nu\/wp-content\/uploads\/2018\/12\/115-1024x680.jpg 1024w, https:\/\/www.kultursidan.nu\/wp-content\/uploads\/2018\/12\/115-150x100.jpg 150w, https:\/\/www.kultursidan.nu\/wp-content\/uploads\/2018\/12\/115-501x333.jpg 501w, https:\/\/www.kultursidan.nu\/wp-content\/uploads\/2018\/12\/115.jpg 1200w\" sizes=\"auto, (max-width: 567px) 100vw, 567px\" \/><br \/>\n<em>Jubileumsgl\u00e4dje. Adolphson &amp; Falk landade p\u00e5 Arbis scen i helgen. Duon har jobbat ihop sedan 1968, de slog igenom tidigt 1980-tal.<\/em><\/p>\n<p>&nbsp;<\/p>\n<h1><span style=\"color: #ff0000;\">En del av mitt livs soundtrack<\/span><\/h1>\n<p>&nbsp;<\/p>\n<p>RECENSION\/ NORRK\u00d6PING<strong> Ton\u00e5rsnostalgi.<\/strong> Adolphson &amp; Falks jubileumsshow p\u00e5 Arbis var definitivt inte ett svart h\u00e5l, det var en nebulosa som exploderade i ett euforiskt gl\u00e4djerus. Alls\u00e5ngen blinkade bl\u00e5 och snart blev det <em>Mer jul.<\/em><\/p>\n<p><strong>Publiken \u00e4r p\u00e5 plats tidigt till Adolphson &amp; Falks 50-\u00e5rsjubileumsshow p\u00e5 Arbis Bar och Salonger; det sorlas, minnen byts. <\/strong>Bakgrundsmusiken innan konsertstart \u00e4r hitsen fr\u00e5n 1980-talet. Jag f\u00e4rdas tillbaka till mina ton\u00e5r d\u00e5 jag lyssnade p\u00e5 Trackslistan varje l\u00f6rdag klockan 13.00 med laddad kassettbandspelare.<\/p>\n<p>Adolphsson &amp; Falk h\u00f6rde definitivt till mina ton\u00e5rsgurus och denna fredagskv\u00e4ll ger mig en episk nostalgitripp d\u00e4r jag flanerar p\u00e5 minnenas estrad. Duon har m\u00e5nga texter som refererar till de d\u00e4r tysta nattimmarna, de jag var beroende av f\u00f6r att k\u00e4nna mig hel i kropp och sj\u00e4l. Musik som definitivt varit en stor del av mitt livs soundtrack.<\/p>\n<p>&nbsp;<\/p>\n<p><a title=\"Adolphson &amp; Falk\" href=\"https:\/\/www.flickr.com\/photos\/kultursidan\/45548437164\/in\/album-72157701270313732\/\"><img loading=\"lazy\" decoding=\"async\" src=\"https:\/\/farm5.staticflickr.com\/4847\/45548437164_7f276fb730.jpg\" alt=\"Adolphson &amp; Falk\" width=\"332\" height=\"500\" \/><\/a><br \/>\n<em>Blinkar bl\u00e5. Anders Falk har inte sl\u00e4ppt gitarren.<\/em><\/p>\n<p>&nbsp;<\/p>\n<p><strong>Hardcorefansen \u00e4r med fr\u00e5n start.<\/strong> Alls\u00e5ngen g\u00e5r genom varenda l\u00e5t, med rungande appl\u00e5der och busvisslingar efter\u00e5t. Showen \u00e4r v\u00e4l genomt\u00e4nkt, videov\u00e4ggen blandas med Greg Fitzpatricks snygga syntkonst och fotografier genom Adolphson &amp; Falks 50-\u00e5riga karri\u00e4r. B\u00e5de ljudet och ljusshowen ligger perfekt mot deras musik. Hj\u00e4rnsynapserna g\u00e5r i ett euforiskt lyckorus.<\/p>\n<p><strong>Kultduons texter har realismens poesi men det \u00e4r ocks\u00e5 m\u00e5nga existentiella och filosofiska tankeg\u00e5ngar i det hela.<\/strong> Tidl\u00f6st. Hela tiden t\u00e4nker jag att nu g\u00e5r det nog inte att f\u00e5 n\u00e5gon mer favorit serverad men de facto \u00e4r att de gjort s\u00e5 m\u00e5nga bra l\u00e5tar.<\/p>\n<p>I mellansnacken ber\u00e4ttar de sin historia, hur en livsl\u00e5ng v\u00e4nskap inleddes n\u00e4r de m\u00f6ttes i lumpen 1968. De hade allts\u00e5 jobbat ihop i n\u00e4stan 15 \u00e5r, bland annat skrivit melodier f\u00f6r Barbro H\u00f6rberg, n\u00e4r Riksradions musikproducent LG Nilsson sammanf\u00f6rde dem med syntproffset Greg Fitzpatricks 1981.<\/p>\n<p><strong>Det var nu som de blev st\u00e4ndigt \u00e5terkommande inslag i radioprogrammen Eldorado och Metropol,<\/strong> som tillsammans med Tracks var de radioprogram som varenda ton\u00e5ring lyssnade p\u00e5.<\/p>\n<p>&nbsp;<\/p>\n<p><a title=\"Adolphson &amp; Falk\" href=\"https:\/\/www.flickr.com\/photos\/kultursidan\/45548437174\/in\/album-72157701270313732\/\"><img loading=\"lazy\" decoding=\"async\" src=\"https:\/\/farm5.staticflickr.com\/4814\/45548437174_8f92b8a93d.jpg\" alt=\"Adolphson &amp; Falk\" width=\"500\" height=\"332\" \/><\/a><br \/>\n<em>Tekno-tango. 1-0-0-1-0, vi m\u00e5ste v\u00e4rna om v\u00e5r v\u00e4nskap, undvika br\u00e5k<\/em><br \/>\n<em>1 0 0 1 0, vi m\u00e5ste tala samma spr\u00e5k.<\/em><\/p>\n<p>&nbsp;<\/p>\n<p><strong>Kv\u00e4llens show bj\u00f6d bland annat p\u00e5 favoritl\u00e5tar som <em>Blinkar bl\u00e5, Fr\u00e5n min radio, Mr Jones maskin, Hav, Mer Jul, I nattens lugn <\/em>och<em> 1-0-0-1-0. <\/em><\/strong>F\u00f6r mig blev det h\u00e4r en konsert som kommer att ligga i topp 5 av 2018 \u00e5rs konserter.<\/p>\n<p>Var ni inte p\u00e5 plats p\u00e5 Arbis Bar och Salonger 7 december s\u00e5 hoppas jag att ni k\u00f6pt biljett till n\u00e5gon av de andra konsertst\u00e4llena. Missar man denna 50-\u00e5rsjubileumsshow s\u00e5 f\u00e5r man skylla sig sj\u00e4lv. Det var galet bra!<\/p>\n<p><em>\u00a9 Text: Christina Wernersson<\/em><br \/>\n<em>\u00a9 Foto: Lena Ljungars och Christina Wernersson<\/em><\/p>\n<p>BILDSPEL \u2013 KLICKA P\u00c5 BILDENS PILAR<\/p>\n<p><a data-flickr-embed='true' href='https:\/\/www.flickr.com\/photos\/kultursidan\/albums\/72157701270313732' title='Adolphson &amp; Falk, Arbis 2018 by Kultursidan, on Flickr'><img src='https:\/\/live.staticflickr.com\/4898\/45548436934_fb29203c2e_z.jpg' width='800' height='600' alt='Adolphson &amp; Falk'><\/a><script async src='https:\/\/embedr.flickr.com\/assets\/client-code.js' charset='utf-8'><\/script><\/p>\n<blockquote>\n<h4>ARBIS BAR &amp; SALONGER Norrk\u00f6ping<\/h4>\n<p>7 december 2018<br \/>\n<strong>Adolphson &amp; Falk<\/strong><br \/>\nJubileumsturn\u00e9 \u2013 \u201d50\u201d<br \/>\nSamarr: Skrikhult Productions<\/p>\n<p style=\"padding-left: 30px;\">MUSIKER<br \/>\nTomas Adolphson: S\u00e5ng,\u00a0gitarr och mandolin<br \/>\nAnders Falk: S\u00e5ng\u00a0och gitarr<br \/>\nGreg FitzPatrick: synthesizers<br \/>\nDag Lundquist: Trummor\u00a0och\u00a0percussion<br \/>\nHans Loelv: Dragspel &amp; keyboard<br \/>\nMagnus Marcks: Bas<\/p>\n<\/blockquote>\n<p>L\u00c4NKAR<br \/>\nAdolphson &amp; Falk <a href=\"https:\/\/adolphsonfalk.se\" target=\"_blank\" rel=\"noopener\">hemsida<\/a> <a href=\"https:\/\/www.facebook.com\/AdolphsonFalk\/posts\/2198711970141434\" target=\"_blank\" rel=\"noopener\">Facebook<\/a><br \/>\nArbis Bar &amp; Salonger <a href=\"http:\/\/www.arbis.se\/\" target=\"_blank\" rel=\"noopener\">hemsida<\/a> <a href=\"https:\/\/www.facebook.com\/arbisnkpg\/\" target=\"_blank\" rel=\"noopener\">Facebook<\/a> <a href=\"http:\/\/www.skrikhult.se\/jubileumsturne-med-adolphson-falk-som-firar-50-ar-kommer-till-arbis-7-december\/\" target=\"_blank\" rel=\"noopener\">konsertinfo<\/a><br \/>\nAdolphson &amp; Falk kommer till Arbis <a href=\"https:\/\/www.kultursidan.nu\/?p=39282\" target=\"_blank\" rel=\"noopener\">reportage<\/a> Kultursidan.nu 1\/12 2018<\/p>\n","protected":false},"excerpt":{"rendered":"<p>RECENSION\/ NORRK\u00d6PING Ton\u00e5rsnostalgi. Adolphson &#038; Falks jubileumsshow var definitivt inte ett svart h\u00e5l, det var en nebulosa som exploderade i ett euforiskt gl\u00e4djerus. Alls\u00e5ngen blinkade bl\u00e5 och snart blev det Mer jul. <a class=\"continue-reading-link\" href=\"https:\/\/www.kultursidan.nu\/?p=39414\">L\u00e4s mer <span class=\"meta-nav\">&rarr; <\/span><\/a><\/p>\n","protected":false},"author":1001006,"featured_media":0,"comment_status":"closed","ping_status":"open","sticky":false,"template":"","format":"standard","meta":{"_jetpack_memberships_contains_paid_content":false,"footnotes":""},"categories":[7],"tags":[13],"class_list":["post-39414","post","type-post","status-publish","format-standard","hentry","category-norrkoping","tag-musik"],"jetpack_featured_media_url":"","jetpack_sharing_enabled":true,"_links":{"self":[{"href":"https:\/\/www.kultursidan.nu\/index.php?rest_route=\/wp\/v2\/posts\/39414","targetHints":{"allow":["GET"]}}],"collection":[{"href":"https:\/\/www.kultursidan.nu\/index.php?rest_route=\/wp\/v2\/posts"}],"about":[{"href":"https:\/\/www.kultursidan.nu\/index.php?rest_route=\/wp\/v2\/types\/post"}],"author":[{"embeddable":true,"href":"https:\/\/www.kultursidan.nu\/index.php?rest_route=\/wp\/v2\/users\/1001006"}],"replies":[{"embeddable":true,"href":"https:\/\/www.kultursidan.nu\/index.php?rest_route=%2Fwp%2Fv2%2Fcomments&post=39414"}],"version-history":[{"count":3,"href":"https:\/\/www.kultursidan.nu\/index.php?rest_route=\/wp\/v2\/posts\/39414\/revisions"}],"predecessor-version":[{"id":39418,"href":"https:\/\/www.kultursidan.nu\/index.php?rest_route=\/wp\/v2\/posts\/39414\/revisions\/39418"}],"wp:attachment":[{"href":"https:\/\/www.kultursidan.nu\/index.php?rest_route=%2Fwp%2Fv2%2Fmedia&parent=39414"}],"wp:term":[{"taxonomy":"category","embeddable":true,"href":"https:\/\/www.kultursidan.nu\/index.php?rest_route=%2Fwp%2Fv2%2Fcategories&post=39414"},{"taxonomy":"post_tag","embeddable":true,"href":"https:\/\/www.kultursidan.nu\/index.php?rest_route=%2Fwp%2Fv2%2Ftags&post=39414"}],"curies":[{"name":"wp","href":"https:\/\/api.w.org\/{rel}","templated":true}]}}