{"id":39444,"date":"2018-12-14T09:16:08","date_gmt":"2018-12-14T08:16:08","guid":{"rendered":"https:\/\/intelligent-friend-7861.standoutwp.com\/?p=39444"},"modified":"2018-12-14T09:16:08","modified_gmt":"2018-12-14T08:16:08","slug":"nytryckt-x-4-pa-stadsbiblioteket","status":"publish","type":"post","link":"https:\/\/www.kultursidan.nu\/?p=39444","title":{"rendered":"Nytryckt x 4 p\u00e5 Stadsbiblioteket"},"content":{"rendered":"<p><img loading=\"lazy\" decoding=\"async\" class=\"alignnone size-medium wp-image-39448\" src=\"https:\/\/www.kultursidan.nu\/wp-content\/uploads\/2018\/12\/DSCF4094-567x378.jpg\" alt=\"\" width=\"567\" height=\"378\" srcset=\"https:\/\/www.kultursidan.nu\/wp-content\/uploads\/2018\/12\/DSCF4094-567x378.jpg 567w, https:\/\/www.kultursidan.nu\/wp-content\/uploads\/2018\/12\/DSCF4094-768x512.jpg 768w, https:\/\/www.kultursidan.nu\/wp-content\/uploads\/2018\/12\/DSCF4094-1024x683.jpg 1024w, https:\/\/www.kultursidan.nu\/wp-content\/uploads\/2018\/12\/DSCF4094-150x100.jpg 150w, https:\/\/www.kultursidan.nu\/wp-content\/uploads\/2018\/12\/DSCF4094-500x333.jpg 500w, https:\/\/www.kultursidan.nu\/wp-content\/uploads\/2018\/12\/DSCF4094.jpg 1200w\" sizes=\"auto, (max-width: 567px) 100vw, 567px\" \/><br \/>\n<em>Flygf\u00e4rdiga. Fyra b\u00f6cker som sl\u00e4ppts under \u00e5ret presenterades av sina f\u00f6rfattare i tisdags. Marianne Wik, Jan-\u00c5ke Sallermo, Caroline Hedberg och Therese Ren\u00e5ker gjorde gemensam sak under Norrk\u00f6pings stadsbiblioteks vinjett Nytryckt.<\/em><\/p>\n<p>&nbsp;<\/p>\n<h1><span style=\"color: #ff0000;\">Bokmarknaden har revolutionerats<br \/>\n<\/span><\/h1>\n<p>&nbsp;<\/p>\n<p>NORRK\u00d6PING <strong>Digital revolution.<\/strong> Norrk\u00f6pings stadsbiblioteks nya scen f\u00f6r egenutgivande f\u00f6rfattare drog ig\u00e5ng i h\u00f6stas och har f\u00e5tt god fart. Tisdagens &#8221;Nytryckt&#8221; med erfarna f\u00f6rfattarna Jan-\u00c5ke Sallermo och Marianne Wik tillsammans med debutanterna Therese Ren\u00e5ker och Caroline Hedberg var full av b\u00e5de fr\u00e5gor och svar.<\/p>\n<p><strong>\u2013 Jag h\u00e4mtades dem i fredags, s\u00e4ger Marianne Wik och h\u00e5ller upp sin sprillans nya diktsamling <em>G\u00e5 med mig.<\/em><\/strong><\/p>\n<p>&#8221;Nytryckt&#8221; \u00e4r Norrk\u00f6pings stadsbiblioteks nya scen f\u00f6r egenutgivna f\u00f6rfattare, allts\u00e5 personer som ger ut sina b\u00f6cker p\u00e5 eget f\u00f6rlag. I tisdags kv\u00e4ll satt fyra f\u00f6rfattare i bredd.<\/p>\n<p><strong>\u2013 Den digitala revolutionen har f\u00f6r\u00e4ndrat bokmarknaden.<\/strong> Det har aldrig getts ut s\u00e5 m\u00e5nga b\u00f6cker som som nu, f\u00f6rklarar stadsbibliotekets Mats Granberg som ansvarar f\u00f6r Litteraturscen Norrk\u00f6ping och \u00e4r den som kl\u00e4ckte id\u00e9n med &#8221;Nytryckt&#8221;.<\/p>\n<p>\u2013 Ni f\u00f6rfattare best\u00e4mmer hur ni vill ha det och vi p\u00e5 biblioteket l\u00e5nar ut Mellanrummet, forts\u00e4tter han.<\/p>\n<p>&nbsp;<\/p>\n<p><a title=\"Marianne Wik \u2013 G\u00e5 med mig (dikter) Jan-\u00c5ke Sallermo \u2013 Harmynten (kriminalroman) Caroline Hedberg \u2013 Vinter\u00f6ga (sp\u00e4nningsroman) Therese Ren\u00e5ker \u2013 Mata inte skuggorna (roman)\" href=\"https:\/\/www.flickr.com\/photos\/kultursidan\/45390971285\/in\/album-72157701342738042\/\"><img loading=\"lazy\" decoding=\"async\" src=\"https:\/\/farm5.staticflickr.com\/4859\/45390971285_720ab4f733.jpg\" alt=\"Marianne Wik \u2013 G\u00e5 med mig (dikter) Jan-\u00c5ke Sallermo \u2013 Harmynten (kriminalroman) Caroline Hedberg \u2013 Vinter\u00f6ga (sp\u00e4nningsroman) Therese Ren\u00e5ker \u2013 Mata inte skuggorna (roman)\" width=\"500\" height=\"204\" \/><\/a><br \/>\n<em>Marianne Wik \u2013 G\u00e5 med mig (dikter) Jan-\u00c5ke Sallermo \u2013 Harmynten (kriminalroman) Caroline Hedberg \u2013 Vinter\u00f6ga (sp\u00e4nningsroman) Therese Ren\u00e5ker \u2013 Mata inte skuggorna (roman)<\/em><\/p>\n<p>&nbsp;<\/p>\n<p><strong>I tisdags delade allts\u00e5 fyra f\u00f6rfattare p\u00e5 scenen.<\/strong> Marianne Wik, Jan-\u00c5ke Sallermo, Caroline Hedberg och Therese Ren\u00e5ker, som tr\u00e4ffades p\u00e5 en stor Litteraturfest i S\u00f6derk\u00f6ping f\u00f6r en dryg m\u00e5nad sedan och best\u00e4mde sig f\u00f6r att forts\u00e4tta till Norrk\u00f6ping.<\/p>\n<p>Publiken i Mellanrummet \u00e4r inte s\u00e5 stor. Tre av de fyra sl\u00e4ppte sina b\u00f6cker i somras, innan Nytryckt var uppfunnet, vilket g\u00f6r att den viktiga v\u00e4nkretsen redan m\u00f6tt upp.<\/p>\n<p><strong>Fr\u00e5gorna \u00e4r desto fler.<\/strong> F\u00f6rutom Mats Granbergs fr\u00e5gor om skrivande och drivkraft \u00e4r intresset stort om \u201dhur man g\u00f6r\u201d som egenf\u00f6rl\u00e4ggare. Samtliga fr\u00e5gor med lika m\u00e5nga svar som d\u00e4r var f\u00f6rfattare p\u00e5 scenen. Det finns inga mallar, \u00e4ven om d\u00e4r finns hj\u00e4lp att f\u00e5. Endast en i s\u00e4llskapet, Jan-\u00c5ke Sallermo har g\u00e5tt skrivarkurs. Men det \u00e4r efter att ha gett ut flera b\u00f6cker och fr\u00e4mst f\u00f6r att det \u00e4r roligt att diskutera litteratur \u2013 &#8221;det \u00e4r ensamt att skriva&#8221;.<\/p>\n<p>Det finns f\u00f6rlag som specialiserat sig p\u00e5 egenutgivning och har bra kontakter med tryckerier. D\u00e4rut\u00f6ver erbjuder de tj\u00e4nster f\u00f6r den som beh\u00f6ver. Det \u00e4r inte alla f\u00f6rfattare som kan layouta sin text, allts\u00e5 f\u00f6rdela den p\u00e5 sidor, innan den kan tryckas. Ovanp\u00e5 detta kommer omslag och baksida.<\/p>\n<p>&nbsp;<\/p>\n<p><a title=\"Marianne Wik \u2013 G\u00e5 med mig (dikter)\" href=\"https:\/\/www.flickr.com\/photos\/kultursidan\/46253479772\/in\/album-72157701342738042\/\"><img loading=\"lazy\" decoding=\"async\" src=\"https:\/\/farm5.staticflickr.com\/4870\/46253479772_cfc030aa12.jpg\" alt=\"Marianne Wik \u2013 G\u00e5 med mig (dikter)\" width=\"500\" height=\"333\" \/><\/a><br \/>\n<em>G\u00e5 med mig. Marianne Wik debuterade redan som barn, n\u00e4r hon fick en dikt publicerad i Kamratposten.<\/em><\/p>\n<p>&nbsp;<\/p>\n<h2>Marianne Wik<\/h2>\n<p>&nbsp;<\/p>\n<p><strong>Marianne Wik har skrivit \u00e4nda sedan hon l\u00e4rde att stava.<\/strong> Hon rentav p\u00e5st\u00e5r att det var hennes l\u00e4rare i femte klass som f\u00f6reslog att hon skulle skriva dikter, efter att utmattad ha l\u00e4st igenom \u00e4nnu en l\u00e5ng ber\u00e4ttelse av den skrivglada eleven. Det slog an och efter pensionen har Marianne Wik givit ut flera diktsamlingar.<\/p>\n<p><strong>\u2013 Den f\u00f6rsta var med l\u00e4ttl\u00e4sta k\u00e4rleksdikter.<\/strong> Jag har arbetat med barn som haft sv\u00e5rt att l\u00e4ra sig l\u00e4sa, ber\u00e4ttar Marianne Wik som arbetat som l\u00e4rare.<\/p>\n<p>Relationer, S:t Anna och S\u00f6derk\u00f6ping \u00e4r det hon skriver om. <em>G\u00e5 med mig<\/em> \u00e4r den senaste i raden av utg\u00e5vor tryckta i sm\u00e5 upplagor som snart s\u00e4ljer slut.<\/p>\n<p><strong>Hon l\u00e4ser h\u00f6gt fr\u00e5n l\u00f6sa papper.<\/strong> Det kommer en v\u00e4rme ur hennes ord, oavsett om hon livsklokt talar om ton\u00e5ringars och f\u00f6r\u00e4ldrars behov av att br\u00e5ka med varandra eller beskriver hur det \u00e4r att ligga i en eka p\u00e5 drift i yttersta sk\u00e4rg\u00e5rden och titta upp mot himlen. Stilen \u00e4r nyenkel prosa, mjukt slipad och ljust gul med milt gr\u00f6nt, som handfat av emaljerad pl\u00e5t.<\/p>\n<p>&nbsp;<\/p>\n<p><a title=\"Jan-\u00c5ke Sallermo \u2013 Harmynten (kriminalroman)\" href=\"https:\/\/www.flickr.com\/photos\/kultursidan\/45390971105\/in\/album-72157701342738042\/\"><img loading=\"lazy\" decoding=\"async\" src=\"https:\/\/farm5.staticflickr.com\/4845\/45390971105_575dac3819.jpg\" alt=\"Jan-\u00c5ke Sallermo \u2013 Harmynten (kriminalroman)\" width=\"500\" height=\"333\" \/><\/a><br \/>\n<em>Harmynten och N\u00e4r ingen vet. Jan-\u00c5ke Sallermo skriver om vintern och seglar om sommaren.<\/em><\/p>\n<p>&nbsp;<\/p>\n<h2>Jan-\u00c5ke Sallermo<\/h2>\n<p>&nbsp;<\/p>\n<p><strong>Jan-\u00c5ke Sallermo skriver kriminalromaner med kriminalkommissarie G\u00f6te Granberg som \u00e4r skurkarna p\u00e5 sp\u00e5ren.<\/strong> Inte bara f\u00f6r att f\u00f6rfattaren \u00e4r pensionerad polis utan fr\u00e4mst f\u00f6r att han vill diskutera viktiga samh\u00e4lls\u00e4mnen. Denna tisdag har han inte bara med <em>Harmynten<\/em>, d\u00e4r han diskuterar vad mobbning kan leda till, utan \u00e4ven f\u00f6rra boken <em>N\u00e4r ingen vet<\/em>, som andra om illegal handel med svenska vapen.<\/p>\n<p>Han l\u00e4ser h\u00f6gt ur <em>Harmynten<\/em>, v\u00e4ljer ett stycke d\u00e4r en \u00e5klagare, som varit med l\u00e4nge och uppenbarligen redan vet allt, kastar ur sig f\u00f6rdomar. Sj\u00e4lv vill Jan-\u00c5ke Sallermo g\u00e5 djupare och l\u00e4ngre tillbaka \u2013 till kr\u00e4nkningarna som gjorde att en harmynt pojke valde brottets v\u00e4g.<\/p>\n<p><strong>Efter s\u00e5d\u00e4r en fem egenutgivna b\u00f6cker vet han vad som kr\u00e4vs och vilken hj\u00e4lp han vill ha.<\/strong> V\u00e4gen fr\u00e5n f\u00e4rdigt manus till boksl\u00e4pp \u00e4r l\u00e5ng, \u00e5tminstone ett \u00e5r.<\/p>\n<p>\u2013 Att skriva ett manus, det flyter p\u00e5. Sedan ska man r\u00e4tta stavfel och se \u00f6ver meningsbyggnaden och be n\u00e5gon annan korrekturl\u00e4sa.<\/p>\n<p>\u2013 Jag best\u00e4mde mig f\u00f6r att ge ut p\u00e5 eget f\u00f6rlag. Jag ville inte att n\u00e5gon skulle l\u00e4gga sig i mitt spr\u00e5k, ber\u00e4ttar han och f\u00f6rmedlar r\u00e5d han sj\u00e4lv f\u00e5tt: &#8221;Var noga med ditt spr\u00e5k, att det \u00e4r ditt eget. Skriv f\u00f6r dig sj\u00e4lv och inte f\u00f6r att tillfredsst\u00e4lla andra.&#8221;<\/p>\n<p>&nbsp;<\/p>\n<p><a title=\"Caroline Hedberg \u2013 Vinter\u00f6ga (sp\u00e4nningsroman)\" href=\"https:\/\/www.flickr.com\/photos\/kultursidan\/31364617537\/in\/album-72157701342738042\/\"><img loading=\"lazy\" decoding=\"async\" src=\"https:\/\/farm5.staticflickr.com\/4803\/31364617537_582036312b.jpg\" alt=\"Caroline Hedberg \u2013 Vinter\u00f6ga (sp\u00e4nningsroman)\" width=\"500\" height=\"321\" \/><\/a><br \/>\n<em>Vinter\u00f6ga. &#8221;Man kan springa, resa vart man vill, tr\u00e4ffa vem man vill&#8221; s\u00e4ger f\u00f6rfattaren Caroline Hedberg om skrivandets egna v\u00e4rldar. <\/em><\/p>\n<p>&nbsp;<\/p>\n<h2>Caroline Hedberg<\/h2>\n<p>&nbsp;<\/p>\n<p><strong>\u2013 <em>Vinter\u00f6ga<\/em> handlar om en 9-\u00e5rig flicka med f\u00f6rm\u00e5gor ut\u00f6ver det vanliga. <\/strong>Debutanten Caroline Hedberg var med om en olycka f\u00f6r flera \u00e5r sedan och skrivandet blev f\u00f6r henne v\u00e4gen tillbaka. Det som skulle bli en bok om olyckan blev en sp\u00e4nningsroman med mystiska inslag.<\/p>\n<p>Caroline Hedberg ber\u00e4ttar hur <em>Vinter\u00f6ga<\/em> kom till henne, f\u00f6rst bara som ett ord som fascinerade henne. Sedan fl\u00f6dade ber\u00e4ttelsen fram.<\/p>\n<p>\u2013 Det var som en film som spelades upp inom mig.<\/p>\n<p>Hon b\u00f6rjade med att f\u00f6rs\u00f6ka f\u00e5 <em>Vinter\u00f6ga<\/em> utgiven p\u00e5 f\u00f6rlag. Men det avb\u00f6jande svaret tillsammans med de uppmuntrande orden att hon hade n\u00e5got unikt fick henne att ta steget.<\/p>\n<p>\u2013 Nu skulle den ut!<\/p>\n<p><strong>Sagt och gjort.<\/strong> Hon l\u00e4t trycka en stor upplaga. Sedan boksl\u00e4ppet sent i juni har hon turnerat i s\u00f6dra Sverige och s\u00e5lt sin bok. Manus till <em>Vinter\u00f6gas<\/em> forts\u00e4ttning \u00e4r under bearbetning. F\u00f6r n\u00e4rvarande \u00e4r Caroline Hedberg i korrekturl\u00e4sningsfasen och tror p\u00e5 boksl\u00e4pp om ungef\u00e4r ett \u00e5r.<\/p>\n<p>Men andra ber\u00e4ttelser tr\u00e4nger p\u00e5, id\u00e9erna fl\u00f6dar inom henne.<\/p>\n<p>&nbsp;<\/p>\n<p><a title=\"Therese Ren\u00e5ker \u2013 Mata inte skuggorna (roman)\" href=\"https:\/\/www.flickr.com\/photos\/kultursidan\/45390971265\/in\/album-72157701342738042\/\"><img loading=\"lazy\" decoding=\"async\" src=\"https:\/\/farm5.staticflickr.com\/4812\/45390971265_0ddbb89eeb.jpg\" alt=\"Therese Ren\u00e5ker \u2013 Mata inte skuggorna (roman)\" width=\"500\" height=\"333\" \/><\/a><br \/>\n<em>Mata inte skuggorna. &#8221;Det \u00e4r n\u00e4r den f\u00f6rsta riktiga l\u00e4saren, som betalat f\u00f6r boken, och sedan spontant h\u00f6r av sig och tackar f\u00f6r upplevelsen.&#8221; Det blev f\u00f6r Therese Ren\u00e5ker den respons som betytt allra mest.<\/em><\/p>\n<p>&nbsp;<\/p>\n<h2>Therese Ren\u00e5ker<\/h2>\n<p>&nbsp;<\/p>\n<p><strong>\u2013 Titeln,\u00a0<em>Mata inte skuggorna<\/em>, kom f\u00f6r mig f\u00f6r 10 \u00e5r sedan.<\/strong> Jag f\u00f6rstod inte vad orden ville s\u00e4ga, ber\u00e4ttar Therese Ren\u00e5ker. Sedan kom inneh\u00e5llet till mig flera \u00e5r senare, p\u00e5 samma st\u00e4lle i skogen d\u00e4r orden kom f\u00f6rsta g\u00e5ngen.<\/p>\n<p><em>Mata inte skuggorna<\/em> heter hennes k\u00e4nslosamma roman d\u00e4r en ung ensamkommande flykting m\u00f6ter en egensinnig svensk flicka. Hon l\u00e4ser h\u00f6gt, med blick f\u00f6r detaljer.<\/p>\n<p>\u2013 Jag har inte hittat p\u00e5 n\u00e5got, det har kommit till mig, ber\u00e4ttar Therese Ren\u00e5ker om sitt skrivande.<\/p>\n<p><strong>Det h\u00e4r med ber\u00e4ttelser som tycks komma fram av sig sj\u00e4lva,<\/strong> om karakt\u00e4rer som styr \u00e5t andra h\u00e5ll \u00e4n f\u00f6rfattaren kanske t\u00e4nkt \u00e4r hon inte ensam om i f\u00f6rfattarkretsen. Jan-\u00c5ke Sallerud s\u00e4ger detsamma, faktiskt att det g\u00e4ller samtliga.<\/p>\n<p>Och precis som Sallerud \u00e4r Therese Ren\u00e5ker tydlig med att inte l\u00e5ta n\u00e5gon f\u00f6rlagsredakt\u00f6r l\u00e4gga sig i hennes spr\u00e5k.<\/p>\n<p>\u2013 Jag vill inte l\u00e4gga min bok i andras h\u00e4nder. Jag v\u00e4rnar mitt eget spr\u00e5k, s\u00e4ger hon best\u00e4mt.<\/p>\n<p><strong>Therese har l\u00e5nat ur sin r\u00f6st \u00e5t andra genom hela yrkeslivet.<\/strong> Nu har hon lagt ner sitt f\u00f6retag inom utbildning och kommunikation och gett rum \u00e5t sitt f\u00f6rfattarskap. Samtidigt \u00e4r hon glad f\u00f6r att ha v\u00e4ntat \u2013 det kr\u00e4vs livserfarenhet, empati och medk\u00e4nsla f\u00f6r alla slags personer hon skriver om \u2013 \u201dannars blir de karikatyrer\u201d. Men visst \u00e4r hon glad \u00f6ver att ha v\u00e5gat satsa.<\/p>\n<p>\u2013 \u00c5tta\u00e5ringen i mig som ville bli f\u00f6rfattare \u00e4r \u00f6verlycklig!<\/p>\n<p><em>\u00a9 Text och foto: Ann-Charlotte Sandelin\u2028<\/em><\/p>\n<blockquote>\n<h4>STADSBIBLIOTEKET Norrk\u00f6ping<\/h4>\n<p>11 december 2018<br \/>\n<strong>Nytryckt x 4<\/strong><\/p>\n<p style=\"padding-left: 30px;\"><strong>Marianne Wik<\/strong> \u2013 G\u00e5 med mig (dikter)<br \/>\n<strong>Jan-\u00c5ke Sallermo<\/strong> \u2013 Harmynten (kriminalroman)<br \/>\n<strong>Caroline Hedberg<\/strong> \u2013 Vinter\u00f6ga (sp\u00e4nningsroman)<br \/>\n<strong>Therese Ren\u00e5ker<\/strong> \u2013 Mata inte skuggorna (roman)<\/p>\n<\/blockquote>\n<p>L\u00c4NKAR<br \/>\nNorrk\u00f6pings stadsbibliotek <a href=\"http:\/\/www.nsb.norrkoping.se\/web\/norrkoping\" target=\"_blank\" rel=\"noopener\">hemsida<\/a> <a href=\"https:\/\/www.facebook.com\/Norrkopingsstadsbibliotek?fref=ts\" target=\"_blank\" rel=\"noopener\">Facebook<\/a><br \/>\nJan-\u00c5ke Sallermo aktuell i Harmynten <a href=\"https:\/\/www.kultursidan.nu\/?p=37075\" target=\"_blank\" rel=\"noopener\">recension<\/a> Kultursidan.nu 4\/7 2018<br \/>\nProfilen Marianne Wik hos Nyfiken p\u00e5\u2026 <a href=\"https:\/\/www.kultursidan.nu\/?p=33199\" target=\"_blank\" rel=\"noopener\">reportage<\/a> Kultursidan.nu 2\/11 2017<br \/>\nNerv i Jan-\u00c5ke Sallermos N\u00e4r ingen vet <a href=\"https:\/\/www.kultursidan.nu\/?p=28615\" target=\"_blank\" rel=\"noopener\">recension<\/a> Kultursidan.nu 4\/1 2017<\/p>\n","protected":false},"excerpt":{"rendered":"<p>NORRK\u00d6PING Digital revolution. Norrk\u00f6pings stadsbiblioteks nya scen f\u00f6r egenutgivande f\u00f6rfattare drog ig\u00e5ng i h\u00f6stas och har f\u00e5tt god fart. Tisdagens Nytryckt med erfarna f\u00f6rfattarna Jan-\u00c5ke Sallermo och Marianne Wik tillsammans med debutanterna Therese Ren\u00e5ker och Caroline Hedberg var full av b\u00e5de fr\u00e5gor och svar. <a class=\"continue-reading-link\" href=\"https:\/\/www.kultursidan.nu\/?p=39444\">L\u00e4s mer <span class=\"meta-nav\">&rarr; <\/span><\/a><\/p>\n","protected":false},"author":1001006,"featured_media":0,"comment_status":"closed","ping_status":"open","sticky":false,"template":"","format":"standard","meta":{"_jetpack_memberships_contains_paid_content":false,"footnotes":""},"categories":[7],"tags":[16],"class_list":["post-39444","post","type-post","status-publish","format-standard","hentry","category-norrkoping","tag-litteratur"],"jetpack_featured_media_url":"","jetpack_sharing_enabled":true,"_links":{"self":[{"href":"https:\/\/www.kultursidan.nu\/index.php?rest_route=\/wp\/v2\/posts\/39444","targetHints":{"allow":["GET"]}}],"collection":[{"href":"https:\/\/www.kultursidan.nu\/index.php?rest_route=\/wp\/v2\/posts"}],"about":[{"href":"https:\/\/www.kultursidan.nu\/index.php?rest_route=\/wp\/v2\/types\/post"}],"author":[{"embeddable":true,"href":"https:\/\/www.kultursidan.nu\/index.php?rest_route=\/wp\/v2\/users\/1001006"}],"replies":[{"embeddable":true,"href":"https:\/\/www.kultursidan.nu\/index.php?rest_route=%2Fwp%2Fv2%2Fcomments&post=39444"}],"version-history":[{"count":11,"href":"https:\/\/www.kultursidan.nu\/index.php?rest_route=\/wp\/v2\/posts\/39444\/revisions"}],"predecessor-version":[{"id":39458,"href":"https:\/\/www.kultursidan.nu\/index.php?rest_route=\/wp\/v2\/posts\/39444\/revisions\/39458"}],"wp:attachment":[{"href":"https:\/\/www.kultursidan.nu\/index.php?rest_route=%2Fwp%2Fv2%2Fmedia&parent=39444"}],"wp:term":[{"taxonomy":"category","embeddable":true,"href":"https:\/\/www.kultursidan.nu\/index.php?rest_route=%2Fwp%2Fv2%2Fcategories&post=39444"},{"taxonomy":"post_tag","embeddable":true,"href":"https:\/\/www.kultursidan.nu\/index.php?rest_route=%2Fwp%2Fv2%2Ftags&post=39444"}],"curies":[{"name":"wp","href":"https:\/\/api.w.org\/{rel}","templated":true}]}}