{"id":39496,"date":"2018-12-19T10:48:09","date_gmt":"2018-12-19T09:48:09","guid":{"rendered":"https:\/\/intelligent-friend-7861.standoutwp.com\/?p=39496"},"modified":"2018-12-19T17:36:59","modified_gmt":"2018-12-19T16:36:59","slug":"anna-lottas-jul-finstamd-i-hedvig","status":"publish","type":"post","link":"https:\/\/www.kultursidan.nu\/?p=39496","title":{"rendered":"Anna-Lottas jul finst\u00e4md i Hedvig"},"content":{"rendered":"<p><img loading=\"lazy\" decoding=\"async\" class=\"alignnone size-medium wp-image-39497\" src=\"https:\/\/www.kultursidan.nu\/wp-content\/uploads\/2018\/12\/014-567x377.jpg\" alt=\"\" width=\"567\" height=\"377\" srcset=\"https:\/\/www.kultursidan.nu\/wp-content\/uploads\/2018\/12\/014-567x377.jpg 567w, https:\/\/www.kultursidan.nu\/wp-content\/uploads\/2018\/12\/014-768x510.jpg 768w, https:\/\/www.kultursidan.nu\/wp-content\/uploads\/2018\/12\/014-1024x680.jpg 1024w, https:\/\/www.kultursidan.nu\/wp-content\/uploads\/2018\/12\/014-150x100.jpg 150w, https:\/\/www.kultursidan.nu\/wp-content\/uploads\/2018\/12\/014-501x333.jpg 501w, https:\/\/www.kultursidan.nu\/wp-content\/uploads\/2018\/12\/014.jpg 1200w\" sizes=\"auto, (max-width: 567px) 100vw, 567px\" \/><br \/>\n<em>Finst\u00e4mt. Ibland sj\u00f6ng Anna-Lotta Larsson ensam till Andreas Landegrens ackompanjemang.<\/em><\/p>\n<p>&nbsp;<\/p>\n<h1><span style=\"color: #ff0000;\">K\u00f6rmusik passar i kyrkorummet<\/span><\/h1>\n<p>&nbsp;<\/p>\n<p>RECENSION\/ NORRK\u00d6PING <strong>K\u00e4rleken till s\u00e5ngen.<\/strong> Anna-Lotta Larsson och hennes vapendragare Andreas Landegren sj\u00f6ng med 90 s\u00e5ngare fr\u00e5n fyra k\u00f6rer i Hedvigs kyrka i m\u00e5ndags kv\u00e4ll. En konsert fylld av julens frid, minnen som ber\u00f6r och t\u00e5rar av skratt.<\/p>\n<p><strong>Julmusik \u00e4r en s\u00e5dan d\u00e4r genre som antingen blir v\u00e4ldigt vackert och finst\u00e4mt eller hysteriskt \u00f6verk\u00e4ckt.<\/strong> Konserten &#8221;Anna-Lottas jul&#8221; var vacker och finst\u00e4md! Hedvigs kyrka \u00e4r nog en av de vackraste som Norrk\u00f6ping har, interi\u00f6ren \u00e4r pampig och akustiken oerh\u00f6rt bra.<\/p>\n<p>K\u00f6ren inleder med <em>Dotter Sion<\/em>. K\u00f6rmusik passar bra i kyrkorummet och det \u00e4r duktiga s\u00e5ngare. Arrangemangen p\u00e5 s\u00e5ngerna genom hela konserten \u00e4r oerh\u00f6rt bra vilket skapar en fridfull och vacker st\u00e4mning. Frid \u00e4r ju ocks\u00e5 ett grundkoncept i hela julbudskapet.<\/p>\n<p>&nbsp;<\/p>\n<p><a title=\"Anna-Lottas jul\" href=\"https:\/\/www.flickr.com\/photos\/kultursidan\/45466201605\/in\/album-72157704786921965\/\"><img loading=\"lazy\" decoding=\"async\" src=\"https:\/\/farm5.staticflickr.com\/4903\/45466201605_0fd5164499.jpg\" alt=\"Anna-Lottas jul\" width=\"500\" height=\"332\" \/><\/a><br \/>\n<em>Klingande jul. Anna-Lotta Larsson bidrog \u00e4ven som instrumentalist.<\/em><\/p>\n<p>&nbsp;<\/p>\n<p><strong>\u00c5terigen firar Anna-Lotta och Andreas jul i Norrk\u00f6ping.<\/strong> I \u00e5r \u00e4r det 25-\u00e5rsjubileum och Andreas har varit med p\u00e5 resan i tretton \u00e5r. Ett grundkoncept har alltid varit att samarbeta med lokala k\u00f6rer. I Hedvigs kyrka st\u00e5r ViN-k\u00f6ren, Fenixk\u00f6ren, Halsbandet och J\u00d6R-k\u00f6ren framme i koret med Ann-Christin Hallgren som dirigent.<\/p>\n<p><strong><em>Det \u00e4r en ros utsprungen<\/em> \u2013 Anna-Lotta Larsson \u00e4r v\u00e4ldigt avslappnad och naturlig, men det mest sl\u00e5ende \u00e4r att hon utstr\u00e5lar v\u00e4rme och k\u00e4rlek.<\/strong> K\u00e4rleken till s\u00e5ngen smittar av sig p\u00e5 alla som st\u00e5r p\u00e5 scenen och s\u00e4nder ut v\u00e4rme till publiken.<\/p>\n<p><em>\u00c5senpsalmen (Gammal f\u00e4bodpsalm)<\/em> sv\u00e4var i kyrkan, Anna-Lotta sjunger med inlevelse och timbre. N\u00e4r kyrkoorgeln kommer in blir det hela \u00e4nnu mer pampigt. Vackra <em>O Helga natt<\/em> g\u00f6r hon mycket bra tillsammans med k\u00f6ren. Dock \u00e4r det n\u00e5got med den l\u00e5ten som g\u00f6r att jag personligen tycker att det ska vara en mansr\u00f6st till den.<\/p>\n<p><strong>Stevie Wonders <em>Overjoyed<\/em> har hon tidigare bara sjungit en g\u00e5ng offentligt,<\/strong> p\u00e5 sonens br\u00f6llop och p\u00e5 hans beg\u00e4ran. Man ser p\u00e5 hennes mimik att det \u00e4r en s\u00e5ng som ber\u00f6r henne \u00e4nda in i hj\u00e4rteroten.<\/p>\n<p>&nbsp;<\/p>\n<p><a title=\"Andreas Landegren\" href=\"https:\/\/www.flickr.com\/photos\/kultursidan\/44561633070\/in\/album-72157704786921965\/\"><img loading=\"lazy\" decoding=\"async\" src=\"https:\/\/farm5.staticflickr.com\/4805\/44561633070_53559d12db.jpg\" alt=\"Andreas Landegren\" width=\"500\" height=\"345\" \/><\/a><br \/>\n<em>Andreas Landegren spelar sin Butterflies, ett dramatiskt stycke.<\/em><\/p>\n<p>&nbsp;<\/p>\n<p><strong>Att Andreas och Anna-Lotta har roligt ihop och att de \u00e4r v\u00e4ldigt samspelta m\u00e4rks v\u00e4l.<\/strong> Det finns hela tiden en k\u00e4rleksfylld och v\u00e4nskaplig humor emellan dom.<\/p>\n<p><strong>De forts\u00e4tter konserten med en Jaques Brel-s\u00e5ng som Richard Wolff gjorde den svenska \u00f6vers\u00e4ttningen till.<\/strong> Magi uppst\u00e5r n\u00e4r Anna-Lotta sjunger <em>De gamla \u00e4lskandes visa (Hymne d\u2019amour)<\/em> och till\u00e4gnar den till hans minne.<\/p>\n<p>Det \u00e4r som att Richard Wolff \u00e4r med p\u00e5 scenen, jag h\u00f6r ekot av hans r\u00f6st. Mina t\u00e5rar rinner. Jag \u00e4r ber\u00f6rd \u00e4nda in i sj\u00e4len och f\u00f6r mig \u00e4r det konsertens h\u00f6jdpunkt. \u00c4ven om Leonard Cohens <em>Hallelujah<\/em>, p\u00e5 svenska, ger mig ultimat g\u00e5shud.<\/p>\n<p>&nbsp;<\/p>\n<p><a title=\"Anna-Lottas jul\" href=\"https:\/\/www.flickr.com\/photos\/kultursidan\/44561632910\/in\/album-72157704786921965\/\"><img loading=\"lazy\" decoding=\"async\" src=\"https:\/\/farm5.staticflickr.com\/4902\/44561632910_4600a8fe31.jpg\" alt=\"Anna-Lottas jul\" width=\"500\" height=\"500\" \/><\/a><br \/>\n<em>Julr\u00f6tt. ViN-k\u00f6ren, Fenixk\u00f6ren, Halsbandet och J\u00d6R-k\u00f6ren leddes av Ann-Christin Hallgren.<\/em><\/p>\n<p>&nbsp;<\/p>\n<p><strong>Efter denna k\u00e4nslostorm \u00e4r det den stora k\u00f6rens tur. <\/strong>De framf\u00f6r <em>It&#8217;s the Most Wonderful Time of the Year <\/em><span class=\"_5yl5\">av Pola och Wyle <\/span>och<em> Kopp\u00e5ngen <\/em>av Kalle Moareus. Det l\u00e5ter minst sagt mycket bra.<em><br \/>\n<\/em><\/p>\n<p><strong>Anna-Lotta talar varmt om sin mamma s\u00e5ngerskan Margit Larsson som gick bort f\u00f6r tre \u00e5r sedan.<\/strong> Sista \u00e5ret ringde Anna-Lotta till sin mamma varje dag var hon \u00e4n befann sig.<\/p>\n<p>\u2013 Varje g\u00e5ng var samma procedur, jag slog numret och cirka fyra signaler innan jag i andra \u00e4nden h\u00f6rde: \u201dHej det \u00e4r Margit.\u201d D\u00e5 sj\u00f6ng jag med min sopranr\u00f6st lite \u00f6verdrivet &#8221;Mor, lilla mor&#8230; &#8221;. Min mamma var alt och jag sopran, vi skojade alltid om att mamma inte kunde sjunga soprantonerna.<\/p>\n<p><strong>\u2013 Jag \u00e4r 64 \u00e5r och fortfarande \u00e4r Kalle Anka klockan 15.00 p\u00e5 SVT 1 ett m\u00e5ste,<\/strong> s\u00e4ger Anna-Lotta som nu i Norrk\u00f6ping ser \u00e5rets sn\u00f6 f\u00f6r f\u00f6rsta g\u00e5ngen trots att turn\u00e9n startade uppe i Lule\u00e5.<\/p>\n<p>Varp\u00e5 f\u00f6ljer ett otroligt humoristiskt potpourri p\u00e5 alla s\u00e5nger fr\u00e5n Kalle Anka, vi \u00e4r m\u00e5nga i publiken som skrattar s\u00e5 t\u00e5rarna rinner. En fun fact \u00e4r att Anna-Lotta gjorde r\u00f6sten till\u00a0<em>Sn\u00f6vit<\/em> 1981.<\/p>\n<p><em>Efter eftert\u00e4nksamheten i Stilla Natt avslutas konserten med ett potpourri av Christmas Carols.<\/em> Appl\u00e5derna rungar och det blir ett extranummer.<\/p>\n<p><em>\u00a9 Text: Christina Wernersson<br \/>\n\u00a9 Textredigering: Ann-Charlotte Sandelin<br \/>\n\u00a9 Foto: Lena Ljungars och Ann Jonsberg<br \/>\n<\/em><\/p>\n<p>L\u00c4NKAR<br \/>\nAnna-Lotta Larsson <a href=\"https:\/\/www.anna-lottalarsson.se\" target=\"_blank\" rel=\"noopener\">hemsida<\/a><br \/>\nAnna-Lotta sjunger med lokal j\u00e4ttek\u00f6r <a href=\"https:\/\/www.kultursidan.nu\/?p=39459\" target=\"_blank\" rel=\"noopener\">reportage<\/a> Kultursidan.nu 14\/12 2018<\/p>\n","protected":false},"excerpt":{"rendered":"<p>RECENSION\/ NORRK\u00d6PING K\u00e4rleken till s\u00e5ngen. Anna-Lotta Larsson och hennes vapendragare Andreas Landegren sj\u00f6ng med 90 s\u00e5ngare fr\u00e5n fyra k\u00f6rer i Hedvigs kyrka i m\u00e5ndags kv\u00e4ll. En konsert fylld av julens frid, minnen som ber\u00f6r och t\u00e5rar av skratt. <a class=\"continue-reading-link\" href=\"https:\/\/www.kultursidan.nu\/?p=39496\">L\u00e4s mer <span class=\"meta-nav\">&rarr; <\/span><\/a><\/p>\n","protected":false},"author":1001006,"featured_media":0,"comment_status":"closed","ping_status":"open","sticky":false,"template":"","format":"standard","meta":{"_jetpack_memberships_contains_paid_content":false,"footnotes":""},"categories":[7],"tags":[13],"class_list":["post-39496","post","type-post","status-publish","format-standard","hentry","category-norrkoping","tag-musik"],"jetpack_featured_media_url":"","jetpack_sharing_enabled":true,"_links":{"self":[{"href":"https:\/\/www.kultursidan.nu\/index.php?rest_route=\/wp\/v2\/posts\/39496","targetHints":{"allow":["GET"]}}],"collection":[{"href":"https:\/\/www.kultursidan.nu\/index.php?rest_route=\/wp\/v2\/posts"}],"about":[{"href":"https:\/\/www.kultursidan.nu\/index.php?rest_route=\/wp\/v2\/types\/post"}],"author":[{"embeddable":true,"href":"https:\/\/www.kultursidan.nu\/index.php?rest_route=\/wp\/v2\/users\/1001006"}],"replies":[{"embeddable":true,"href":"https:\/\/www.kultursidan.nu\/index.php?rest_route=%2Fwp%2Fv2%2Fcomments&post=39496"}],"version-history":[{"count":8,"href":"https:\/\/www.kultursidan.nu\/index.php?rest_route=\/wp\/v2\/posts\/39496\/revisions"}],"predecessor-version":[{"id":39514,"href":"https:\/\/www.kultursidan.nu\/index.php?rest_route=\/wp\/v2\/posts\/39496\/revisions\/39514"}],"wp:attachment":[{"href":"https:\/\/www.kultursidan.nu\/index.php?rest_route=%2Fwp%2Fv2%2Fmedia&parent=39496"}],"wp:term":[{"taxonomy":"category","embeddable":true,"href":"https:\/\/www.kultursidan.nu\/index.php?rest_route=%2Fwp%2Fv2%2Fcategories&post=39496"},{"taxonomy":"post_tag","embeddable":true,"href":"https:\/\/www.kultursidan.nu\/index.php?rest_route=%2Fwp%2Fv2%2Ftags&post=39496"}],"curies":[{"name":"wp","href":"https:\/\/api.w.org\/{rel}","templated":true}]}}