{"id":39585,"date":"2018-12-29T12:59:26","date_gmt":"2018-12-29T11:59:26","guid":{"rendered":"https:\/\/intelligent-friend-7861.standoutwp.com\/?p=39585"},"modified":"2018-12-31T10:23:00","modified_gmt":"2018-12-31T09:23:00","slug":"norrkoping-gar-klimatsparet-pa-nyar","status":"publish","type":"post","link":"https:\/\/www.kultursidan.nu\/?p=39585","title":{"rendered":"Norrk\u00f6ping g\u00e5r Klimatsp\u00e5ret p\u00e5 Ny\u00e5r"},"content":{"rendered":"<p><img loading=\"lazy\" decoding=\"async\" class=\"alignnone size-medium wp-image-39586\" src=\"https:\/\/www.kultursidan.nu\/wp-content\/uploads\/2018\/12\/DSCF4313-567x378.jpg\" alt=\"\" width=\"567\" height=\"378\" srcset=\"https:\/\/www.kultursidan.nu\/wp-content\/uploads\/2018\/12\/DSCF4313-567x378.jpg 567w, https:\/\/www.kultursidan.nu\/wp-content\/uploads\/2018\/12\/DSCF4313-768x512.jpg 768w, https:\/\/www.kultursidan.nu\/wp-content\/uploads\/2018\/12\/DSCF4313-1024x683.jpg 1024w, https:\/\/www.kultursidan.nu\/wp-content\/uploads\/2018\/12\/DSCF4313-150x100.jpg 150w, https:\/\/www.kultursidan.nu\/wp-content\/uploads\/2018\/12\/DSCF4313-500x333.jpg 500w, https:\/\/www.kultursidan.nu\/wp-content\/uploads\/2018\/12\/DSCF4313.jpg 1200w\" sizes=\"auto, (max-width: 567px) 100vw, 567px\" \/><br \/>\n<em>\u00c4ntligen hemma. Tj\u00e5sa Gusfors ser fram emot att f\u00e5 skapa en isskulptur f\u00f6r Norrk\u00f6pingsborna till ny\u00e5r.<\/em><\/p>\n<p>&nbsp;<\/p>\n<h1><span style=\"color: #ff0000;\">\u201dEtt ljus i m\u00f6rkret f\u00f6r framtiden\u201d<\/span><\/h1>\n<p>&nbsp;<\/p>\n<p>NORRK\u00d6PING <strong>\u2013 Hon t\u00e4nder ett hopp!<\/strong> Tj\u00e5sa Gusfors isskulptur <em>Flickan med facklan<\/em> blir nytt inslag n\u00e4r Norrk\u00f6pingsborna bjuds in till ny\u00e5rsfirande med promenaden utmed Str\u00f6mmen.<\/p>\n<p>Crazy Pictures talar p\u00e5 Grytstorget. Karin Oscarsson sjunger p\u00e5 Tyska torget som blir ny slutpunkt n\u00e4r fyrverkerierna fasas ut. Klimat och milj\u00f6 \u00e4r Ny\u00e5rspromenadens tema.<\/p>\n<p><strong>Det st\u00e5r ett stort paket p\u00e5 Tyska torget, framf\u00f6r R\u00e5dhusets trappa.<\/strong> Innanf\u00f6r foliepresenningen reser sig ett mer \u00e4n tv\u00e5 meter h\u00f6gt isblock h\u00e4mtat fr\u00e5n Torne \u00e4lv.<\/p>\n<p>\u2013 Det \u00e4r den tjockaste naturfrusna isen vi kan f\u00e5 tag p\u00e5 h\u00e4r, s\u00e4ger Tj\u00e5sa Gusfors och vet inte om hon med \u201dh\u00e4r\u201d menar Skandinavien eller hela v\u00e4rlden.<\/p>\n<p>Det hon vet \u00e4r att isen fr\u00e5n Torne \u00e4lv \u00e4r den allra vackraste. Att isblocket f\u00e5r liv och spel av syresl\u00f6jor, sm\u00e5 luftbubblor.<\/p>\n<p>\u2013 Isen \u00e4r organisk. Om du l\u00e5ter en isskulptur st\u00e5 tillr\u00e4ckligt l\u00e4nge s\u00e5 b\u00f6jer den sig, f\u00f6rklarar hon.<\/p>\n<p>&nbsp;<\/p>\n<p><a title=\"Isblock\" href=\"https:\/\/www.flickr.com\/photos\/kultursidan\/31571969747\/in\/album-72157701832036982\/\"><img loading=\"lazy\" decoding=\"async\" src=\"https:\/\/farm5.staticflickr.com\/4894\/31571969747_bbfa5d0f24.jpg\" alt=\"Isblock\" width=\"375\" height=\"500\" \/><\/a><br \/>\n<em>Motors\u00e5g. Isblocket fr\u00e5n Torne \u00e4lv ska bli en vacker skulptur lagom till ny\u00e5r.<\/em><\/p>\n<p>&nbsp;<\/p>\n<p><strong>Tj\u00e5sa Gusfors kan sin sak.<\/strong> Hon \u00e4r nyss hemkommen fr\u00e5n \u00e5rets arbete p\u00e5 ishotellet i Jukkasj\u00e4rvi. Den h\u00e4r g\u00e5ngen blev det en svit med sagotema, <em>Wisdom of the Oak<\/em>, med proportioner som g\u00f6r g\u00e4sterna sm\u00e5 som ekorrar eller f\u00e5glar. Byggd och ljussatt tillsammans med s\u00f6nerna Sam och Hannes. F\u00f6rsta g\u00e5ngen f\u00f6r dem, artonde g\u00e5ngen f\u00f6r Tj\u00e5sa.<\/p>\n<p>Hur det nu kommer sig att sk\u00e5despelaren, scenografen och dockmakaren Tj\u00e5sa Gusfors blev isskulpt\u00f6r\u2026<\/p>\n<p>\u2013 Jag var p\u00e5 turne med Teater Papagena f\u00f6r Norrbottenmusiken och kom till Jukkasj\u00e4rvi som hade sommarutst\u00e4llning i ett fryshus. Jag blev helt f\u00f6r\u00e4lskad.<\/p>\n<p><strong>Hon presenterade sig och fick inbjudan som konstn\u00e4r.<\/strong> Att hon blev kvar beror troligen p\u00e5 hennes intresse f\u00f6r att experimentera med isen, hon gjorde saker som andra inte gjort.<\/p>\n<p>\u2013 Jag b\u00f6rjade med att spr\u00e4nga isen, gjorde en fiskmosaik i en korridor.<\/p>\n<p>Efter arton \u00e5r med is har hon inte tr\u00f6ttnat utan \u00e4r fortfarande nyfiken p\u00e5 vad fruset vatten har att ge. Hon arbetar med is, slush (iss\u00f6rja) och sn\u00f6, blandar dem med varandra. Och med ljuset.<\/p>\n<p><strong>Ny\u00e5rsfirandet har milj\u00f6 och klimat som tema.<\/strong> Ny\u00e5rspromenaden startar p\u00e5 Grytstorget d\u00e4r Damk\u00f6ren sjunger och Crazy Pictures h\u00e5ller tal. Den som vill kan avl\u00e4gga ett klimatsmart ny\u00e5rsl\u00f6fte under ny\u00e5rspromenaden. N\u00e4tverket Klimatfolket hj\u00e4lper till med klimattips p\u00e5 v\u00e4gen.<\/p>\n<p>Promenaden blir sig lik och f\u00f6ljer <em>Light of Festival<\/em>-sp\u00e5ret med Tomtefar och Tomtemor i Str\u00f6mparken d\u00e4r ocks\u00e5 Dansakademien och House of Silfver upptr\u00e4der.<\/p>\n<p><strong>Men sedan styrs folkstr\u00f6mmens fackelt\u00e5g inte till Salt\u00e4ngsbron och gatorna vid Str\u00f6mmen utan till Tyska torget.<\/strong> Norrk\u00f6pings kommun nu g\u00e5r n\u00e4mligen f\u00f6re och slopar sitt fyrverkeri.<\/p>\n<p>I st\u00e4llet blir det eld p\u00e5 en mer m\u00e4nsklig niv\u00e5 n\u00e4r PyromaniArt visar showen som vann Fire Artist World Cup tidigare i \u00e5r. F\u00f6rskolebarnens ljuslyktor som lyste utanf\u00f6r V\u00e4rmekyrkan under Barnkonventionens dag kommer till anv\u00e4ndning \u00e4nnu en g\u00e5ng. Danskompaniet House of Silver skyndar fr\u00e5n Str\u00f6mparken till Tyska torget. Olle Vikm\u00e5ng, kommunfullm\u00e4ktiges nytilltr\u00e4dde ordf\u00f6rande, h\u00e5ller tal och sk\u00e5despelerskan och s\u00e5ngerskan Karin Oscarsson sjunger <em>Happy New Year<\/em>.<\/p>\n<p>&nbsp;<\/p>\n<p><a title=\"Tj\u00e5sa Gusfors\" href=\"https:\/\/www.flickr.com\/photos\/kultursidan\/46538563651\/in\/album-72157701832036982\/\"><img loading=\"lazy\" decoding=\"async\" src=\"https:\/\/farm8.staticflickr.com\/7842\/46538563651_cb62877dd0.jpg\" alt=\"Tj\u00e5sa Gusfors\" width=\"280\" height=\"500\" \/><\/a><br \/>\n<em>Konturerna anas n\u00e4r ett dygn \u00e5terst\u00e5r. <\/em><\/p>\n<p>&nbsp;<\/p>\n<p><strong>\u2013 Det \u00e4r som att Norrk\u00f6ping str\u00e4cker p\u00e5 sig och vill leva upp till att vara kulturstad.<\/strong> Det \u00e4r positivt, tycker Tj\u00e5sa Gusfors och ser hur hennes skulptur blir \u00e4nnu ett bidrag till ny\u00e5rets budskap om en h\u00e5llbar v\u00e4rld.<\/p>\n<p>\u00c4ntligen f\u00e5r Tj\u00e5sa Gusfors g\u00f6ra en isskulptur hemma i Norrk\u00f6ping, hon som skulpterat i is v\u00e4rlden runt, s\u00e5 l\u00e5ngt bort som i Japan och i Mojave\u00f6knen i Kalifornien. (Ska sanningen fram s\u00e5 gjorde hon en i H\u00f6rsalsparken f\u00f6r femton \u00e5r sedan men den \u00e4r sm\u00e4lt och borttorkad sedan l\u00e4nge.)<\/p>\n<p>\u2013 Det blir fint med m\u00e5nga barn som t\u00e4nder ett ljus. Och fackelt\u00e5g.<\/p>\n<p><strong>\u2013 Jag vill g\u00f6ra en flicka som h\u00e5ller en fackla, ett ljus i m\u00f6rkret f\u00f6r framtiden.<\/strong> Jag har inte best\u00e4mt mig om hon ska rida p\u00e5 en isbj\u00f6rn eller en enh\u00f6rning.<\/p>\n<p>Tj\u00e5sa t\u00e4nker p\u00e5 klimataktivisten Greta Thunberg, Sveriges i dag mest k\u00e4nda 15-\u00e5ring, men ocks\u00e5 p\u00e5 isbj\u00f6rnen som symbol f\u00f6r alla djur som hotas av klimatf\u00f6r\u00e4ndringarna. Enh\u00f6rningen st\u00e5r f\u00f6r oskuld och f\u00f6r visioner och skapande fantasi.<\/p>\n<p><strong>\u2013 Jag har t\u00e4nkt, vi har ett problem med att offra sig f\u00f6r en b\u00e4ttre v\u00e4rld.<\/strong> Vi g\u00e5r ju inte in i en presentlek med 500 kronor n\u00e4r alla andra g\u00e5r in med 50 kronor. Jag flyger inte, men n\u00e4r alla andra flyger\u2026<\/p>\n<p>\u2013 Vi m\u00e5ste g\u00f6ra en satsning \u00e4ven n\u00e4r inte andra g\u00f6r det. Greta g\u00f6r det. Hon t\u00e4nder ett hopp. Hon offrar sig. Hon har en stor betydelse.<\/p>\n<p><strong>I helgen drar hon ig\u00e5ng motors\u00e5gen.<\/strong> P\u00e5 ny\u00e5rsafton \u00e4r <em>Flickan med facklan<\/em> f\u00e4rdig.<\/p>\n<p><em>\u00a9 Text: Ann-Charlotte Sandelin<br \/>\n\u00a9 Foto: Ann-Charlotte Sandelin, Tj\u00e5sa Gusfors och Josefine H\u00f6ijer<br \/>\n<\/em><\/p>\n<blockquote>\n<h4>GRYTSTORGET \u2013 TYSKA TORGET Norrk\u00f6ping<\/h4>\n<p>31\/12<br \/>\n<strong>Ny\u00e5rspromenad<\/strong><\/p>\n<p style=\"padding-left: 30px;\">16.00 Grytstorget<br \/>\n<strong>Damk\u00f6ren<br \/>\nCrazy Pictures<\/strong> tal<\/p>\n<p style=\"padding-left: 30px;\">16\u201318 fr\u00e5n Grytstorget till Tyska torget<br \/>\n<strong>Klimatfolket<\/strong> tipsar<\/p>\n<p style=\"padding-left: 30px;\">16\u201317.45 Str\u00f6mparken<br \/>\n<strong>Tomtefar och Tomtemor<\/strong><br \/>\n<strong>Dansakademin<\/strong> dansuppvisning<br \/>\n<strong>House of Silfver<\/strong> dansuppvisning<\/p>\n<p style=\"padding-left: 30px;\">18.00\u201318.30 Tyska torget<br \/>\n<strong>Dansakademin<\/strong> dansuppvisning<br \/>\n<strong>House of Silfver<\/strong> dansuppvisning<br \/>\n<strong>PyronamiArt<\/strong> eldshow<br \/>\n<strong>Tj\u00e5sa Gusfors<\/strong> isinstallation<br \/>\n<strong>F\u00f6rskolor<\/strong> Ljuslyktor<br \/>\n<strong>Olle Vikm\u00e5ng,<\/strong> Kommunfullm\u00e4ktiges ordf\u00f6rande \u2028 Ny\u00e5rstal<br \/>\n<strong>Karin Oscarsson<\/strong> s\u00e5ng \u2013 Happy New Year.<\/p><\/blockquote>\n<p>L\u00c4NKAR<br \/>\nTj\u00e5sa Gusfors <a href=\"http:\/\/www.iceevent.se\/index.htm\" target=\"_blank\" rel=\"noopener\">hemsida<\/a> <a href=\"https:\/\/www.facebook.com\/tjasa.gusfors\" target=\"_blank\" rel=\"noopener\">Facebook<\/a><br \/>\nKlimatfolket <a href=\"http:\/\/klimatfolket.se\/ostergotland\/\" target=\"_blank\" rel=\"noopener\">hemsida<\/a> <a href=\"https:\/\/www.facebook.com\/klimatfolket\" target=\"_blank\" rel=\"noopener\">Facebook<\/a><br \/>\nNorrk\u00f6ping Light Festival <a href=\"http:\/\/norrkopinglightfestival.se\" target=\"_blank\" rel=\"noopener\">hemsida<\/a><br \/>\nUpplev Norrk\u00f6ping <a href=\"https:\/\/www.facebook.com\/UpplevNorrkoping\/\" target=\"_blank\" rel=\"noopener\">Facebook<\/a> <a href=\"https:\/\/www.facebook.com\/events\/286500502199924\/\" target=\"_blank\" rel=\"noopener\">FB-evenemang<\/a><br \/>\nF\u00e4rgglad ljuspromenad n\u00e4ra Str\u00f6mmen <a href=\"https:\/\/www.kultursidan.nu\/?p=39564\" target=\"_blank\" rel=\"noopener\">recension<\/a> Kultursidan.nu 23\/12 2018<\/p>\n","protected":false},"excerpt":{"rendered":"<p>NORRK\u00d6PING \u2013 Hon t\u00e4nder ett hopp! Tj\u00e5sa Gusfors isskulptur Flickan med facklan blir nytt inslag n\u00e4r Norrk\u00f6pingsborna bjuds in till ny\u00e5rsfirande. Crazy Pictures talar p\u00e5 Grytstorget. Karin Oscarsson sjunger p\u00e5 Tyska torget som blir ny slutpunkt n\u00e4r fyrverkerierna fasas ut. Klimat och milj\u00f6 \u00e4r Ny\u00e5rspromenadens tema. <a class=\"continue-reading-link\" href=\"https:\/\/www.kultursidan.nu\/?p=39585\">L\u00e4s mer <span class=\"meta-nav\">&rarr; <\/span><\/a><\/p>\n","protected":false},"author":1001006,"featured_media":0,"comment_status":"closed","ping_status":"open","sticky":false,"template":"","format":"standard","meta":{"_jetpack_memberships_contains_paid_content":false,"footnotes":""},"categories":[7],"tags":[54,14,89],"class_list":["post-39585","post","type-post","status-publish","format-standard","hentry","category-norrkoping","tag-evenemang","tag-konst","tag-personportratt"],"jetpack_featured_media_url":"","jetpack_sharing_enabled":true,"_links":{"self":[{"href":"https:\/\/www.kultursidan.nu\/index.php?rest_route=\/wp\/v2\/posts\/39585","targetHints":{"allow":["GET"]}}],"collection":[{"href":"https:\/\/www.kultursidan.nu\/index.php?rest_route=\/wp\/v2\/posts"}],"about":[{"href":"https:\/\/www.kultursidan.nu\/index.php?rest_route=\/wp\/v2\/types\/post"}],"author":[{"embeddable":true,"href":"https:\/\/www.kultursidan.nu\/index.php?rest_route=\/wp\/v2\/users\/1001006"}],"replies":[{"embeddable":true,"href":"https:\/\/www.kultursidan.nu\/index.php?rest_route=%2Fwp%2Fv2%2Fcomments&post=39585"}],"version-history":[{"count":10,"href":"https:\/\/www.kultursidan.nu\/index.php?rest_route=\/wp\/v2\/posts\/39585\/revisions"}],"predecessor-version":[{"id":39606,"href":"https:\/\/www.kultursidan.nu\/index.php?rest_route=\/wp\/v2\/posts\/39585\/revisions\/39606"}],"wp:attachment":[{"href":"https:\/\/www.kultursidan.nu\/index.php?rest_route=%2Fwp%2Fv2%2Fmedia&parent=39585"}],"wp:term":[{"taxonomy":"category","embeddable":true,"href":"https:\/\/www.kultursidan.nu\/index.php?rest_route=%2Fwp%2Fv2%2Fcategories&post=39585"},{"taxonomy":"post_tag","embeddable":true,"href":"https:\/\/www.kultursidan.nu\/index.php?rest_route=%2Fwp%2Fv2%2Ftags&post=39585"}],"curies":[{"name":"wp","href":"https:\/\/api.w.org\/{rel}","templated":true}]}}