{"id":39609,"date":"2019-01-01T15:57:46","date_gmt":"2019-01-01T14:57:46","guid":{"rendered":"https:\/\/intelligent-friend-7861.standoutwp.com\/?p=39609"},"modified":"2019-01-01T20:52:37","modified_gmt":"2019-01-01T19:52:37","slug":"nyarspromenad-med-miljotema","status":"publish","type":"post","link":"https:\/\/www.kultursidan.nu\/?p=39609","title":{"rendered":"Ny\u00e5rspromenad med milj\u00f6tema"},"content":{"rendered":"<p><img loading=\"lazy\" decoding=\"async\" class=\"alignnone size-medium wp-image-39610\" src=\"https:\/\/www.kultursidan.nu\/wp-content\/uploads\/2019\/01\/DSCF4382-567x378.jpg\" alt=\"\" width=\"567\" height=\"378\" srcset=\"https:\/\/www.kultursidan.nu\/wp-content\/uploads\/2019\/01\/DSCF4382-567x378.jpg 567w, https:\/\/www.kultursidan.nu\/wp-content\/uploads\/2019\/01\/DSCF4382-768x512.jpg 768w, https:\/\/www.kultursidan.nu\/wp-content\/uploads\/2019\/01\/DSCF4382-1024x683.jpg 1024w, https:\/\/www.kultursidan.nu\/wp-content\/uploads\/2019\/01\/DSCF4382-150x100.jpg 150w, https:\/\/www.kultursidan.nu\/wp-content\/uploads\/2019\/01\/DSCF4382-500x333.jpg 500w, https:\/\/www.kultursidan.nu\/wp-content\/uploads\/2019\/01\/DSCF4382.jpg 1200w\" sizes=\"auto, (max-width: 567px) 100vw, 567px\" \/><br \/>\n<em>Droppvis. Tj\u00e5sa Gusfors isskulptur Flickan med facklan symboliserar hur angel\u00e4gen klimatfr\u00e5gan \u00e4r.<\/em><\/p>\n<p>&nbsp;<\/p>\n<h1><span style=\"color: #ff0000;\">Hj\u00e4ltar mot alla odds<\/span><\/h1>\n<p>&nbsp;<\/p>\n<p>NORRK\u00d6PING <strong>Hj\u00e4ltar, mod och en utmaning lika stor som livet.<\/strong> Norrk\u00f6pings officiella ny\u00e5rsfirande startade p\u00e5 Grytstorget. \u00c5rets talare fr\u00e5n Crazy Pictures fr\u00e5gade om v\u00e4rlden beh\u00f6ver fler l\u00e5ngfilmer. Efter vindlande ny\u00e5rspromenad m\u00f6tte <em>Flickan med facklan<\/em> p\u00e5 Tyska torget. Den droppande isskulpturen tydliggjorde hur tiden \u00e4r p\u00e5 v\u00e4g att rinna ut.<\/p>\n<p><strong><em>T\u00e4nd ett ljus och l\u00e5t det brinna<\/em>.<\/strong> Damk\u00f6rens traditionella start fick ny mening med Ny\u00e5rspromenadens klimat- och milj\u00f6tema \u2013 &#8221;\u2026det \u00e4r m\u00f6rkt nu&#8221;.<\/p>\n<p>&nbsp;<\/p>\n<p><a title=\"Victor Danell och Olle Thol\u00e9n fr\u00e5n Crazy Pictures\" href=\"https:\/\/www.flickr.com\/photos\/kultursidan\/46502025882\/in\/album-72157705253530304\/\"><img loading=\"lazy\" decoding=\"async\" src=\"https:\/\/farm8.staticflickr.com\/7884\/46502025882_21fd278b43.jpg\" alt=\"Victor Danell och Olle Thol\u00e9n fr\u00e5n Crazy Pictures\" width=\"500\" height=\"330\" \/><\/a><br \/>\n<em>En k\u00e4nsla av oro. Victor Danell och Olle Thol\u00e9n fr\u00e5n Crazy Pictures talade om att v\u00e5ga m\u00f6ta utmaningar, deras v\u00e4g mot sin l\u00e5ngfilmsdr\u00f6m och dr\u00f6mmen mot en h\u00e5llbar framtid.<\/em><\/p>\n<p>&nbsp;<\/p>\n<p><strong>\u2013 Vi tror inte att v\u00e4rlden \u00e4r i s\u00e5 stort behov av fler l\u00e5ngfilmer,<\/strong> sade Victor Danell och Olle Thol\u00e9n fr\u00e5n Crazy Pictures efter att ha beskrivit den l\u00e5nga v\u00e4gen fr\u00e5n dr\u00f6mmen om Sveriges f\u00f6rsta katastroffilm.<\/p>\n<p>\u2013 Vi st\u00e5r inf\u00f6r en enorm utmaning, det \u00e4r l\u00e4tt att drabbas av klimat\u00e5ngest och s\u00e4ga att \u201ddet g\u00e5r aldrig\u201d.<\/p>\n<p>\u201dDet g\u00e5r aldrig\u201d \u2013 var typen av det bem\u00f6tande de unga Norrk\u00f6pingsfilmarna fick p\u00e5 Svenska filminstitutet. \u00c5tta \u00e5r senare har deras <em>Den blomstertid nu kommer<\/em> gjort svensk och internationell skr\u00e4llsucc\u00e9 \u2013 mot alla odds. Gjord i Norrk\u00f6ping, d\u00e4r Norrk\u00f6pingsbor st\u00f6ttade p\u00e5 alla s\u00e4tt.<\/p>\n<p>\u2013 L\u00e5t oss dr\u00f6mma om en klimatsmart och h\u00e5llbar framtid tillsammans. Mot alla odds, manade Victor Danell och Olle Thol\u00e9n och tillade allvarligt: Det m\u00e5ste g\u00e5.<\/p>\n<p>&nbsp;<\/p>\n<p><a title=\"Bunch of Tulips\" href=\"https:\/\/www.flickr.com\/photos\/kultursidan\/32680625468\/in\/album-72157705253530304\/\"><img loading=\"lazy\" decoding=\"async\" src=\"https:\/\/farm5.staticflickr.com\/4836\/32680625468_b799c1847d.jpg\" alt=\"Bunch of Tulips\" width=\"500\" height=\"333\" \/><\/a><br \/>\n<em>Uppr\u00e4ttelse. Ljuskonstverket Bunch of Tulips blommade upp p\u00e5 lagom till ny\u00e5rspromenaden. H\u00e4r sett fr\u00e5n Cnemas och Visualiseringscenters g\u00e5rd.<\/em><\/p>\n<p>&nbsp;<\/p>\n<p><strong>P\u00e5 ny\u00e5rspromenadens vindlande v\u00e4g t\u00e4vlade Kastanjetr\u00e4det utanf\u00f6r Swartzens valv<\/strong> och ljuss\u00e4ttningarna p\u00e5 byggnader och broar med &#8221;Norrk\u00f6ping Light Festivals&#8221; ljuskonstverk, som nu g\u00e5r in p\u00e5 sista veckan.<\/p>\n<p><strong>Arbetets museums chef Niklas Cserhalmi kunde bel\u00e5tet h\u00f6ra hur \u00e5rets bes\u00f6kssiffror peaka upp\u00e5t n\u00e4r de tickade av alla g\u00e4ster som tittade in p\u00e5 gl\u00f6gg och pepparkaka. <\/strong>\u201d\u00c4t mindre k\u00f6tt\u201d. \u201d\u00c5k mera t\u00e5g\u201d. Handfast inspiration m\u00f6tte p\u00e5 Laxholmstorget d\u00e4r Naturskyddsf\u00f6reningen, Klimatfolket, Fair Trade och andra organisationer uppmanade till ny\u00e5rsl\u00f6ften i klimatets tecken \u2013 att skriva p\u00e5 tygremsor och ta med.<\/p>\n<p>&nbsp;<\/p>\n<p><a title=\"Anna-Clara Rydell, Christer Persson, Birgitta Hillerstr\u00f6m och Anders Wikstr\u00f6m\" href=\"https:\/\/www.flickr.com\/photos\/kultursidan\/44736478130\/in\/album-72157705253530304\/\"><img loading=\"lazy\" decoding=\"async\" src=\"https:\/\/farm8.staticflickr.com\/7890\/44736478130_b97d3bcd93.jpg\" alt=\"Anna-Clara Rydell, Christer Persson, Birgitta Hillerstr\u00f6m och Anders Wikstr\u00f6m\" width=\"500\" height=\"333\" \/><\/a><br \/>\n<em>Klimatr\u00f6relse. Anna-Clara Rydell och Christer Persson fr\u00e5n Naturskyddsf\u00f6reningen ville tillsammans med Birgitta Hillerstr\u00f6m och Anders Wikstr\u00f6m fr\u00e5n Fair Trade inspirera till Ny\u00e5rsl\u00f6ften med klimatet i \u00e5tanke.<\/em><\/p>\n<p>&nbsp;<\/p>\n<p><strong>Cirka 300 h\u00e4ngde upp sina l\u00f6ften p\u00e5 Tyska torget som blev ny\u00e5rspromenadens nya slutstation.\u00a0 <\/strong>Dansakademiens unga dansare skyndade genom folkmassan med svingande bl\u00e5 ljussstavar. PyromaniArts lysande eldshow. Inte helt l\u00e4tt att se f\u00f6r dem som inte stod n\u00e4rmast. Danskompaniet House of Silfver intog en uppbyggd scen p\u00e5 r\u00e5dhustrappans topp och dansade bakom kraftigt skyddsgaller.<\/p>\n<p><strong>Kommunfullm\u00e4ktiges ordf\u00f6rande Olle Vikm\u00e5ng talade fr\u00e5n R\u00e5dhusets balkong.<\/strong> Han hyllade 2018 \u00e5rs hj\u00e4ltar och b\u00f6rjade med all r\u00e4ddningspersonal som k\u00e4mpade mot sommarens alla skogsbr\u00e4nder.<\/p>\n<p>\u2013 Med klimatf\u00f6r\u00e4ndringarna kommer extremv\u00e4der. Vem vet hur det blir 2019, blir det en regnsommar?<\/p>\n<p>Olle Vikm\u00e5ng ser hur klimatf\u00f6r\u00e4ndringarna st\u00e4ller krav p\u00e5 s\u00e5v\u00e4l modiga politiker, kunniga personer, som Erik Kjellstr\u00f6m, SMHI:s nye professor i klimatologi och enskilda medborgare, kort sagt hj\u00e4ltar.<\/p>\n<p><strong>Olle Vikm\u00e5ng, fram till i h\u00f6stas ordf\u00f6rande f\u00f6r Kultur- och fritidsn\u00e4mnden, lyfte ocks\u00e5 fram en hj\u00e4lte i ett helt annat tufft klimat.<\/strong> Varma appl\u00e5der fick Yvonne Anglesj\u00f6, som avgick som ordf\u00f6rande f\u00f6r Vita H\u00e4sten bara f\u00f6r n\u00e5gra dagar sedan efter hot och trakasserier.<\/p>\n<p>Ett personligt till\u00e4gg fr\u00e5n en tacksam pappa efter en h\u00f6st p\u00e5 barnsjukhus \u00e4gnades \u00e5t alla som arbetar inom v\u00e5rd och omsorg.<\/p>\n<p>\u2013 Men hj\u00e4ltar beh\u00f6ver resurser och f\u00f6ruts\u00e4ttningar. Jag vill synligg\u00f6ra dem. B\u00f6rja dr\u00f6mma om en h\u00e5llbar framtid, d\u00e4r vi alla \u00e4r hj\u00e4ltar, uppmanade Olle Vikm\u00e5ng.<\/p>\n<p>&nbsp;<\/p>\n<p><a title=\"Tj\u00e5sa Gusfors \u2013 Flickan med facklan\" href=\"https:\/\/www.flickr.com\/photos\/kultursidan\/44736477720\/in\/album-72157705253530304\/\"><img loading=\"lazy\" decoding=\"async\" src=\"https:\/\/farm8.staticflickr.com\/7865\/44736477720_b531735f68.jpg\" alt=\"Tj\u00e5sa Gusfors \u2013 Flickan med facklan\" width=\"333\" height=\"500\" \/><\/a><br \/>\n<em>H\u00e5rstyrka. Flickan med den r\u00f6da facklan har en fl\u00e4ta som h\u00e4mtad fr\u00e5n sagan om Rapunzel, hon med det l\u00e5nga h\u00e5ret.<\/em><\/p>\n<p>&nbsp;<\/p>\n<p><strong>Det \u00e4r br\u00e5ttom nu.<\/strong> Under ny\u00e5rskv\u00e4llen slog v\u00e4dret om och blev allt mildare. Droppandet fr\u00e5n Tj\u00e5sa Gusfors isskulptur <em>Flickan med facklan<\/em> blev en tydlig symbol f\u00f6r hur tiden \u00e4r p\u00e5 v\u00e4g att rinna ut f\u00f6r inte bara isbj\u00f6rnen hon p\u00e5 samma g\u00e5ng rider p\u00e5 och omfamnar s\u00e5 h\u00e5rt. N\u00e4r naturens k\u00e4nsliga ekologiska system trasas s\u00f6nder f\u00f6rsvinner \u00e4ven grunden f\u00f6r m\u00e4nniskans fortlevnad. Klimatf\u00f6r\u00e4ndringarna \u00e4r en utmaning stor som livet sj\u00e4lvt.<\/p>\n<p>Inte att undra p\u00e5 att flickan \u00e4r b\u00e5de r\u00e4dd och allvarlig, trots kraften i den sagolikt tjocka Rapunzelfl\u00e4tan som st\u00f6ttar henne. Facklan lyser r\u00f6tt, f\u00e5ngar upp R\u00e5dhusets lysande f\u00f6nster-\u201djulkalender\u201d.<\/p>\n<p>&nbsp;<\/p>\n<p><a title=\"PyromaniArt\" href=\"https:\/\/www.flickr.com\/photos\/kultursidan\/44736477030\/in\/album-72157705253530304\/\"><img loading=\"lazy\" decoding=\"async\" src=\"https:\/\/farm8.staticflickr.com\/7868\/44736477030_a2de41bf65.jpg\" alt=\"PyromaniArt\" width=\"500\" height=\"333\" \/><\/a><br \/>\n<em>Happy New Year! PyromaniArt bidrog med tv\u00e5 ljusshower p\u00e5 Tyska torget. Karin Oscarsson sj\u00f6ng fr\u00e5n R\u00e5dhusets balkong.<\/em><\/p>\n<p>&nbsp;<\/p>\n<p><strong><em>Happy New Year.<\/em> <\/strong>Karin Oscarsson sj\u00f6ng fr\u00e5n R\u00e5dhusets balkong och PyromaniArt eldade p\u00e5 igen.<\/p>\n<p><em>\u00a9 Text och foto: Ann-Charlotte Sandelin<\/em><\/p>\n<p>BILDSPEL \u2013 KLICKA P\u00c5 BILDENS PILAR<\/p>\n<p><a data-flickr-embed='true' href='https:\/\/www.flickr.com\/photos\/kultursidan\/albums\/72157705253530304' title='Ny\u00e5rspromenaden i Norrk\u00f6ping 2018 by Kultursidan, on Flickr'><img src='https:\/\/live.staticflickr.com\/7897\/32680625658_1497a10a75_z.jpg' width='800' height='600' alt='Moa Martinson p\u00e5 Grytstorget'><\/a><script async src='https:\/\/embedr.flickr.com\/assets\/client-code.js' charset='utf-8'><\/script><\/p>\n<blockquote>\n<h4>GRYTSTORGET \u2013 TYSKA TORGET Norrk\u00f6ping<\/h4>\n<p>31\/12<br \/>\n<strong>Ny\u00e5rspromenad<\/strong><\/p>\n<p style=\"padding-left: 30px;\">16.00 Grytstorget<br \/>\n<strong>Damk\u00f6ren<br \/>\nCrazy Pictures<\/strong> tal<\/p>\n<p style=\"padding-left: 30px;\">16\u201318 Laxholmstorget<br \/>\n<strong>Klimatfolket<\/strong> tipsar<\/p>\n<p style=\"padding-left: 30px;\">16\u201317.45 Str\u00f6mparken<br \/>\n<strong>Tomtefar och Tomtemor<\/strong><br \/>\n<strong>Dansakademin<\/strong> dansuppvisning<br \/>\n<strong>House of Silfver<\/strong> dansuppvisning<\/p>\n<p style=\"padding-left: 30px;\">18.00\u201318.30 Tyska torget<br \/>\n<strong>Dansakademin<\/strong> dansuppvisning<br \/>\n<strong>House of Silfver<\/strong> dansuppvisning<br \/>\n<strong>PyronamiArt<\/strong> eldshow<br \/>\n<strong>Tj\u00e5sa Gusfors<\/strong> isinstallation<br \/>\n<strong>F\u00f6rskolor<\/strong> Ljuslyktor<br \/>\n<strong>Olle Vikm\u00e5ng,<\/strong> Kommunfullm\u00e4ktiges ordf\u00f6rande \u2028 Ny\u00e5rstal<br \/>\n<strong>Karin Oscarsson<\/strong> s\u00e5ng \u2013 Happy New Year.<\/p><\/blockquote>\n<p>L\u00c4NKAR<br \/>\nUpplev Norrk\u00f6ping <a href=\"https:\/\/www.facebook.com\/UpplevNorrkoping\/\" target=\"_blank\" rel=\"noopener\">Facebook<\/a> <a href=\"https:\/\/www.facebook.com\/events\/286500502199924\/\" target=\"_blank\" rel=\"noopener\">FB-evenemang<\/a><br \/>\nNorrk\u00f6ping g\u00e5r Klimatsp\u00e5ret p\u00e5 Ny\u00e5r <a href=\"https:\/\/www.kultursidan.nu\/?p=39585\" target=\"_blank\" rel=\"noopener\">reportage<\/a> Kultursidan.nu 29\/12 2018<br \/>\nF\u00e4rgglad ljuspromenad n\u00e4ra Str\u00f6mmen <a href=\"https:\/\/www.kultursidan.nu\/?p=39564\" target=\"_blank\" rel=\"noopener\">recension<\/a> Kultursidan.nu 23\/12 2018<\/p>\n","protected":false},"excerpt":{"rendered":"<p>NORRK\u00d6PING Hj\u00e4ltar, mod och en utmaning lika stor som livet. Norrk\u00f6pings officiella ny\u00e5rsfirande startade p\u00e5 Grytstorget. \u00c5rets talare fr\u00e5n Crazy Pictures fr\u00e5gade om v\u00e4rlden beh\u00f6ver fler l\u00e5ngfilmer. Efter vindlande ny\u00e5rspromenad m\u00f6tte Flickan med facklan p\u00e5 Tyska torget. Den droppande isskulpturen tydliggjorde hur tiden \u00e4r p\u00e5 v\u00e4g att rinna ut. <a class=\"continue-reading-link\" href=\"https:\/\/www.kultursidan.nu\/?p=39609\">L\u00e4s mer <span class=\"meta-nav\">&rarr; <\/span><\/a><\/p>\n","protected":false},"author":1001006,"featured_media":0,"comment_status":"closed","ping_status":"open","sticky":false,"template":"","format":"standard","meta":{"_jetpack_memberships_contains_paid_content":false,"footnotes":""},"categories":[7],"tags":[54,14],"class_list":["post-39609","post","type-post","status-publish","format-standard","hentry","category-norrkoping","tag-evenemang","tag-konst"],"jetpack_featured_media_url":"","jetpack_sharing_enabled":true,"_links":{"self":[{"href":"https:\/\/www.kultursidan.nu\/index.php?rest_route=\/wp\/v2\/posts\/39609","targetHints":{"allow":["GET"]}}],"collection":[{"href":"https:\/\/www.kultursidan.nu\/index.php?rest_route=\/wp\/v2\/posts"}],"about":[{"href":"https:\/\/www.kultursidan.nu\/index.php?rest_route=\/wp\/v2\/types\/post"}],"author":[{"embeddable":true,"href":"https:\/\/www.kultursidan.nu\/index.php?rest_route=\/wp\/v2\/users\/1001006"}],"replies":[{"embeddable":true,"href":"https:\/\/www.kultursidan.nu\/index.php?rest_route=%2Fwp%2Fv2%2Fcomments&post=39609"}],"version-history":[{"count":2,"href":"https:\/\/www.kultursidan.nu\/index.php?rest_route=\/wp\/v2\/posts\/39609\/revisions"}],"predecessor-version":[{"id":39614,"href":"https:\/\/www.kultursidan.nu\/index.php?rest_route=\/wp\/v2\/posts\/39609\/revisions\/39614"}],"wp:attachment":[{"href":"https:\/\/www.kultursidan.nu\/index.php?rest_route=%2Fwp%2Fv2%2Fmedia&parent=39609"}],"wp:term":[{"taxonomy":"category","embeddable":true,"href":"https:\/\/www.kultursidan.nu\/index.php?rest_route=%2Fwp%2Fv2%2Fcategories&post=39609"},{"taxonomy":"post_tag","embeddable":true,"href":"https:\/\/www.kultursidan.nu\/index.php?rest_route=%2Fwp%2Fv2%2Ftags&post=39609"}],"curies":[{"name":"wp","href":"https:\/\/api.w.org\/{rel}","templated":true}]}}