{"id":39686,"date":"2019-01-08T15:52:17","date_gmt":"2019-01-08T14:52:17","guid":{"rendered":"https:\/\/intelligent-friend-7861.standoutwp.com\/?p=39686"},"modified":"2019-01-08T15:52:17","modified_gmt":"2019-01-08T14:52:17","slug":"klas-isaksson-far-moas-stipendium","status":"publish","type":"post","link":"https:\/\/www.kultursidan.nu\/?p=39686","title":{"rendered":"Klas Isaksson f\u00e5r Moas stipendium"},"content":{"rendered":"<p><img loading=\"lazy\" decoding=\"async\" class=\"alignnone size-medium wp-image-39687\" src=\"https:\/\/www.kultursidan.nu\/wp-content\/uploads\/2019\/01\/DSCF4706-567x378.jpg\" alt=\"\" width=\"567\" height=\"378\" srcset=\"https:\/\/www.kultursidan.nu\/wp-content\/uploads\/2019\/01\/DSCF4706-567x378.jpg 567w, https:\/\/www.kultursidan.nu\/wp-content\/uploads\/2019\/01\/DSCF4706-768x512.jpg 768w, https:\/\/www.kultursidan.nu\/wp-content\/uploads\/2019\/01\/DSCF4706-1024x683.jpg 1024w, https:\/\/www.kultursidan.nu\/wp-content\/uploads\/2019\/01\/DSCF4706-150x100.jpg 150w, https:\/\/www.kultursidan.nu\/wp-content\/uploads\/2019\/01\/DSCF4706-500x333.jpg 500w, https:\/\/www.kultursidan.nu\/wp-content\/uploads\/2019\/01\/DSCF4706.jpg 1200w\" sizes=\"auto, (max-width: 567px) 100vw, 567px\" \/><br \/>\n<em>En annan verklighet. &#8221;Jag har tillg\u00e5ng till egna bilder. Sedan kan det ta l\u00e5ng tid innan jag m\u00e5lar dem.&#8221; Klas Isakssons m\u00e5lade visionen av riddarnas jakt p\u00e5 mumintrollen, s\u00e4rskilt tyckte han om att hitta hur han skulle m\u00e5la ljuset.<\/em><\/p>\n<p>&nbsp;<\/p>\n<h1><span style=\"color: #ff0000;\">&#8221;Pengar \u00e4r tid, tid att g\u00f6ra saker&#8221;<\/span><\/h1>\n<p>&nbsp;<\/p>\n<p>NORRK\u00d6PING <strong>Bild \u2013 film \u2013 musik.<\/strong> Klas Isaksson \u00e4r 2018 \u00e5rs mottagare av Norrk\u00f6pings kommuns stipendium till Moa Martinsons minne. Stipendiesumman, 140.927 kronor, ska r\u00e4cka till en rad olika projekt. Samtliga kretsar kring vad medvetandet \u00e4r.<\/p>\n<p><strong>\u2013 Du vill alltid upptr\u00e4da i folks vardagsrum!<\/strong> N\u00e4rheten d\u00e4r publiken kan se varje grepp, hur sladdarna \u00e4r kopplade.<\/p>\n<p>Fr\u00e5n Klas Isakssons studio \u00e4r det tv\u00e5 steg till vardagsrummet, skivbolaget Evigheten lokal p\u00e5 But\u00e4ngen. Med bar, soffh\u00e4ng och h\u00f6gtalare \u2013 som gjort f\u00f6r technofesternas minimalistiska tong\u00e5ngar till dunkande rytm med ljusets str\u00e5lar som f\u00e4rgar r\u00f6ken. Artisterna som \u00e4r s\u00e5 n\u00e4ra publiken att de blir en enhet.<\/p>\n<p>&nbsp;<\/p>\n<p><a title=\"Evigheten\" href=\"https:\/\/www.flickr.com\/photos\/kultursidan\/46661236081\/in\/album-72157702216755962\/\"><img loading=\"lazy\" decoding=\"async\" src=\"https:\/\/farm8.staticflickr.com\/7898\/46661236081_11b37bdeeb.jpg\" alt=\"Evigheten\" width=\"500\" height=\"333\" \/><\/a><br \/>\n<em>Evigheten. En milj\u00f6 som inte m\u00e5ste byggas och rivas under n\u00e5gra timmar, som till Den svenska bj\u00f6rnstammens spelningar, utan alltid finns och bara beh\u00f6ver finjusteras inf\u00f6r olika evenemang.<\/em><\/p>\n<p>&nbsp;<\/p>\n<p><strong>Det \u00e4r m\u00e5ndag f\u00f6rmiddag och tyst i vardagsrummet.<\/strong> Klas Isaksson dricker kaffe och jag tittar p\u00e5 affischerna f\u00f6r Papegojan &amp; Evigheten.<\/p>\n<p>\u2013 N\u00e4r vi \u00e4r h\u00e4r \u00e4r det Evigheten, n\u00e4r vi spelar p\u00e5 andra st\u00e4llen \u00e4r det Papegojan.<\/p>\n<p>Aha! En sj\u00e4lvklarhet f\u00f6r alla i Norrk\u00f6ping med omnejd (fr\u00e5n Sm\u00e5land till Katrineholm) som gillar house. Hos mig, som bara noterat FB-evenemangen d\u00e5 och d\u00e5, trillar poletten ner.<\/p>\n<p><strong>Klas Isaksson \u00e4r 2018 \u00e5rs mottagare av Norrk\u00f6pings kommuns stipendium till Moa Martinsons minne.<\/strong> Jag k\u00e4nner honom som konstn\u00e4r och f\u00f6rst\u00e5s som medlem i Den svenska bj\u00f6rnstammen. Allts\u00e5 bild och musik.<\/p>\n<p>Men s\u00e5 har han nyligen ocks\u00e5 f\u00e5tt pengar till ett filmprojekt fr\u00e5n Film i \u00d6st, 10.000 kronor.<\/p>\n<p>Allts\u00e5 bild \u2013 musik \u2013 film. Det visar p\u00e5 en intressebredd (nej, jag tr\u00f6ttar inte ut honom med att fr\u00e5ga om den g\u00e5ngen bj\u00f6rnstammarna byggde en zeppelinare).<\/p>\n<p><strong>Ett samtal med Klas Isaksson blir bredare \u00e4n s\u00e5.<\/strong> Under ett tv\u00e5 timmars skrapande p\u00e5 ytan talar vi om basekonomi, stipendiet, s\u00f6mnparalys, medvetandet, utbildning, serieromanen <em>Evig lycka<\/em>, ton\u00e5rens kreativa m\u00f6ten i enkla milj\u00f6er, Norrk\u00f6pings byggboom (\u201dJag tror vi h\u00e5ller p\u00e5 att bygga bort de h\u00e4r milj\u00f6erna\u201d), ljusdesign, techno, musikscener, konstn\u00e4rliga uttrycksformer, Jung, producentrollen, kunskapssug (bygge, ljus, \u201dljud \u00e4r sjukt stort\u201d), bygga\/riva, vardagsrum.<\/p>\n<p>Och om verkligheten kontra internet \u2013 \u201dEvigheten finns inte p\u00e5 internet\u201d. Om det digitala, som \u00e4r s\u00e5 praktiskt som verktyg men flyktigt med n\u00e4sta uppgradering, kontra det analoga \u2013 \u201dEn vinylskiva kan vara sliten men den finns kvar\u201d.<\/p>\n<p><strong>Basekonomin kommer fr\u00e5n Den svenska bj\u00f6rnstammens spelningar, skivor, scenografi.<\/strong> Det jobbet g\u00e5r i perioder som utslaget blir halvtid. Resterande tiden g\u00f6r Klas Isaksson annat. Han spelar med andra, driver Evigheten ihop med andra, g\u00f6r filmprojektet med andra. Inte n\u00e5got som g\u00f6r honom rik, men livet blir roligare s\u00e5. Han l\u00e4r sig st\u00e4ndigt nya saker (vilket \u00e4r en stark drivkraft).<\/p>\n<p>De egna projekten g\u00f6rs lite vid sidan om, p\u00e5 fritiden, om nu en kreativ person utan fasta arbetstider har n\u00e5gon fritid.<\/p>\n<p>\u2013 Jag jobbar med alla grejerna parallellt. En dag g\u00f6r jag en sak, n\u00e4sta dag en annan.<\/p>\n<p>&nbsp;<\/p>\n<p><a title=\"Klas Isaksson\" href=\"https:\/\/www.flickr.com\/photos\/kultursidan\/45746178805\/in\/album-72157702216755962\/\"><img loading=\"lazy\" decoding=\"async\" src=\"https:\/\/farm8.staticflickr.com\/7890\/45746178805_8593afd89d.jpg\" alt=\"Klas Isaksson\" width=\"500\" height=\"333\" \/><\/a><br \/>\n<em>Kult. Filmkameran som sparar p\u00e5 band ger tillg\u00e5ng till barndomens speciella filmkvalitet. Klas Isakssons bild- och ljudapparater t\u00e4cker 1980- och 1990-talet.<\/em><\/p>\n<p>&nbsp;<\/p>\n<p><strong>\u2013 Jag har alltid t\u00e4nkt att pengar \u00e4r tid, tid att g\u00f6ra saker.<\/strong> Jag s\u00f6kte Moa Martinsonstipendiet f\u00f6r att g\u00f6ra saker i mitt eget namn, att inte beh\u00f6va g\u00e5 ner p\u00e5 nollbudgetniv\u00e5. Min ambition \u00e4r att f\u00e5 pengarna att r\u00e4cka s\u00e5 l\u00e4nge som m\u00f6jligt.<\/p>\n<p>140.927 kronor, en krona per inv\u00e5nare i Norrk\u00f6pings kommun 2018, ger en grund att st\u00e5 p\u00e5. S\u00e5 nu i vinter och v\u00e5r planerar Klas Isaksson f\u00f6r konstutst\u00e4llning, att ge ut egen musik och s\u00e5 filmen.<\/p>\n<p>Filmen g\u00f6rs visserligen ihop med andra men Klas st\u00e5r f\u00f6r ber\u00e4ttande, konstn\u00e4rligt foto och filmmusik.<\/p>\n<p>\u2013 De andra har sina ing\u00e5ngar, som kostym och sk\u00e5despel. Alla f\u00e5r g\u00f6ra sin grej. Vi skissar p\u00e5 det som en serie.<\/p>\n<p><strong>\u2013 N\u00e4r man jobbar som konstn\u00e4r tr\u00e4nar man upp vissa perspektiv,<\/strong> f\u00f6rklarar Klas Isaksson vars skapande hela tiden tar sig olika uttrycksformer.<\/p>\n<p>M\u00e5leriet, som han kanske visat minst av allt, \u00e4r s\u00e5 viktigt att han m\u00f6blerat om i studion f\u00f6r att ge det utrymme. Det mesta han g\u00f6r, inte bara m\u00e5leriet, ber\u00f6r intresset f\u00f6r det m\u00e4nskliga medvetandet som har sin startpunkten i en stark synupplevelse, en vision. Den f\u00f6rsta:<\/p>\n<p>\u2013 Jag s\u00e5g mumintrollen komma stormande mot mig, jagade av riddare.<br \/>\n\u2013 Jag hade ingen relation till vare sig mumintroll eller riddare. Hur kunde min hj\u00e4rna hitta p\u00e5 det?<\/p>\n<p><strong>Visionen var ing\u00e5ngen till hans s\u00f6mnparalys. <\/strong>Ibland upplever han dr\u00f6mmar fast han \u00e4r vaken, p\u00e5 ett s\u00e4tt som g\u00f6r att de tycks vara verklighet. Det \u00e4r n\u00e5got som drabbar och drabbat m\u00e4nniskor i alla tider och kulturer, och ordet drabbar \u00e4r valt eftersom det ofta kan vara obehagliga upplevelser. En urgammal bild \u00e4r Maran som f\u00f6rs\u00f6ker kv\u00e4va den som oftast befinner sig mellan dr\u00f6m och vakenhet, n\u00e4r hj\u00e4rnan \u00e4r i vila.<\/p>\n<p>Klas Isaksson har l\u00e4rt sig mycket om s\u00f6mnparalys. Han har f\u00f6rst\u00e5s l\u00e4st Jung \u2013 \u201dJung \u00e4r rolig, jag tror att det \u00e4r s\u00e5 han ocks\u00e5 hittade det. Men det \u00e4r inte hans arketyper utan allas v\u00e5ra arketyper\u201d \u2013 och funderat vidare kring medvetandet. En person kan uppleva verkligheten p\u00e5 ett annat s\u00e4tt \u00e4n en annan.<\/p>\n<p>Han n\u00e4mner \u00e4ven house\/technons s\u00f6kande efter transcendentala tillst\u00e5nd, ett annat medvetande.<\/p>\n<p>&nbsp;<\/p>\n<p><a title=\"Klas Isaksson\" href=\"https:\/\/www.flickr.com\/photos\/kultursidan\/45748077755\/in\/album-72157702216755962\/\"><img loading=\"lazy\" decoding=\"async\" src=\"https:\/\/farm8.staticflickr.com\/7907\/45748077755_5b21624007.jpg\" alt=\"Klas Isaksson\" width=\"500\" height=\"333\" \/><\/a><br \/>\n<em>Vinyl. Inte bara nostalgi utan ocks\u00e5 p\u00e5taglig och fungerande verklighet. Den snabba digitala utvecklingen g\u00f6r egentligen fungerande prylar oanv\u00e4ndbara.<\/em><\/p>\n<p>&nbsp;<\/p>\n<p><strong>Nu ska allt ut.<\/strong> Filmen, eller \u00e5tminstone den f\u00f6rsta i den planerade i serien, ska bli verklighet. Musikalbumet ska ges ut i Klas Isakssons eget namn. D\u00e4r det n\u00e4stan bara \u00e4r skivomslaget som \u00e5terst\u00e5r.<\/p>\n<p>\u2013 De som lyssnar p\u00e5 techno h\u00f6r att jag kommer fr\u00e5n popens harmonier, kommenterar Klas.<\/p>\n<p>De stora m\u00e5lningarna som h\u00e4nger p\u00e5 v\u00e4ggarna och st\u00e5r p\u00e5 golvet ska st\u00e4llas ut. Det handlar nu om urval och att finna eller skapa bilden som knyter ihop.<\/p>\n<p>\u2013 I st\u00e4llet f\u00f6r att g\u00e5 till ett galleri s\u00e5 g\u00e5r jag direkt till en fastighets\u00e4gare, s\u00e4ger Klas Isaksson som alltid g\u00e5tt den v\u00e4gen f\u00f6r att hitta k\u00e4llare och vardagsrum.<\/p>\n<p><strong>\u2013 I m\u00e5nga \u00e5r har jag bara skapat.<\/strong> Nu har jag ing\u00e5ngen att jag kan presentera det.<\/p>\n<p><em>\u00a9 Text och foto: Ann-Charlotte Sandelin\u2028<\/em><\/p>\n<p>BILDSPEL \u2013 KLICKA P\u00c5 BILDENS PILAR<\/p>\n<p><a data-flickr-embed='true' href='https:\/\/www.flickr.com\/photos\/kultursidan\/albums\/72157702216755962' title='Klas Isaksson, Moa Martinsonstipendiat 2018 by Kultursidan, on Flickr'><img src='https:\/\/live.staticflickr.com\/7903\/45746179005_44ce662a15_z.jpg' width='800' height='600' alt='Klas Isaksson'><\/a><script async src='https:\/\/embedr.flickr.com\/assets\/client-code.js' charset='utf-8'><\/script><\/p>\n<blockquote>\n<h4>R\u00c5DHUSET Norrk\u00f6ping<\/h4>\n<p>16 januari 2019<\/p>\n<p><strong>Norrk\u00f6pings kommuns kulturstipendium till Moa Martinsons minne<\/strong><br \/>\nKlas Isaksson, konstn\u00e4r<br \/>\nStipendiesumma: 140.927 kronor<\/p>\n<p><strong>Norrk\u00f6pings kommuns kulturstipendium \u00e0 40.000 kronor<\/strong><br \/>\nCarl Melin, musikproducent<\/p>\n<p>Utdelas av Kultur- och fritidsn\u00e4mnden<\/p><\/blockquote>\n<p>L\u00c4NKAR<br \/>\nKlas Isaksson <a href=\"http:\/\/galago.se\/forfattare\/klas-isaksson\/\" target=\"_blank\" rel=\"noopener\">Evig lycka\/Galago<\/a><br \/>\nKlas Isakssons l\u00e5gm\u00e4lda lycka ber\u00f6r <a href=\"https:\/\/www.kultursidan.nu\/?p=18390\" target=\"_blank\" rel=\"noopener\">recension<\/a> Kultursidan.nu 4\/1 2015<\/p>\n","protected":false},"excerpt":{"rendered":"<p>NORRK\u00d6PING Bild \u2013 film \u2013 musik. Klas Isaksson \u00e4r 2018 \u00e5rs mottagare av Norrk\u00f6pings kommuns stipendium till Moa Martinsons minne. Stipendiesumman, 140.927 kronor, ska r\u00e4cka till en rad olika projekt. Samtliga kretsar kring vad medvetandet \u00e4r. <a class=\"continue-reading-link\" href=\"https:\/\/www.kultursidan.nu\/?p=39686\">L\u00e4s mer <span class=\"meta-nav\">&rarr; <\/span><\/a><\/p>\n","protected":false},"author":1001006,"featured_media":0,"comment_status":"closed","ping_status":"open","sticky":false,"template":"","format":"standard","meta":{"_jetpack_memberships_contains_paid_content":false,"footnotes":""},"categories":[7],"tags":[38,14,89],"class_list":["post-39686","post","type-post","status-publish","format-standard","hentry","category-norrkoping","tag-film","tag-konst","tag-personportratt"],"jetpack_featured_media_url":"","jetpack_sharing_enabled":true,"_links":{"self":[{"href":"https:\/\/www.kultursidan.nu\/index.php?rest_route=\/wp\/v2\/posts\/39686","targetHints":{"allow":["GET"]}}],"collection":[{"href":"https:\/\/www.kultursidan.nu\/index.php?rest_route=\/wp\/v2\/posts"}],"about":[{"href":"https:\/\/www.kultursidan.nu\/index.php?rest_route=\/wp\/v2\/types\/post"}],"author":[{"embeddable":true,"href":"https:\/\/www.kultursidan.nu\/index.php?rest_route=\/wp\/v2\/users\/1001006"}],"replies":[{"embeddable":true,"href":"https:\/\/www.kultursidan.nu\/index.php?rest_route=%2Fwp%2Fv2%2Fcomments&post=39686"}],"version-history":[{"count":2,"href":"https:\/\/www.kultursidan.nu\/index.php?rest_route=\/wp\/v2\/posts\/39686\/revisions"}],"predecessor-version":[{"id":39689,"href":"https:\/\/www.kultursidan.nu\/index.php?rest_route=\/wp\/v2\/posts\/39686\/revisions\/39689"}],"wp:attachment":[{"href":"https:\/\/www.kultursidan.nu\/index.php?rest_route=%2Fwp%2Fv2%2Fmedia&parent=39686"}],"wp:term":[{"taxonomy":"category","embeddable":true,"href":"https:\/\/www.kultursidan.nu\/index.php?rest_route=%2Fwp%2Fv2%2Fcategories&post=39686"},{"taxonomy":"post_tag","embeddable":true,"href":"https:\/\/www.kultursidan.nu\/index.php?rest_route=%2Fwp%2Fv2%2Ftags&post=39686"}],"curies":[{"name":"wp","href":"https:\/\/api.w.org\/{rel}","templated":true}]}}