{"id":39748,"date":"2019-01-15T09:50:04","date_gmt":"2019-01-15T08:50:04","guid":{"rendered":"https:\/\/intelligent-friend-7861.standoutwp.com\/?p=39748"},"modified":"2019-01-15T09:57:37","modified_gmt":"2019-01-15T08:57:37","slug":"fint-portratt-finner-driftiga-octavia","status":"publish","type":"post","link":"https:\/\/www.kultursidan.nu\/?p=39748","title":{"rendered":"Fint portr\u00e4tt finner driftiga Octavia"},"content":{"rendered":"<p><img loading=\"lazy\" decoding=\"async\" class=\"alignnone size-medium wp-image-39749\" src=\"https:\/\/www.kultursidan.nu\/wp-content\/uploads\/2019\/01\/boken-VIT-567x425.jpg\" alt=\"\" width=\"567\" height=\"425\" srcset=\"https:\/\/www.kultursidan.nu\/wp-content\/uploads\/2019\/01\/boken-VIT-567x425.jpg 567w, https:\/\/www.kultursidan.nu\/wp-content\/uploads\/2019\/01\/boken-VIT-768x576.jpg 768w, https:\/\/www.kultursidan.nu\/wp-content\/uploads\/2019\/01\/boken-VIT-150x113.jpg 150w, https:\/\/www.kultursidan.nu\/wp-content\/uploads\/2019\/01\/boken-VIT-444x333.jpg 444w, https:\/\/www.kultursidan.nu\/wp-content\/uploads\/2019\/01\/boken-VIT.jpg 800w\" sizes=\"auto, (max-width: 567px) 100vw, 567px\" \/><br \/>\n<em>Samh\u00e4llsutvecklare. I biografin Var \u00e4r Octavia? tecknar Marielle Martinz portr\u00e4ttet av en framg\u00e5ngsrik aff\u00e4rskvinna som arbetade f\u00f6r kvinnors r\u00e4tt inom alla samh\u00e4llsklasser.<\/em><\/p>\n<p>&nbsp;<\/p>\n<h1><span style=\"color: #ff0000;\">Vision\u00e4r samh\u00e4llspraktiker<br \/>\n<\/span><\/h1>\n<p>&nbsp;<\/p>\n<p>RECENSION\/ NORRK\u00d6PING <strong>Var var inte Octavia Lundell?<\/strong> Marielle Martinz portr\u00e4tterar i <em>Var \u00e4r Octavia?<\/em> en framg\u00e5ngsrik aff\u00e4rskvinna som med kraft och uth\u00e5llighet arbetar f\u00f6r att f\u00f6rb\u00e4ttra sina medm\u00e4nniskors och framf\u00f6rallt medsystrars tillvaro, fr\u00e5n att hj\u00e4lpa enskilda till att utveckla samh\u00e4llet.<\/p>\n<p><strong>Vem var filantropen, entrepren\u00f6ren och inspirat\u00f6ren Octavia Lundell?<\/strong> Den fr\u00e5gan f\u00f6rs\u00f6ker Marielle att svara p\u00e5 med sin biografi <em>Var \u00e4r Octavia?<\/em> som hon sl\u00e4ppte p\u00e5 eget f\u00f6rlag tidigt i h\u00f6stas.<\/p>\n<p>Boken \u00e4r skriven i tv\u00e5 delar, dels en dramatiserad livsbiografi men ocks\u00e5 en ren faktadel. Boken inneh\u00e5ller ocks\u00e5 fotografier som visar upp Octavia som dotter, aff\u00e4rskvinna och den vuxna, privata kvinnan. Det finns ocks\u00e5 en rad bilder p\u00e5 v\u00e4nner och familj. Bilderna blir ett bra komplement till biografin som v\u00e4l beskriver den anda som fanns i Norrk\u00f6ping i slutet av 1800-talet och b\u00f6rjan p\u00e5 1900-talet.<\/p>\n<p><strong>Octavia kom fr\u00e5n den \u00f6vre medelklassen, yngst av \u00e5tta syskon,vilket ger ocks\u00e5 en ledtr\u00e5d till namnet Octavia.<\/strong> Hon f\u00e5r g\u00e5 p\u00e5 handelsskola. Tillsammans med v\u00e4ninnan Anna Esping startar hon pappershandeln Esping &amp; Lundell som l\u00e5g p\u00e5 Drottninggatan (idag Resias lokaler) och den existerade fram till 1970.<\/p>\n<p>F\u00f6retaget startade 24 april 1888 och utvecklades snart till mycket mer \u00e4n en pappershandel, det var \u00e4ven ett grossistf\u00f6retag och drev eget tryckeri. H\u00e4r handlade inte bara f\u00f6retag utan \u00e4ven stadens nobless. H\u00e4r kunde kunderna ink\u00f6pa allt som en gedigen pappershandel ans\u00e5gs beh\u00f6va ha. Tack vare tryckeriet kunde \u00e4ven affischer, inbjudningskort med personlig pr\u00e4gel best\u00e4llas. 1904 blir Octavia Lundell ensam \u00e4gare till r\u00f6relsen. I perioder fanns 60\u2013100 personer anst\u00e4llda.<\/p>\n<p><strong>Norrk\u00f6ping har alltid varit en arbetarstad och Octavia hade ett finger med p\u00e5 m\u00e5nga st\u00e4llen.<\/strong> Hon var en aff\u00e4rskvinna och en m\u00e5ngsidig entrepren\u00f6r. Hon arbetade ideellt inom Arbetsf\u00f6rmedllingens f\u00f6reg\u00e5ngare. \u00c4ven inom f\u00f6reningslivet var hon en viktig faktor, bland annat i KFUK, Kristliga f\u00f6reningen f\u00f6r unga kvinnor.<\/p>\n<p>Det som g\u00f6r biografin intressant \u00e4r att man f\u00e5r f\u00f6lja hur hon ser m\u00e4nniskor i b\u00e5de det stora och det lilla perspektivet. Hon \u00e4r f\u00f6r m\u00e5nga en v\u00e4lg\u00f6rare. En av de stora fr\u00e5gorna hon drev var den f\u00f6r kvinnlig r\u00f6str\u00e4tt och hon f\u00e5r vara med om n\u00e4r Sverige inf\u00f6r det 1921.<\/p>\n<p><strong>Hon vill att m\u00e4nniskorna i staden och i v\u00e4rlden ska kunna leva bra liv, inte bara dr\u00e4gliga liv.<\/strong> I det perspektivet f\u00f6rstod hon att ett tryggt boende och l\u00f6n var nycklar f\u00f6r att gemene man skulle kunna klara av livet. Hon var delaktig i att starta ett hem f\u00f6r unga fabriksarbeterskor. I KFUK sk\u00e4nktes bidrag b\u00e5de inom staden men ocks\u00e5 globala bidrag.<\/p>\n<p>&nbsp;<\/p>\n<p><a title=\"Marielle Martinz\" href=\"https:\/\/www.flickr.com\/photos\/kultursidan\/31807988717\/in\/album-72157704300605941\/\"><img loading=\"lazy\" decoding=\"async\" src=\"https:\/\/farm8.staticflickr.com\/7832\/31807988717_0080d3c047.jpg\" alt=\"Marielle Martinz\" width=\"500\" height=\"333\" \/><\/a><br \/>\n<em>F\u00f6rfattaren. Marielle Martinz ber\u00e4ttade om Octavia Lundell i samband med boksl\u00e4ppet p\u00e5 Norrk\u00f6pings bibliotek tidigt i h\u00f6stas.<\/em><\/p>\n<p>&nbsp;<\/p>\n<p><strong>Den dramatiserade delen m\u00e5lar upp ett m\u00e5ngfacetterat portr\u00e4tt av Octavia Lundell.<\/strong> Ibland k\u00e4nns den lite sorgsen f\u00f6r trots n\u00e4ra v\u00e4nner, familj och en stor bekantskapskrets s\u00e5 finns ocks\u00e5 en aura av ensamhet i hennes k\u00e4rna. Ibland var den sj\u00e4lvvald men jag f\u00e5r ocks\u00e5 k\u00e4nslan av att ibland var den p\u00e5tvingad, att trots alla hennes livsg\u00e4rningar s\u00e5 fanns ett str\u00e5k av ensamhet i henne.<\/p>\n<p>En facett av Octavia \u00e4r den starka och den glada personen, men n\u00e5got finns d\u00e4r som s\u00e4ger att Octavia var en t\u00e4nkare och grubblare. D\u00e5 k\u00e4nns det som att skrattet och leendet ibland \u00e4r ett pansar f\u00f6r att inte bli st\u00f6rd i sin tankev\u00e4rld och grubblerier. Den delen \u00e4r ocks\u00e5 en del av den empatiska Octavia som ville m\u00e4nniskor v\u00e4l och att livet skulle vara bra.<\/p>\n<p><strong>\u00c4ven om <em>Var \u00e4r Octavia?<\/em> \u00e4r ett livsportr\u00e4tt blir boken ocks\u00e5 en lokalhistorisk dokumentation om det Norrk\u00f6ping som v\u00e4xte fram under 1900-talet.<\/strong> Utan filantroper och entrepren\u00f6rsanda skulle samh\u00e4llet st\u00e5 still, vi beh\u00f6ver m\u00e4nniskor som v\u00e5gar tro p\u00e5 visioner och visa p\u00e5 hur de kan formas i den tid vi lever. Octavia var en f\u00f6rebild i det och vi beh\u00f6ver alla n\u00e5gon som tror p\u00e5 m\u00e4nniskan i det stora och det lilla perspektivet.<\/p>\n<p><strong>Marielle Martinz har ett bra spr\u00e5kbruk och rytm n\u00e4r hon m\u00e5lar upp portr\u00e4ttet av Octavia.<\/strong> Den dramatiserade delen \u00e4r underh\u00e5llande. F\u00f6r mig var Octavia Lundell en helt ok\u00e4nd person som verkat och levt i den stad som jag v\u00e4xt upp i.<\/p>\n<p>\u00c4ven om man inte k\u00e4nner till Norrk\u00f6ping s\u00e5 f\u00e5r man en bra bild av staden och hur den ser ut, inte bara genom f\u00f6rfattarens ord utan \u00e4ven genom alla fina fotografier som finns med.<\/p>\n<p><strong>Den andra delen, den rena faktadelen \u00e4r lite torr att l\u00e4sa.<\/strong> F\u00f6r mig k\u00e4nns den delen som en l\u00e5ng fotnot men absolut bra om man vill ha faktareferenser om olika f\u00f6reningar etc. som fanns i Norrk\u00f6ping.<\/p>\n<p><em>\u00a9 Text: Christina Wernersson<\/em><br \/>\n<em>\u2028\u00a9 Foto: Marielle Martinz<\/em><br \/>\n<em>\u00a9 Arkivfoto: Ann-Charlotte Sandelin<\/em><\/p>\n<blockquote>\n<h4>DRAMATISERAD VERKLIGHETSSKILDRING<\/h4>\n<p><strong>Var \u00e4r Octavia?<\/strong><br \/>\nav Marielle Martinz<br \/>\nEget f\u00f6rlag 2018<\/p><\/blockquote>\n<p>L\u00c4NKAR<br \/>\nVar \u00e4r Octavia?\/ Marielle Martinz <a href=\"https:\/\/www.octavialundell.com\" target=\"_blank\" rel=\"noopener\">hemsida<\/a><br \/>\nMarielle Martinz s\u00f6kte Octavias sp\u00e5r <a href=\"https:\/\/www.kultursidan.nu\/?p=38060\" target=\"_blank\" rel=\"noopener\">reportage<\/a> Kultursidan.nu 9\/9 2018<\/p>\n","protected":false},"excerpt":{"rendered":"<p>RECENSION\/ NORRK\u00d6PING Var var inte Octavia Lundell? Marielle Martinz portr\u00e4tterar i Var \u00e4r Octavia? en framg\u00e5ngsrik aff\u00e4rskvinna som med kraft och uth\u00e5llighet arbetar f\u00f6r att f\u00f6rb\u00e4ttra sina medm\u00e4nniskors och framf\u00f6rallt medsystrars tillvaro fr\u00e5n att hj\u00e4lpa enskilda till att utveckla samh\u00e4llet.  <a class=\"continue-reading-link\" href=\"https:\/\/www.kultursidan.nu\/?p=39748\">L\u00e4s mer <span class=\"meta-nav\">&rarr; <\/span><\/a><\/p>\n","protected":false},"author":1001006,"featured_media":0,"comment_status":"closed","ping_status":"open","sticky":false,"template":"","format":"standard","meta":{"_jetpack_memberships_contains_paid_content":false,"footnotes":""},"categories":[64,7],"tags":[],"class_list":["post-39748","post","type-post","status-publish","format-standard","hentry","category-litteratur-2","category-norrkoping"],"jetpack_featured_media_url":"","jetpack_sharing_enabled":true,"_links":{"self":[{"href":"https:\/\/www.kultursidan.nu\/index.php?rest_route=\/wp\/v2\/posts\/39748","targetHints":{"allow":["GET"]}}],"collection":[{"href":"https:\/\/www.kultursidan.nu\/index.php?rest_route=\/wp\/v2\/posts"}],"about":[{"href":"https:\/\/www.kultursidan.nu\/index.php?rest_route=\/wp\/v2\/types\/post"}],"author":[{"embeddable":true,"href":"https:\/\/www.kultursidan.nu\/index.php?rest_route=\/wp\/v2\/users\/1001006"}],"replies":[{"embeddable":true,"href":"https:\/\/www.kultursidan.nu\/index.php?rest_route=%2Fwp%2Fv2%2Fcomments&post=39748"}],"version-history":[{"count":9,"href":"https:\/\/www.kultursidan.nu\/index.php?rest_route=\/wp\/v2\/posts\/39748\/revisions"}],"predecessor-version":[{"id":39758,"href":"https:\/\/www.kultursidan.nu\/index.php?rest_route=\/wp\/v2\/posts\/39748\/revisions\/39758"}],"wp:attachment":[{"href":"https:\/\/www.kultursidan.nu\/index.php?rest_route=%2Fwp%2Fv2%2Fmedia&parent=39748"}],"wp:term":[{"taxonomy":"category","embeddable":true,"href":"https:\/\/www.kultursidan.nu\/index.php?rest_route=%2Fwp%2Fv2%2Fcategories&post=39748"},{"taxonomy":"post_tag","embeddable":true,"href":"https:\/\/www.kultursidan.nu\/index.php?rest_route=%2Fwp%2Fv2%2Ftags&post=39748"}],"curies":[{"name":"wp","href":"https:\/\/api.w.org\/{rel}","templated":true}]}}