{"id":3977,"date":"2012-01-20T11:39:42","date_gmt":"2012-01-20T10:39:42","guid":{"rendered":"https:\/\/intelligent-friend-7861.standoutwp.com\/?p=3977"},"modified":"2014-11-15T12:32:17","modified_gmt":"2014-11-15T11:32:17","slug":"mauritz-karstrom-pa-galleri-sander-som-oppnar-np33","status":"publish","type":"post","link":"https:\/\/www.kultursidan.nu\/?p=3977","title":{"rendered":"Mauritz Karstr\u00f6m p\u00e5 Galleri Sander (som \u00f6ppnar NP33)"},"content":{"rendered":"<p><iframe loading=\"lazy\" src=\"https:\/\/www.flickr.com\/photos\/kultursidan\/6730084195\/in\/set-72157628951132329\/player\/\" width=\"500\" height=\"333\" frameborder=\"0\" allowfullscreen=\"allowfullscreen\"><\/iframe><br \/>\n<em>Detalj. Mauritz Karstr\u00f6ms bilder p\u00e5 Galleri Sanders f\u00f6nster.<\/em><\/p>\n<p>&nbsp;<\/p>\n<h1><span style=\"color: #ff0000;\">F\u00e4rgsprakande meddelanden om m\u00e4nniskan<\/span><\/h1>\n<p>&nbsp;<\/p>\n<p><strong>En n\u00e4stintill sj\u00e4lvlysande utst\u00e4llning har gjort en perfekt landning p\u00e5 Galleri Sanders v\u00e4ggar.<\/strong> Det \u00e4r arton akvareller\/pasteller av i f\u00f6rtid bortg\u00e5ngne konstn\u00e4ren Mauritz Karstr\u00f6m.<\/p>\n<p>De guldkantade m\u00e5lningarna \u00e4r identiskt lika stora och h\u00e4ngningen prydligt p\u00e5 rad. Genom den svarta passepartoutens titth\u00e5l m\u00f6ter \u00f6gat en f\u00e4rgsprakande v\u00e4rld, som n\u00e4r som helst kan b\u00f6rja r\u00f6ra p\u00e5 sig.<\/p>\n<p><strong>Mauritz Karst\u00f6m, f\u00f6dd 1962 i Link\u00f6ping, tog sig via Lunnevads folkh\u00f6gskola vidare i konstens v\u00e4rld.<\/strong> Han utbildade sig p\u00e5 konstskolor i Stockholm, den nordiska konstskolan i Kokkola i Finland och slutligen p\u00e5 Valand i G\u00f6teborg.<\/p>\n<p>Fram tr\u00e4der m\u00e4nniskan i samspel med, eller som en del av en komplex omgivning. D\u00e4r \u00e4r hus, ledningar, djur i ett intensivt myller. F\u00e4rgerna fyller hela m\u00e5lningen.<\/p>\n<p>En bild, som vanligt en mix av krita och akvarell, skildrar flera gestalter, som en bussk\u00f6, eller lika g\u00e4rna en och samma person i olika poser. Men var och en av dem befinner sig i sin egen bubbla. Oftast kommer oss dock en ensam gestalt till m\u00f6tes med en uppfordrande blick.<\/p>\n<p><strong>Att Mauritz Karstr\u00f6m hade diagnosen schizofreni ger sj\u00e4lvfallet ing\u00e5ngar till hans konst, \u00e4ven om man absolut inte ska stanna vid tolkningen att det \u00e4r \u201dsjuk\u201d konst.<\/strong> Folke Edwards \u00e5r 1999 skrev i boken <em>Mauritz Karstr\u00f6m \u2013 M\u00e5lningar<\/em>:<\/p>\n<p><em>Mauritz Karstr\u00f6m \u00e4r n\u00e4ra sitt undermedvetna. \/- &#8211; &#8211; \/F\u00f6r Mauritz \u00e4r att m\u00e5la f\u00f6rst och sist att leva.<\/em><\/p>\n<p>F\u00f6r den som vill l\u00e4sa ges h\u00e4r f\u00e4rgsprakande meddelanden om m\u00e4nniskan och om varat. Mauritz Karstr\u00f6m gick bort 2005.<\/p>\n<p>&nbsp;<\/p>\n<p><strong>\u00c5rets f\u00f6rsta utst\u00e4llning p\u00e5 Galleri Sander blir den sista innan Joakim Sander tar steget till att \u00f6ppna den nya konsthallen NP33, i norra hamnomr\u00e5det.<\/strong> Namnet kommer fr\u00e5n adressen Norra Promenaden 33. I planerna f\u00f6r ovanv\u00e5ningens tusen kvadratmeter konst- och designhall ing\u00e5r b\u00e5de huvudutst\u00e4llningar och mindre specialutst\u00e4llningar.<\/p>\n<p>Joakim Sander kommer att flytta ramverkstaden s\u00e5 att den ligger i anslutning till entr\u00e9n i bottenv\u00e5ningen. I framtiden t\u00e4nker han sig ocks\u00e5 en konstshop och kanske \u00e4ven caf\u00e9.<\/p>\n<p><strong>NP33 med undertiteln Konst &amp; design, invigs 18 februari med dubbelutst\u00e4llningen <em>Konstruktivt<\/em> med Kerstin Hedman och Ilkka P\u00e4rni.<\/strong><\/p>\n<p><em>Text och foto: Ann-Charlotte Sandelin<\/em><\/p>\n<p>&nbsp;<\/p>\n<ul>\n<li>\n<h3>GALLERI SANDER Norrk\u00f6ping<\/h3>\n<\/li>\n<li><em>14 januari \u2013 11 februari 2012<\/em><br \/>\n<strong>Mauritz Karstr\u00f6m<br \/>\n<\/strong>Akvareller\/pasteller<\/li>\n<\/ul>\n<p>&nbsp;<\/p>\n<p>L\u00c4NKAR<br \/>\nMauritz Karst\u00f6m <a title=\"Ugallery\" href=\"http:\/\/www.ugallery.se\/netgalleri\/artist\/KM\/KM.html\" target=\"_blank\">info<\/a> N\u00e4tgalleriet Ugallery<br \/>\nGalleri Sander <a title=\"Galleri Sander\" href=\"http:\/\/www.gallerisander.se\/nkpg\/index.html\" target=\"_blank\">hemsida<\/a><br \/>\nNP33 <a title=\"NP33\" href=\"www.np33.se\" target=\"_blank\">hemsida<\/a><\/p>\n<p>&nbsp;<\/p>\n<p>BILDSPEL (FLASH) FR\u00c5N UTST\u00c4LLNINGEN \u2013 KLICKA P\u00c5 BILDEN<br \/>\n<em>ALT\/MOBIL \u2013 KLICKA <a title=\"Bildspel\" href=\"https:\/\/www.flickr.com\/photos\/kultursidan\/sets\/72157628951132329\/show\/\" target=\"_blank\">H\u00c4R<\/a><\/em><br \/>\n<object width=\"400\" height=\"300\"><param name=\"flashvars\" value=\"offsite=true&amp;lang=en-us&amp;page_show_url=%2Fphotos%2Fkultursidan%2Fsets%2F72157628951132329%2Fshow%2F&amp;page_show_back_url=%2Fphotos%2Fkultursidan%2Fsets%2F72157628951132329%2F&amp;set_id=72157628951132329&amp;jump_to=\" \/><param name=\"movie\" value=\"https:\/\/www.flickr.com\/apps\/slideshow\/show.swf?v=1811922554\" \/><param name=\"allowFullScreen\" value=\"true\" \/><\/object><\/p>\n<p>BILDSPEL (FLASH)\u00a0FR\u00c5N NP33 UNDER OMBYGGNAD \u2013 KLICKA P\u00c5 BILDEN<br \/>\n<em>ALT\/MOBIL \u2013 KLICKA <a title=\"Bildspel\" href=\"https:\/\/www.flickr.com\/photos\/kultursidan\/sets\/72157628951035179\/show\/\" target=\"_blank\">H\u00c4R<\/a><\/em><\/p>\n<p><object width=\"400\" height=\"300\"><param name=\"flashvars\" value=\"offsite=true&amp;lang=en-us&amp;page_show_url=%2Fphotos%2Fkultursidan%2Fsets%2F72157628951035179%2Fshow%2F&amp;page_show_back_url=%2Fphotos%2Fkultursidan%2Fsets%2F72157628951035179%2F&amp;set_id=72157628951035179&amp;jump_to=\" \/><param name=\"movie\" value=\"https:\/\/www.flickr.com\/apps\/slideshow\/show.swf?v=1811922554\" \/><param name=\"allowFullScreen\" value=\"true\" \/><\/object><\/p>\n","protected":false},"excerpt":{"rendered":"<p>NORRK\u00d6PING Innanf\u00f6r de prydliga guldramarna \u00f6ppnar sig en f\u00e4rgsprakande v\u00e4rld som n\u00e4r som helst kan b\u00f6rja r\u00f6ra p\u00e5 sig. Oftast m\u00f6ter oss m\u00e4nniskan med uppfordrande blick. <a class=\"continue-reading-link\" href=\"https:\/\/www.kultursidan.nu\/?p=3977\">L\u00e4s mer <span class=\"meta-nav\">&rarr; <\/span><\/a><\/p>\n","protected":false},"author":1001006,"featured_media":0,"comment_status":"closed","ping_status":"open","sticky":false,"template":"","format":"standard","meta":{"_jetpack_memberships_contains_paid_content":false,"footnotes":""},"categories":[7],"tags":[14],"class_list":["post-3977","post","type-post","status-publish","format-standard","hentry","category-norrkoping","tag-konst"],"jetpack_featured_media_url":"","jetpack_sharing_enabled":true,"_links":{"self":[{"href":"https:\/\/www.kultursidan.nu\/index.php?rest_route=\/wp\/v2\/posts\/3977","targetHints":{"allow":["GET"]}}],"collection":[{"href":"https:\/\/www.kultursidan.nu\/index.php?rest_route=\/wp\/v2\/posts"}],"about":[{"href":"https:\/\/www.kultursidan.nu\/index.php?rest_route=\/wp\/v2\/types\/post"}],"author":[{"embeddable":true,"href":"https:\/\/www.kultursidan.nu\/index.php?rest_route=\/wp\/v2\/users\/1001006"}],"replies":[{"embeddable":true,"href":"https:\/\/www.kultursidan.nu\/index.php?rest_route=%2Fwp%2Fv2%2Fcomments&post=3977"}],"version-history":[{"count":0,"href":"https:\/\/www.kultursidan.nu\/index.php?rest_route=\/wp\/v2\/posts\/3977\/revisions"}],"wp:attachment":[{"href":"https:\/\/www.kultursidan.nu\/index.php?rest_route=%2Fwp%2Fv2%2Fmedia&parent=3977"}],"wp:term":[{"taxonomy":"category","embeddable":true,"href":"https:\/\/www.kultursidan.nu\/index.php?rest_route=%2Fwp%2Fv2%2Fcategories&post=3977"},{"taxonomy":"post_tag","embeddable":true,"href":"https:\/\/www.kultursidan.nu\/index.php?rest_route=%2Fwp%2Fv2%2Ftags&post=3977"}],"curies":[{"name":"wp","href":"https:\/\/api.w.org\/{rel}","templated":true}]}}