{"id":39886,"date":"2019-01-25T19:51:01","date_gmt":"2019-01-25T18:51:01","guid":{"rendered":"https:\/\/intelligent-friend-7861.standoutwp.com\/?p=39886"},"modified":"2019-01-25T19:53:59","modified_gmt":"2019-01-25T18:53:59","slug":"jattebarnkor-med-jojje-och-son","status":"publish","type":"post","link":"https:\/\/www.kultursidan.nu\/?p=39886","title":{"rendered":"J\u00e4ttebarnk\u00f6r med Jojje och SON"},"content":{"rendered":"<p><img loading=\"lazy\" decoding=\"async\" class=\"alignnone size-medium wp-image-39887\" src=\"https:\/\/www.kultursidan.nu\/wp-content\/uploads\/2019\/01\/DSCF5464-567x378.jpg\" alt=\"\" width=\"567\" height=\"378\" srcset=\"https:\/\/www.kultursidan.nu\/wp-content\/uploads\/2019\/01\/DSCF5464-567x378.jpg 567w, https:\/\/www.kultursidan.nu\/wp-content\/uploads\/2019\/01\/DSCF5464-768x512.jpg 768w, https:\/\/www.kultursidan.nu\/wp-content\/uploads\/2019\/01\/DSCF5464-1024x683.jpg 1024w, https:\/\/www.kultursidan.nu\/wp-content\/uploads\/2019\/01\/DSCF5464-150x100.jpg 150w, https:\/\/www.kultursidan.nu\/wp-content\/uploads\/2019\/01\/DSCF5464-500x333.jpg 500w, https:\/\/www.kultursidan.nu\/wp-content\/uploads\/2019\/01\/DSCF5464.jpg 1200w\" sizes=\"auto, (max-width: 567px) 100vw, 567px\" \/><br \/>\n<em>\u00c5ka bil. Elever fr\u00e5n Norrk\u00f6pings musikklasser repeterar inf\u00f6r l\u00f6rdagens stora familjekonsert med Jojje Wadenius.<\/em><\/p>\n<p>&nbsp;<\/p>\n<h1><span style=\"color: #ff0000;\">&#8221;Vi gjorde den musik vi gillade&#8221;<\/span><\/h1>\n<p>&nbsp;<\/p>\n<p>NORRK\u00d6PING <strong>Favoriten \u00e4r <em>Min mask<\/em>.<\/strong> En j\u00e4ttestor barnk\u00f6r fr\u00e5n musikklasserna sjunger glada, \u00f6mma, l\u00e4ngtiga l\u00e5tar med Jojje Wadenius, Trio X och Norrk\u00f6pings Symfoniorkester. N\u00e5gra sjunger solo, andra g\u00e5r ut med hunden, eller fiskar. P\u00e5 l\u00f6rdag blir det p\u00e5 riktigt.<\/p>\n<p><strong>Barnk\u00f6ren \u00e4r j\u00e4ttestor, musikklasser fr\u00e5n \u00e5rskurserna 4 och 5 p\u00e5 b\u00e5de Hagaskolan och Navestadsskolan.<\/strong> Symfoniorkestern m\u00e5ste tr\u00e4nga ihop sig p\u00e5 De Geerhallens scen. Jojje Wadenius och kompgruppen Trio X ska ocks\u00e5 f\u00e5 plats. Det \u00e4r fredag och alla delar ska fogas ihop och fungera, s\u00e5ng, orkesterarrangemang och enkla men roliga scengestaltningar till n\u00e5gra av l\u00e5tarna.<\/p>\n<p>&nbsp;<\/p>\n<p><a title=\"Jojje Wadenius\" href=\"https:\/\/www.flickr.com\/photos\/kultursidan\/39908979463\/in\/album-72157706175844064\/\"><img loading=\"lazy\" decoding=\"async\" src=\"https:\/\/farm8.staticflickr.com\/7859\/39908979463_234d80f9a2.jpg\" alt=\"Jojje Wadenius\" width=\"500\" height=\"333\" \/><\/a><br \/>\n<em>&#8221;Jag kan gilla enkla saker men de ska ha en kvalitet som ber\u00f6r&#8221;, s\u00e4ger Jojje Wadenius och s\u00e4ger att musik varit hans forskningsobjekt i livet.<\/em><\/p>\n<p>&nbsp;<\/p>\n<p><strong><em>Elektriska \u00e5len Elin<\/em> drar ig\u00e5ng, jazzrockig och glad.<\/strong> Jojje Wadenius sjunger det mesta\u00a0 av l\u00e5ten sj\u00e4lv, men k\u00f6ren trycker upp namnet &#8221;Elin&#8221; i taket n\u00e4r dirigenten Christoffer Nobin markerar.<\/p>\n<p><strong>\u2013 Det var producenten Ingalill Lindgren p\u00e5 Sveriges Radio som h\u00f6rde av sig om sex dikter av Barbro Lindgren.<\/strong> Jag blev s\u00e5 inspirerad att jag skrev musik till alla samma kv\u00e4ll, svarar Jojje Wadenius p\u00e5 fr\u00e5gan om hur det hela b\u00f6rjade.<\/p>\n<p>Dikterna hette: <em>Jag vill ha en hund, Mitt lilla barn, Jag \u00e4r det fulaste, Mitt s\u00e5r och Min mask.<\/em> S\u00e5 inleddes musikern Jojje Wadenius sp\u00e5r som tons\u00e4ttare av barnvisor. Genom samarbete med v\u00e4lk\u00e4nde Anders Burman v\u00e4xte antalet l\u00e5tar och 1969 gavs Grammisprisade albumet &#8221;Goda\u2019 Goda\u2019 &#8221; ut med m\u00e5nga av de l\u00e5tar som nu \u00e4r med p\u00e5 konserten.<\/p>\n<p><strong>Jojje Wadenius band Made in Sweden spelade p\u00e5 skivan.<\/strong> Det h\u00f6rs. D\u00e4r \u00e4r sk\u00f6na basg\u00e5ngar, sm\u00e5 jazziga gitarrsolon och stadiga trummor.<\/p>\n<p>\u2013 Vi gjorde den musik vi gillade och t\u00e4nkte inte s\u00e5 mycket p\u00e5 det, kommenterar Jojje Wadenius som redan d\u00e5 hade en bredd i sin musik med jazz, fusion, progrock, storband och lite till.<\/p>\n<p>N\u00e5gra av l\u00e5tarna, som <em>\u00c5ka bil<\/em> och <em>Inte ens min fr\u00f6ken<\/em> \u00e4r tillkomna betydligt senare. Albumet &#8221;Zzoppa&#8221; kom p\u00e5 1990-talet n\u00e4r Jojje samarbetade med Kenneth G\u00e4rdestad.<\/p>\n<p>\u2013 Kenneth k\u00e4nde att han m\u00e5ste fr\u00e5ga Ted om lov, minns Jojje.<\/p>\n<p>&nbsp;<\/p>\n<p><em><a title=\"Norrk\u00f6pings musikklasser \u00e5k 4\u20135 Hagaskolan och Navestadsskolan\" href=\"https:\/\/www.flickr.com\/photos\/kultursidan\/46873656461\/in\/album-72157706175844064\/\"><img loading=\"lazy\" decoding=\"async\" src=\"https:\/\/farm8.staticflickr.com\/7878\/46873656461_ef255e77d8.jpg\" alt=\"Norrk\u00f6pings musikklasser \u00e5k 4\u20135 Hagaskolan och Navestadsskolan\" width=\"500\" height=\"333\" \/><\/a><br \/>\nJ\u00e4ttek\u00f6ren. Eleverna fr\u00e5n Norrk\u00f6pings musikklasser har l\u00e4rt sig m\u00e5nga nya l\u00e5tar fr\u00e5n Jojje Wadenius l\u00e5tskatt.<\/em><\/p>\n<p>&nbsp;<\/p>\n<p><strong>\u2013 Det k\u00e4nns som att Jojje \u00e4r kult, en legend, s<\/strong>varar Symfoniorkesterns Kristina Holm Danielsson, pedagog med ansvar f\u00f6r barn &amp; ungdom, p\u00e5 fr\u00e5gan om varf\u00f6r SON g\u00f6r en konsert med musikern Georg \u201dJojje\u201d Wadenius.<\/p>\n<p>N\u00e4r jag fr\u00e5gar Matteus Is och Leah Nor\u00e9n, som g\u00e5r i klass 4 C p\u00e5 Navestadsskolan, om de k\u00e4nt till n\u00e5gon eller n\u00e5gra l\u00e5tar innan de b\u00f6rjat sjunga dem inf\u00f6r konserten \u00e4r svaret nej. F\u00f6r dem var musiken helt ny.<\/p>\n<p><strong>\u2013 Jamen just d\u00e4rf\u00f6r,<\/strong> kontrar Kristina Holm Danielsson som fick upp \u00f6ronen f\u00f6r l\u00e5tar som <em>Mitt lilla barn<\/em> och <em>Jag \u00e4r det fulaste<\/em> n\u00e4r albumet &#8221;Jojjes klassiska barnvisor&#8221; sl\u00e4pptes f\u00f6r tre \u00e5r sedan, nu med arrangemang f\u00f6r kompband och symfoniorkester.<\/p>\n<p>Det Grammisnominerade albumet spelades in med G\u00f6teborgs Symfoniker och Trio X. Dirigent d\u00e5 som nu var Christoffer Nobin, v\u00e4lk\u00e4nd g\u00e4stdirigent i Norrk\u00f6ping.<\/p>\n<p>\u2013 Det \u00e4r alltid roligt att vara h\u00e4r, s\u00e4ger Christoffer Nobin, som \u00e4ven ledde \u00e5rets kaffekonsert f\u00f6r nya svenskar tidigare i veckan. D\u00e5 med en l\u00e5t fr\u00e5n hans egen musik till konserten &#8221;Nasse hittar en stol&#8221; som gavs f\u00f6r yngre barn f\u00f6r tv\u00e5 \u00e5r sedan.<\/p>\n<p>\u2013 Det var orkestern ville ha med den, framh\u00e5ller Christoffer Nobin.<\/p>\n<p>&nbsp;<\/p>\n<p><a title=\"Elever fr\u00e5n Norrk\u00f6pings Musikklasser\" href=\"https:\/\/www.flickr.com\/photos\/kultursidan\/46873655721\/in\/album-72157706175844064\/\"><img loading=\"lazy\" decoding=\"async\" src=\"https:\/\/farm8.staticflickr.com\/7902\/46873655721_dc5d991ac6.jpg\" alt=\"Elever fr\u00e5n Norrk\u00f6pings Musikklasser\" width=\"333\" height=\"500\" \/><\/a><br \/>\n<em>Min mask. En favoritl\u00e5t med m\u00e5nga rim.<\/em><\/p>\n<p>&nbsp;<\/p>\n<p><strong>\u2013 Jag tycker det \u00e4r kluriga och roliga texter.<\/strong> Och musiken ligger p\u00e5 en helt annan niv\u00e5 \u00e4n mycket som g\u00f6rs f\u00f6r barn i dag. Det \u00e4r viktigt att g\u00f6ra p\u00e5 riktigt f\u00f6r barn, med kvalitet, understryker Kristina Holm Danielsson.<\/p>\n<p>Matteus Is och Leah Nor\u00e9n har i alla fall en klar favoritl\u00e5t.<\/p>\n<p>\u2013<em> Min mask<\/em>. F\u00f6r den rimmar mycket och den \u00e4r bra, s\u00e4ger Matteus Is.<\/p>\n<p>\u2013 Den \u00e4r rolig att sjunga, till\u00e4gger Leah Nor\u00e9n.<\/p>\n<p><em>\u00a9 Text och foto: Ann-Charlotte Sandelin\u2028<\/em><\/p>\n<p>BILDSPEL \u2013 KLICKA P\u00c5 BILDENS PILAR<\/p>\n<p><a data-flickr-embed='true' href='https:\/\/www.flickr.com\/photos\/kultursidan\/sets\/72157706175844064' title='Jojje Wadenius, Norrk\u00f6pings Symfoniorkester 2019 by Kultursidan, on Flickr'><img src='https:\/\/live.staticflickr.com\/7892\/39908979543_678ce53d2b_z.jpg' width='800' height='600' alt='Jojje Wadenius och Trio X'><\/a><script async src='https:\/\/embedr.flickr.com\/assets\/client-code.js' charset='utf-8'><\/script><\/p>\n<blockquote>\n<h4>DE GEERHALLEN Norrk\u00f6ping<\/h4>\n<p>26 januari 2019 kl 15<br \/>\n<strong>Jojje Wadenius<\/strong><br \/>\nFamiljekonsert<br \/>\nNorrk\u00f6pings Symfoniorkester<br \/>\nDirigent: Christoffer Nobin<br \/>\nSolist: Jojje Wadenius gitarr, s\u00e5ng<br \/>\nKompgrupp: Trio X<br \/>\nBarnk\u00f6r: fr\u00e5n Norrk\u00f6pings musikklasser \u00e5k 4\u20135 Hagaskolan och Navestadsskolan<\/p>\n<p>PROGRAM<br \/>\nMusik av Jojje Wadenius.<br \/>\nTexter av Barbro Lindgren, Kenneth G\u00e4rdestad, Olle Landstr\u00f6m och James Hollingworth<\/p>\n<p style=\"padding-left: 30px;\">FOAJ\u00c9N fr\u00e5n kl 13.30<br \/>\nPyssel<br \/>\nKulturskolans ungdomsorkester NUSO<\/p>\n<\/blockquote>\n<p>L\u00c4NKAR<br \/>\nJojje Wadenius <a href=\"https:\/\/sv.wikipedia.org\/wiki\/Jojje_Wadenius\" target=\"_blank\" rel=\"noopener\">Wikipedia<\/a><br \/>\nNorrk\u00f6pings symfoniorkester <a href=\"http:\/\/www.norrkopingssymfoniorkester.se\" target=\"_blank\" rel=\"noopener noreferrer\">hemsida<\/a> <a href=\"https:\/\/www.facebook.com\/norrkoping.symphony\/?fref=ts\" target=\"_blank\" rel=\"noopener noreferrer\">Facebook<\/a><br \/>\nStenhammarvinnarna tillbaka hos SON <a href=\"https:\/\/www.kultursidan.nu\/?p=39643\" target=\"_blank\" rel=\"noopener\">reportage<\/a> Kultursidan.nu 4\/1 2019<br \/>\nSON spelar Wienklassiskt och nytt <a href=\"https:\/\/www.kultursidan.nu\/?p=36304\" target=\"_blank\" rel=\"noopener\">reportage<\/a> Kultursidan.nu 8\/5 2018<\/p>\n","protected":false},"excerpt":{"rendered":"<p>NORRK\u00d6PING Favoriten \u00e4r Min mask. En j\u00e4ttestor barnk\u00f6r fr\u00e5n musikklasserna sjunger glada, \u00f6mma, l\u00e4ngtiga l\u00e5tar med Jojje Wadenius, Trio X och Norrk\u00f6pings Symfoniorkester. N\u00e5gra sjunger solo, andra g\u00e5r ut med hunden, eller fiskar. P\u00e5 l\u00f6rdag blir det p\u00e5 riktigt. <a class=\"continue-reading-link\" href=\"https:\/\/www.kultursidan.nu\/?p=39886\">L\u00e4s mer <span class=\"meta-nav\">&rarr; <\/span><\/a><\/p>\n","protected":false},"author":1001006,"featured_media":0,"comment_status":"closed","ping_status":"open","sticky":false,"template":"","format":"standard","meta":{"_jetpack_memberships_contains_paid_content":false,"footnotes":""},"categories":[7],"tags":[37,13],"class_list":["post-39886","post","type-post","status-publish","format-standard","hentry","category-norrkoping","tag-barnkultur","tag-musik"],"jetpack_featured_media_url":"","jetpack_sharing_enabled":true,"_links":{"self":[{"href":"https:\/\/www.kultursidan.nu\/index.php?rest_route=\/wp\/v2\/posts\/39886","targetHints":{"allow":["GET"]}}],"collection":[{"href":"https:\/\/www.kultursidan.nu\/index.php?rest_route=\/wp\/v2\/posts"}],"about":[{"href":"https:\/\/www.kultursidan.nu\/index.php?rest_route=\/wp\/v2\/types\/post"}],"author":[{"embeddable":true,"href":"https:\/\/www.kultursidan.nu\/index.php?rest_route=\/wp\/v2\/users\/1001006"}],"replies":[{"embeddable":true,"href":"https:\/\/www.kultursidan.nu\/index.php?rest_route=%2Fwp%2Fv2%2Fcomments&post=39886"}],"version-history":[{"count":3,"href":"https:\/\/www.kultursidan.nu\/index.php?rest_route=\/wp\/v2\/posts\/39886\/revisions"}],"predecessor-version":[{"id":39890,"href":"https:\/\/www.kultursidan.nu\/index.php?rest_route=\/wp\/v2\/posts\/39886\/revisions\/39890"}],"wp:attachment":[{"href":"https:\/\/www.kultursidan.nu\/index.php?rest_route=%2Fwp%2Fv2%2Fmedia&parent=39886"}],"wp:term":[{"taxonomy":"category","embeddable":true,"href":"https:\/\/www.kultursidan.nu\/index.php?rest_route=%2Fwp%2Fv2%2Fcategories&post=39886"},{"taxonomy":"post_tag","embeddable":true,"href":"https:\/\/www.kultursidan.nu\/index.php?rest_route=%2Fwp%2Fv2%2Ftags&post=39886"}],"curies":[{"name":"wp","href":"https:\/\/api.w.org\/{rel}","templated":true}]}}