{"id":3999,"date":"2012-01-20T17:24:19","date_gmt":"2012-01-20T16:24:19","guid":{"rendered":"https:\/\/intelligent-friend-7861.standoutwp.com\/?p=3999"},"modified":"2014-09-06T10:10:52","modified_gmt":"2014-09-06T09:10:52","slug":"paria-inleder-3-x-strindberg-pa-arbis","status":"publish","type":"post","link":"https:\/\/www.kultursidan.nu\/?p=3999","title":{"rendered":"Paria inleder 3 x Strindberg p\u00e5 Arbis"},"content":{"rendered":"<p><iframe loading=\"lazy\" src=\"https:\/\/www.flickr.com\/photos\/kultursidan\/6731237049\/in\/set-72157628954255779\/player\/\" width=\"500\" height=\"333\" frameborder=\"0\" allowfullscreen webkitallowfullscreen mozallowfullscreen oallowfullscreen msallowfullscreen><\/iframe><br \/>\n<em>Johan Pettersson s\u00e4tter upp tre Strindbergspj\u00e4ser p\u00e5 Arbis i v\u00e5r. <\/em><\/p>\n<p>&nbsp;<\/p>\n<h1><span style=\"color: #ff0000;\">\u201dJag tyckte jag l\u00e4st f\u00f6r lite Strindberg\u201d<\/span><\/h1>\n<p>&nbsp;<\/p>\n<p><strong>\u2013 Jag b\u00f6rjade l\u00e4sa Strindberg f\u00f6r jag tyckte jag l\u00e4st f\u00f6r lite av honom.<\/strong> Det var s\u00e5 bra att jag ville s\u00e4tta upp tre enaktare av honom. Sedan kom jag p\u00e5 att det var Strindbergs\u00e5r 2012.<\/p>\n<p>Det var allts\u00e5 inte Strindbergs\u00e5ret som ledde Johan Pettersson till den stora satsningen med Strindberg p\u00e5 Arbis utan jakten p\u00e5 l\u00e4mpliga korta pj\u00e4ser som skulle fylla formatet Teater+mat+musik. Konceptet var ju s\u00e5 lyckat f\u00f6rra g\u00e5ngen det begav sig med Tennessee Williams <em>Utd\u00f6md egendom<\/em> som gavs v\u00e5ren 2010.<\/p>\n<p><strong>Vi tr\u00e4ffas p\u00e5 Arbis d\u00e4r Johan och Jakob Sj\u00f6berg repeterar <em>Paria<\/em><\/strong>. Scenografin ser ut att vara mer i f\u00e4rdigt skick \u00e4n salongsgolvet d\u00e4r hantverkarna lagar h\u00e5len som gjordes p\u00e5 den tiden Arbis hade stolar i grad\u00e4ngsystem. Orkesterdiket, ett grunt s\u00e5dant, \u00e4r \u00e4nnu en bit i det l\u00e5ngsamma men envetna \u00e5terst\u00e4llandet av Arbis till fornstora dagars glans, f\u00f6r kanske lite mer \u00e4n 100 \u00e5r sedan.<\/p>\n<p><strong>Men \u00e4r inte Arbis nedlagt? Johan suckar, som om han f\u00e5tt h\u00f6ra den fr\u00e5gan lite f\u00f6r m\u00e5nga g\u00e5nger.<\/strong><\/p>\n<p>\u2013 F\u00f6reningen Arbis Nytta &amp; N\u00f6je \u00e4r nedlagd. Men huset st\u00e5r kvar och \u00e4r \u00f6ppet f\u00f6r att fyllas. S\u00e5 n\u00e4r jag fr\u00e5gade Robin Karlsson som \u00e4ger Arbis s\u00e5 sa han bara: \u201dVisst nu k\u00f6r vi.\u201d<\/p>\n<p>Arbis Nytta &amp; N\u00f6je, med Robin Karlsson som konstn\u00e4rlig ledare, var den f\u00f6rening som fr\u00e5n \u00e5r 2000 och fram\u00e5t f\u00f6rde musikteatertraditionen vidare i det anrika huset p\u00e5 Bredgatan i Norrk\u00f6ping.<\/p>\n<p>Men redan 2002 startade Johan Pettersson f\u00f6reningen Nerd Productions eftersom han tyckte att Arbis kunde beh\u00f6va en dramagrupp som fyllde i mellan de stora musikal- och variet\u00e9satsningarna.<\/p>\n<p><strong>\u00c5ter till Strindberg. Tre snabba fr\u00e5gor. Varf\u00f6r <em>Paria<\/em>? Varf\u00f6r <em>P\u00e5sk<\/em>? Varf\u00f6r <em>Modersk\u00e4rlek<\/em>?<\/strong><\/p>\n<p>\u2013 <em>Paria<\/em>. Det k\u00e4ndes direkt som en psykologisk thriller och en utmaning. Kan man f\u00e5 det sp\u00e4nnande och skumt p\u00e5 teatern?<\/p>\n<p>\u2013 <em>P\u00e5sk<\/em>. Ocks\u00e5 sp\u00e4nnande med den h\u00e4r familjen som hela tiden \u00e4r r\u00e4dd f\u00f6r j\u00e4tten fr\u00e5n Skinnarviksbergen som ska komma och kr\u00e4va pengar. Och f\u00f6r karakt\u00e4ren Eleonora som \u00e4r s\u00e5 mystiskt och underbart f\u00e4ngslande och intressant. Jag tycker hon \u00e4r v\u00e4ldigt David Lynchaktig och det hoppaas jag kunna visa.<\/p>\n<p>David Lynch? Han med TV-serien <em>Twin Peaks<\/em> fr\u00e5n 1990?<\/p>\n<p>\u2013 Ja, det ringer, fast ingen ringer. Hon ser och vet, det \u00e4r konstiga saker just kring henne, Eleonora.<\/p>\n<p>\u2013 <em>Modersk\u00e4rlek<\/em> f\u00f6r att den var en s\u00e5n pj\u00e4s som jag jobbat med f\u00f6rr men inte mindes alls. Den passar in i formatet korta enaktare. Jag t\u00e4nkte utomhus, sk\u00e4rg\u00e5rd och nutid. Om det \u00e4r bra eller d\u00e5ligt f\u00e5r vi se.<\/p>\n<p><strong>Paria \u00e4r allts\u00e5 en liten tajt enaktare, en psykologisk thriller som har premi\u00e4r 27 januari.<\/strong> Sammanlagt sex f\u00f6rest\u00e4llningar planeras.<\/p>\n<p>\u2013 Tv\u00e5 m\u00e4n drabbar samman i en katt- &amp; r\u00e5tta-lek om r\u00e4tt, fel, skuld, uppr\u00e4ttelse, f\u00f6rfalskning och mord.<\/p>\n<p>Jakob Sj\u00f6berg \u00e4r en av de tv\u00e5 m\u00e4nnen, en f\u00f6rfalskare som nyligen sl\u00e4ppts ut fr\u00e5n f\u00e4ngelset. Varf\u00f6r \u00e4r du med?<\/p>\n<p>\u2013 F\u00f6r att Johan bad mig. Han \u00e4r smart, duktig och kul att jobba med, svarar Jakob Sj\u00f6berg.<\/p>\n<p><strong>Vi tar n\u00e5gra bilder p\u00e5 scenen. Rekvisitan \u00e4r bara till h\u00e4lften p\u00e5 plats.<\/strong> Johan s\u00e4tter p\u00e5 sig peruk och f\u00f6rvandlas med ens, blir en \u00f6vermodig man. Det \u00e4r m\u00e5nga ord, en verbal strid.<\/p>\n<p>Efter <em>Paria<\/em> repeterar man <em>P\u00e5sk<\/em>, som Johan uppt\u00e4ckte var l\u00e4ngre \u00e4n en enaktare. Och slutligen <em>Modersk\u00e4rlek<\/em>. I de tv\u00e5 senare upps\u00e4ttningarna v\u00e4xer ensemblen med Nettan Lekstr\u00f6m, Louice Ottosson samt Kerstin Eriksson. Linnea T\u00f6rnqvist g\u00f6r Eleonora i <em>P\u00e5sk<\/em>. Efter framg\u00e5ngarna i <em>Showboat<\/em> h\u00f6sten 2009 har hon fortsatt med b\u00e5de s\u00e5ngen och teatern, bland annat i <em>Som man b\u00e4ddar f\u00e5r man ligga<\/em> p\u00e5 Kvartersteatern.<\/p>\n<p>\u2013 Hon gick ut gymnasiet i v\u00e5ras. Jag uppt\u00e4ckte att hon g\u00e5r och drar efter studenten, hon kom inte in p\u00e5 den utbildning hon s\u00f6kt, s\u00e4ger Johan Pettersson och tycker att han haft tur i rollbes\u00e4ttningarna och lovordar alla de andra tjejerna.<\/p>\n<p><strong>Sedan g\u00e5r vi ner i k\u00e4llarlogerna och tar fler bilder.<\/strong> Nu utan peruk.<\/p>\n<p><em>Text och foto: Ann-Charlotte Sandelin<\/em><\/p>\n<p>&nbsp;<\/p>\n<ul>\n<li>\n<h3>ARBIS Norrk\u00f6ping<\/h3>\n<\/li>\n<li><em>27 januari 2012 kl 19<br \/>\n2-4, 10-11 februari 2012 kl 19<br \/>\n(Baren \u00f6ppnar kl 18)<\/em><\/li>\n<li><strong>Viskonsert<br \/>\n<\/strong>innan f\u00f6rest\u00e4llningen med texter fr\u00e5n Gustaf Fr\u00f6ding, Dan Andersson, Nils Ferlin och s\u00e5 klart Strindberg<br \/>\nMedverkande: Dick Lundberg och eller George Gustafsson.<\/li>\n<li><strong>Paria<br \/>\n<\/strong>av August Strindberg<br \/>\nRegi: Johan Pettersson<br \/>\nMedverkande: Johan Pettersson och Jakob Sj\u00f6berg<\/li>\n<li>Produktion: Nerd Productions<\/li>\n<\/ul>\n<p>&nbsp;<\/p>\n<p>L\u00c4NKAR<br \/>\nStrindbergs\u00e5ret 2012 <a title=\"Strindbergs\u00e5ret 2012\" href=\"http:\/\/strindberg2012.se\" target=\"_blank\">hemsida <\/a><br \/>\nParia <a title=\"Strindbergs\u00e5ret 2012\" href=\"http:\/\/strindberg2012.se\/index.php\/sv\/aktiviteter\/event\/256-paria\" target=\"_blank\">info<\/a> Strindbergs\u00e5ret 2012<br \/>\nParia <a title=\"P\u00e5 g\u00e5ng\" href=\"http:\/\/www.pagang.info\/Event.aspx?s=135058&amp;e=1344104\" target=\"_blank\">info<\/a> P\u00e5 g\u00e5ng<\/p>\n<p>&nbsp;<\/p>\n<p>BILDSPEL (FLASH) \u2013 KLICKA P\u00c5 BILDEN <em>ALT\/MOBIL: SE BILDSPELET <a title=\"Bildspel\" href=\"https:\/\/www.flickr.com\/photos\/kultursidan\/sets\/72157628954255779\/show\/\" target=\"_blank\">H\u00c4R<\/a><\/em><br \/>\n<object width=\"400\" height=\"300\"><param name=\"flashvars\" value=\"offsite=true&#038;lang=en-us&#038;page_show_url=%2Fphotos%2Fkultursidan%2Fsets%2F72157628954255779%2Fshow%2F&#038;page_show_back_url=%2Fphotos%2Fkultursidan%2Fsets%2F72157628954255779%2F&#038;set_id=72157628954255779&#038;jump_to=\"><\/param><param name=\"movie\" value=\"https:\/\/www.flickr.com\/apps\/slideshow\/show.swf?v=1811922554\"><\/param><param name=\"allowFullScreen\" value=\"true\"><\/param><\/object><\/p>\n","protected":false},"excerpt":{"rendered":"<p>NORRK\u00d6PING Johan Pettersson tyckte han l\u00e4st f\u00f6r lite av Strindberg. Det ledde till att han best\u00e4mde sig f\u00f6r att s\u00e4tta upp tre enaktare och sedan uppt\u00e4ckte att det \u00e4r Strindbergs\u00e5r i \u00e5r. P\u00e5 fredag har Paria premi\u00e4r. <\/p>\n<p> <a class=\"continue-reading-link\" href=\"https:\/\/www.kultursidan.nu\/?p=3999\">L\u00e4s mer <span class=\"meta-nav\">&rarr; <\/span><\/a><\/p>\n","protected":false},"author":1001006,"featured_media":0,"comment_status":"open","ping_status":"open","sticky":false,"template":"","format":"standard","meta":{"_jetpack_memberships_contains_paid_content":false,"footnotes":""},"categories":[7],"tags":[12],"class_list":["post-3999","post","type-post","status-publish","format-standard","hentry","category-norrkoping","tag-teater"],"jetpack_featured_media_url":"","jetpack_sharing_enabled":true,"_links":{"self":[{"href":"https:\/\/www.kultursidan.nu\/index.php?rest_route=\/wp\/v2\/posts\/3999","targetHints":{"allow":["GET"]}}],"collection":[{"href":"https:\/\/www.kultursidan.nu\/index.php?rest_route=\/wp\/v2\/posts"}],"about":[{"href":"https:\/\/www.kultursidan.nu\/index.php?rest_route=\/wp\/v2\/types\/post"}],"author":[{"embeddable":true,"href":"https:\/\/www.kultursidan.nu\/index.php?rest_route=\/wp\/v2\/users\/1001006"}],"replies":[{"embeddable":true,"href":"https:\/\/www.kultursidan.nu\/index.php?rest_route=%2Fwp%2Fv2%2Fcomments&post=3999"}],"version-history":[{"count":0,"href":"https:\/\/www.kultursidan.nu\/index.php?rest_route=\/wp\/v2\/posts\/3999\/revisions"}],"wp:attachment":[{"href":"https:\/\/www.kultursidan.nu\/index.php?rest_route=%2Fwp%2Fv2%2Fmedia&parent=3999"}],"wp:term":[{"taxonomy":"category","embeddable":true,"href":"https:\/\/www.kultursidan.nu\/index.php?rest_route=%2Fwp%2Fv2%2Fcategories&post=3999"},{"taxonomy":"post_tag","embeddable":true,"href":"https:\/\/www.kultursidan.nu\/index.php?rest_route=%2Fwp%2Fv2%2Ftags&post=3999"}],"curies":[{"name":"wp","href":"https:\/\/api.w.org\/{rel}","templated":true}]}}