{"id":40035,"date":"2019-02-06T09:35:41","date_gmt":"2019-02-06T08:35:41","guid":{"rendered":"https:\/\/intelligent-friend-7861.standoutwp.com\/?p=40035"},"modified":"2019-05-12T08:24:27","modified_gmt":"2019-05-12T07:24:27","slug":"de-oppnar-for-cirkus-variete-pa-arbis","status":"publish","type":"post","link":"https:\/\/www.kultursidan.nu\/?p=40035","title":{"rendered":"De \u00f6ppnar f\u00f6r cirkus-variet\u00e9 p\u00e5 Arbis"},"content":{"rendered":"<p><img loading=\"lazy\" decoding=\"async\" class=\"alignnone size-medium wp-image-40036\" src=\"https:\/\/www.kultursidan.nu\/wp-content\/uploads\/2019\/02\/50269283_2305239752844041_1629853618255429632_o-567x297.jpg\" alt=\"\" width=\"567\" height=\"297\" srcset=\"https:\/\/www.kultursidan.nu\/wp-content\/uploads\/2019\/02\/50269283_2305239752844041_1629853618255429632_o-567x297.jpg 567w, https:\/\/www.kultursidan.nu\/wp-content\/uploads\/2019\/02\/50269283_2305239752844041_1629853618255429632_o-768x402.jpg 768w, https:\/\/www.kultursidan.nu\/wp-content\/uploads\/2019\/02\/50269283_2305239752844041_1629853618255429632_o-1024x536.jpg 1024w, https:\/\/www.kultursidan.nu\/wp-content\/uploads\/2019\/02\/50269283_2305239752844041_1629853618255429632_o-150x79.jpg 150w, https:\/\/www.kultursidan.nu\/wp-content\/uploads\/2019\/02\/50269283_2305239752844041_1629853618255429632_o.jpg 1200w\" sizes=\"auto, (max-width: 567px) 100vw, 567px\" \/><br \/>\n<em>Cirkus p\u00e5 Arbis. P\u00e5 l\u00f6rdag \u00e4r det dags f\u00f6r Elsa och den ofrivilliga flygaren, p\u00e5 samma g\u00e5ng variet\u00e9 och \u00f6ppen scen med fokus p\u00e5 vidareutveckling.<\/em><\/p>\n<p>&nbsp;<\/p>\n<h1><span style=\"color: #ff0000;\">&#8221;\u2026f\u00f6r att testa kn\u00e4ppa id\u00e9er&#8221; <\/span><\/h1>\n<p>&nbsp;<\/p>\n<p>NORRK\u00d6PING <strong>Cirkus med poesi?<\/strong> Allt g\u00e5r p\u00e5 variet\u00e9. L\u00e4ngtan efter en \u00f6ppen scen f\u00f6r att testa kn\u00e4ppa id\u00e9er ledde till &#8221;\u00d6ppen scen med Elsa och den ofrivillige flygaren!&#8221; Och visst har Arbis bjudit p\u00e5 cirkus f\u00f6rr. Dags p\u00e5 l\u00f6rdag.<\/p>\n<p><strong>\u2013 F\u00f6rst t\u00e4nkte jag att jag jag ville ha en \u00f6ppen scen d\u00e4r jag kunde testa kn\u00e4ppa id\u00e9er.<\/strong><\/p>\n<p>Norrk\u00f6ping \u00e4r en cirkusstad efter m\u00e5nga \u00e5r med Norrk\u00f6pings Ungdomscirkus och Norrk\u00f6pings Cirkus &amp; Variet\u00e9. M\u00e5nga som b\u00f6rjat d\u00e4r har fortsatt till h\u00f6gre utbildningar och jobb i Sverige och utomlands.<\/p>\n<p>Linda Johansson \u00e4r cirkusartist och jobbar ihop med v\u00e4nnen Elsa N\u00e4slund i Cirkus Bataillon. Dessutom pluggar Linda till producent p\u00e5 Valla folkh\u00f6gskola tillsammans med Kajza Wiborn.<\/p>\n<p>&nbsp;<\/p>\n<p><a title=\"Johanna och Vicky Svensson samt Vendela Jonsson \u2013 jonglering\" href=\"https:\/\/www.flickr.com\/photos\/kultursidan\/46279138814\/in\/album-72157689460930323\/\"><img loading=\"lazy\" decoding=\"async\" src=\"https:\/\/farm8.staticflickr.com\/7926\/46279138814_52a85e9b18.jpg\" alt=\"Johanna och Vicky Svensson samt Vendela Jonsson \u2013 jonglering\" width=\"322\" height=\"500\" \/><\/a><br \/>\n<em>Lysande. Jongl\u00f6rerna <span class=\"_3oh- _58nk\">Hannah<\/span> och Vicky Svensson samt Vendela Jonsson.<\/em><\/p>\n<p>&nbsp;<\/p>\n<p><strong>De tre st\u00e5r bakom arrangemanget &#8221;\u00d6ppen scen med Elsa och den ofrivillige flygaren!&#8221; p\u00e5 Arbis p\u00e5 l\u00f6rdag.<\/strong> \u00d6ppen scen ger artister med olika bakgrund m\u00f6jlighet att m\u00f6ta publik, bli filmade och f\u00e5 feedback p\u00e5 sina nummer.<\/p>\n<p>\u2013 Vi har bjudit in Ulf Th\u00f6rn fr\u00e5n Riksteatern \u00d6sterg\u00f6tland, Mihwar Dance Group och cirkusartisten Sara Stach, f\u00f6r att de ska ge respons fr\u00e5n olika perspektiv, ber\u00e4ttar Linda Johansson.<\/p>\n<p>Tanken med att filma akterna \u00e4r b\u00e5de att ge de upptr\u00e4dande m\u00f6jlighet att se sig sj\u00e4lva utifr\u00e5n men ocks\u00e5 att kunna skicka till presumtiva arrang\u00f6rer, som cirkusar, teatrar och n\u00f6jesetablissemang.<\/p>\n<p><strong>Det blir en kv\u00e4ll med akrobatik, cyrwheel och jonglering.<\/strong> Men ocks\u00e5 med poesi och dans. Scenpoeten Jonas Edstr\u00f6m, k\u00e4nd fr\u00e5n poesikollektiven D\u00f6dsstj\u00e4rnan och Poesikonspirationen, upptr\u00e4der tillsammans med sk\u00e5despelaren och danskonstn\u00e4ren Iiris Laaneoks.<\/p>\n<p>\u201dIiris och Jonas skapar en kollision mellan dans och poesi. En experimentell work in progress d\u00e4r dans m\u00f6ter scenpoesi i en kreativ frontalkrock och behandlar de trauman som f\u00f6ljer d\u00e4rp\u00e5,\u201d skriver Jonas Edstr\u00f6m i ett pressmeddelande.<\/p>\n<p><strong>P\u00e5 l\u00f6rdag tar Kajza Wiborn p\u00e5 cirkusdirekt\u00f6rens hatt medan Linda Johansson och Elsa N\u00e4slund \u00e4r konferencierer.<\/strong> Vilket inneb\u00e4r att det d\u00e4r med \u00f6ppen scen inte riktigt g\u00e4ller f\u00f6r dem sj\u00e4lva, i alla fall inte denna f\u00f6rsta kv\u00e4ll av n\u00e5got som de hoppas ska \u00e5terkomma.<\/p>\n<p>\u2013 Jag \u00e4r j\u00e4ttetaggad p\u00e5 att se vad de andra g\u00f6r, menar Linda.<\/p>\n<p>\u2013 Vi kanske hittar p\u00e5 en \u00f6verraskning, f\u00f6rvarnar Elsa.<\/p>\n<p>&nbsp;<\/p>\n<p><a title=\"Kajza Wiborn, Linda Johansson och Elsa N\u00e4slund\" href=\"https:\/\/www.flickr.com\/photos\/kultursidan\/33127797898\/in\/album-72157689460930323\/\"><img loading=\"lazy\" decoding=\"async\" src=\"https:\/\/farm8.staticflickr.com\/7850\/33127797898_4247dfe006.jpg\" alt=\"Kajza Wiborn, Linda Johansson och Elsa N\u00e4slund\" width=\"500\" height=\"333\" \/><\/a><br \/>\n<em>Bjuder in. Kajza Wiborn, Linda Johansson och Elsa N\u00e4slund fick m\u00e5nga svar p\u00e5 sitt upprop om \u00d6ppen scen.<\/em><\/p>\n<p>&nbsp;<\/p>\n<p><strong>Varf\u00f6r variet\u00e9 p\u00e5 Arbis, \u00e4r f\u00f6rst\u00e5s en fr\u00e5ga.<\/strong> Svaret handlar inte bara om ett varmt v\u00e4lkomnande och efterf\u00f6ljande nattklubb med cirkustema.<\/p>\n<p>\u2013 H\u00e4r finns det f\u00e4stpunkter i taket. Och en cirkushistoria, svarar Linda Johansson prompt.<\/p>\n<p>F\u00f6r visst har Arbis varit med om b\u00e5de variet\u00e9 och cirkus f\u00f6rr. N\u00e4r de tre arrang\u00f6rerna rekade p\u00e5 Arbis fick de se en d\u00f6rr p\u00e5 baksidan d\u00e4r en elefant klivit in en g\u00e5ng f\u00f6r m\u00e5nga \u00e5r sedan.<\/p>\n<p><em>\u00a9 Text: Ann-Charlotte Sandelin<br \/>\n\u00a9 Foto: Ann-Charlotte Sandelin och PRIVAT\/PRESSBILDER<br \/>\n<\/em><\/p>\n<p>BILDSPEL \u2013 KLICKA P\u00c5 BILDENS PILAR<\/p>\n<p><a data-flickr-embed='true' href='https:\/\/www.flickr.com\/photos\/kultursidan\/albums\/72157689460930323' title='Cirkusvariet\u00e9 F\u00d6RH, Arbis 2019 by Kultursidan, on Flickr'><img src='https:\/\/live.staticflickr.com\/7854\/33127797828_395df08320_z.jpg' width='800' height='600' alt='Alrik Lundin \u2013 diablo'><\/a><script async src='https:\/\/embedr.flickr.com\/assets\/client-code.js' charset='utf-8'><\/script><\/p>\n<blockquote>\n<h4>ARBIS Norrk\u00f6ping<\/h4>\n<p>9 februari 2019 kl 20<br \/>\n<strong>\u00d6ppen Scen med Elsa och den ofrivillige flygaren!<\/strong><br \/>\nVariet\u00e9<br \/>\nCirkusdirekt\u00f6r: Kajza Wiborn<br \/>\nKonferencierer: Linda Johansson och Elsa N\u00e4slund<br \/>\nProd: Linda Johansson, Kajza Wiborn och Elsa N\u00e4slund med st\u00f6d av Nycirkus \u00d6st<\/p>\n<p style=\"padding-left: 30px;\">MEDVERKANDE<br \/>\n<strong>Michaela Johansson<\/strong> poesi<br \/>\n<strong>Karin och Hedvig Brod\u00e9n<\/strong> parakrobatik<br \/>\n<strong>Benjamin Erdtman<\/strong> cirkusartist\/clown<br \/>\n<strong>Sara och Axel<\/strong> parakrobatik<br \/>\n<strong>Hugo Bergman<\/strong> cyrwheel<br \/>\n<strong>Alrik Lundin<\/strong> diablo<br \/>\n<strong>Jonas Edstr\u00f6m<\/strong> spoken word\/ <strong>Iiris Laaneoks<\/strong> dans<br \/>\n<strong><span class=\"_3oh- _58nk\">Hannah<\/span> och Vicky Svensson samt Vendela Jonsson<\/strong> jonglering<br \/>\nFler kan tillkomma<\/p>\n<\/blockquote>\n<p>L\u00c4NKAR<br \/>\nArbis Bar &amp; Salonger <a href=\"http:\/\/www.arbis.se\/\" target=\"_blank\" rel=\"noopener noreferrer\">hemsida<\/a> <a href=\"https:\/\/www.facebook.com\/arbisnkpg\/\" target=\"_blank\" rel=\"noopener noreferrer\">Facebook<\/a> <a href=\"https:\/\/www.facebook.com\/events\/563260060815842\/\" target=\"_blank\" rel=\"noopener noreferrer\">FB-evenemang<\/a><\/p>\n","protected":false},"excerpt":{"rendered":"<p>NORRK\u00d6PING Cirkus med poesi? Allt g\u00e5r p\u00e5 variet\u00e9. L\u00e4ngtan efter en \u00f6ppen scen f\u00f6r att testa kn\u00e4ppa id\u00e9er ledde till \u00d6ppen scen med Elsa och den ofrivillige flygaren! Och visst har Arbis bjudit p\u00e5 cirkus f\u00f6rr. Dags p\u00e5 l\u00f6rdag! <a class=\"continue-reading-link\" href=\"https:\/\/www.kultursidan.nu\/?p=40035\">L\u00e4s mer <span class=\"meta-nav\">&rarr; <\/span><\/a><\/p>\n","protected":false},"author":1001006,"featured_media":0,"comment_status":"closed","ping_status":"open","sticky":false,"template":"","format":"standard","meta":{"_jetpack_memberships_contains_paid_content":false,"footnotes":""},"categories":[7],"tags":[101,51,12],"class_list":["post-40035","post","type-post","status-publish","format-standard","hentry","category-norrkoping","tag-cirkus","tag-poesi","tag-teater"],"jetpack_featured_media_url":"","jetpack_sharing_enabled":true,"_links":{"self":[{"href":"https:\/\/www.kultursidan.nu\/index.php?rest_route=\/wp\/v2\/posts\/40035","targetHints":{"allow":["GET"]}}],"collection":[{"href":"https:\/\/www.kultursidan.nu\/index.php?rest_route=\/wp\/v2\/posts"}],"about":[{"href":"https:\/\/www.kultursidan.nu\/index.php?rest_route=\/wp\/v2\/types\/post"}],"author":[{"embeddable":true,"href":"https:\/\/www.kultursidan.nu\/index.php?rest_route=\/wp\/v2\/users\/1001006"}],"replies":[{"embeddable":true,"href":"https:\/\/www.kultursidan.nu\/index.php?rest_route=%2Fwp%2Fv2%2Fcomments&post=40035"}],"version-history":[{"count":5,"href":"https:\/\/www.kultursidan.nu\/index.php?rest_route=\/wp\/v2\/posts\/40035\/revisions"}],"predecessor-version":[{"id":41445,"href":"https:\/\/www.kultursidan.nu\/index.php?rest_route=\/wp\/v2\/posts\/40035\/revisions\/41445"}],"wp:attachment":[{"href":"https:\/\/www.kultursidan.nu\/index.php?rest_route=%2Fwp%2Fv2%2Fmedia&parent=40035"}],"wp:term":[{"taxonomy":"category","embeddable":true,"href":"https:\/\/www.kultursidan.nu\/index.php?rest_route=%2Fwp%2Fv2%2Fcategories&post=40035"},{"taxonomy":"post_tag","embeddable":true,"href":"https:\/\/www.kultursidan.nu\/index.php?rest_route=%2Fwp%2Fv2%2Ftags&post=40035"}],"curies":[{"name":"wp","href":"https:\/\/api.w.org\/{rel}","templated":true}]}}