{"id":40079,"date":"2019-02-08T12:29:01","date_gmt":"2019-02-08T11:29:01","guid":{"rendered":"https:\/\/intelligent-friend-7861.standoutwp.com\/?p=40079"},"modified":"2019-02-17T10:34:33","modified_gmt":"2019-02-17T09:34:33","slug":"salifou-nygren-jordelius-och-myren","status":"publish","type":"post","link":"https:\/\/www.kultursidan.nu\/?p=40079","title":{"rendered":"Salifou Nygren, Jordelius och Myr\u00e9n"},"content":{"rendered":"<p><img loading=\"lazy\" decoding=\"async\" class=\"alignnone size-medium wp-image-40080\" src=\"https:\/\/www.kultursidan.nu\/wp-content\/uploads\/2019\/02\/DSC_7960-567x376.jpg\" alt=\"\" width=\"567\" height=\"376\" srcset=\"https:\/\/www.kultursidan.nu\/wp-content\/uploads\/2019\/02\/DSC_7960-567x376.jpg 567w, https:\/\/www.kultursidan.nu\/wp-content\/uploads\/2019\/02\/DSC_7960-768x509.jpg 768w, https:\/\/www.kultursidan.nu\/wp-content\/uploads\/2019\/02\/DSC_7960-1024x678.jpg 1024w, https:\/\/www.kultursidan.nu\/wp-content\/uploads\/2019\/02\/DSC_7960-150x99.jpg 150w, https:\/\/www.kultursidan.nu\/wp-content\/uploads\/2019\/02\/DSC_7960-503x333.jpg 503w, https:\/\/www.kultursidan.nu\/wp-content\/uploads\/2019\/02\/DSC_7960.jpg 1200w\" sizes=\"auto, (max-width: 567px) 100vw, 567px\" \/><br \/>\n<em>F\u00e4rgm\u00e5leri. Susanna Salifou Nygren, till v\u00e4nster, och Ebba Jordelius m\u00f6ts p\u00e5 Konstforum. I Studion myllrar Malte Myr\u00e9ns figurer.<\/em><\/p>\n<p>&nbsp;<\/p>\n<h1><span style=\"color: #ff0000;\">Myllrar, fast p\u00e5 olika vis<\/span><\/h1>\n<p>&nbsp;<\/p>\n<p>RECENSION\/ NORRK\u00d6PING <strong>Myller.<\/strong> P\u00e5 Konstforum m\u00f6ts Susanna Salifou Nygrens meditativa livsenergi och Ebba Jordelius strama men detaljrika m\u00e5leri. I Studion ryms Malte Myr\u00e9ns fantasifulla och lite morbida v\u00e4rld.<\/p>\n<p><strong>Tre konstn\u00e4rer vars verk myllrar, fast p\u00e5 olika vis.<\/strong> I f\u00e4rg, lust, ett myller av detaljer, gemenskap och d\u00e4r rumsligheten st\u00e5r i centrum. Viljan att ber\u00e4tta. Det m\u00f6ts man av p\u00e5 Konstforum just nu. D\u00e4r konstn\u00e4rerna Susanna Salifou Nygren st\u00e4ller ut sina expressiva m\u00e5lningar, Ebba Jordelius sina stramt avskalade och Malte Myr\u00e9n Pettersson i Studion sina detaljrika teckningar och modeller myllrande av former och figurer.<\/p>\n<p>&nbsp;<\/p>\n<p><a title=\"Ebba Jordelius\" href=\"https:\/\/www.flickr.com\/photos\/kultursidan\/46973666662\/in\/album-72157689513685493\/\"><img loading=\"lazy\" decoding=\"async\" src=\"https:\/\/farm8.staticflickr.com\/7920\/46973666662_dbcdf84b45.jpg\" alt=\"Ebba Jordelius\" width=\"500\" height=\"331\" \/><\/a><br \/>\n<em>Komposition. Ebba Jordelius pr\u00f6var sitt motiv om och om igen, med f\u00e4rgst\u00e4llningar och utbyte av detaljer.<\/em><\/p>\n<p>&nbsp;<\/p>\n<h2>Ebba Jordelius<\/h2>\n<p>&nbsp;<\/p>\n<p><strong>Trots att Ebba Jordelius m\u00e5lningar \u00e4r strama till formen \u00e4r de detaljrika.<\/strong> F\u00f6r Ebba Jordelius \u00e4r det viktigt att skala bort tills det viktiga finns kvar. Det \u00e4r ocks\u00e5 roligt att hon ofta m\u00e5lar samma motiv. En kvinna i centrum med en stad i bakgrunden. Det som g\u00f6r dem olika och variationsrika \u00e4r f\u00e4rgen, att n\u00e5gon detalj \u00e4r annorlunda, en bil eller flera bilar.<\/p>\n<p>Mina tankar g\u00e5r till den ryske m\u00e5laren Malevitj och n\u00e4r jag t\u00e4nker det s\u00e5 n\u00e4mner Ebba Jordelius honom som en inspirationsk\u00e4lla.<\/p>\n<p><strong>F\u00f6r Ebba Jordenius \u00e4r klimatfr\u00e5gan viktig och hon arbetar nu med en serie m\u00e5lningar kring \u00e4mnet.<\/strong> H\u00e4r p\u00e5 Konstforum har hon med en m\u00e5lning fr\u00e5n denna inriktning. \u00c5ter f\u00e5r fantasin fritt spelrum, \u00e4r det en tand? Eller \u00e4r det n\u00e5gon slags manet?<\/p>\n<p>&nbsp;<\/p>\n<p><a title=\"Susanna Salifou Nygren\" href=\"https:\/\/www.flickr.com\/photos\/kultursidan\/46111864575\/in\/album-72157706481009255\/\"><img loading=\"lazy\" decoding=\"async\" src=\"https:\/\/farm5.staticflickr.com\/4918\/46111864575_809b8717aa.jpg\" alt=\"Susanna Salifou Nygren\" width=\"385\" height=\"500\" \/><\/a><br \/>\n<em>F\u00e4rgl\u00e4ra. Susanna Salifou Nygrens m\u00e5lningar f\u00f6rest\u00e4ller ingenting \u2013 och allt.<\/em><\/p>\n<p>&nbsp;<\/p>\n<h2>Susanna Salifou Nygren<\/h2>\n<p>&nbsp;<\/p>\n<p><strong>Susanna Salifou Nygren m\u00e5lningar \u00e4r fyllda med livsenergi och det \u00e4r det hon vill f\u00f6rmedla i sina verk, k\u00e4nsla och livsenergi.<\/strong> M\u00e5lningarna \u00e4r kroppsliga och n\u00e4r hon m\u00e5lar l\u00e5ter hon handen g\u00e5.<\/p>\n<p>Det \u00e4r ocks\u00e5 meditativa m\u00e5lningar som man g\u00e4rna stannar l\u00e4nge vid. De f\u00f6rest\u00e4ller ingenting och allt. N\u00e4r man st\u00e5tt d\u00e4r och betraktat dem en stund och s\u00e5 sjunker man liksom in i m\u00e5lningen och d\u00e5 v\u00e4xer den ena ber\u00e4ttelsen efter den andra fram n\u00e4r betraktaren l\u00e5ter sin fantasi fl\u00f6da. De \u00e4r som solar som lyser upp denna m\u00f6rka februari.<\/p>\n<p>&nbsp;<\/p>\n<p><a title=\"Malte Myr\u00e9n\" href=\"https:\/\/www.flickr.com\/photos\/kultursidan\/40060489713\/in\/album-72157706620594564\/\"><img loading=\"lazy\" decoding=\"async\" src=\"https:\/\/farm5.staticflickr.com\/4874\/40060489713_670f1404ae.jpg\" alt=\"Malte Myr\u00e9n\" width=\"331\" height=\"500\" \/><\/a><br \/>\n<em>Fantasin tar fysisk gestalt. Malte Myr\u00e9ns utst\u00e4llning best\u00e5r mest av svartvita teckningar men han visar ocks\u00e5 objekt.<\/em><\/p>\n<p>&nbsp;<\/p>\n<h2>Malte Myr\u00e9n<\/h2>\n<p>&nbsp;<\/p>\n<p><strong>Malte Myr\u00e9ns teckningar f\u00f6r mig tillbaka till min barndom n\u00e4r man ritade en figur, som sin tur ledde till en annan.<\/strong> Precis s\u00e5 arbetar han ocks\u00e5 idag, en figur som leder till ett myller med figurer i en fantasifull men lite morbid v\u00e4rld. Han arbetar mycket skuggning f\u00f6r att f\u00e5 suggestiv st\u00e4mning.<\/p>\n<p><strong>Hans inspiration \u00e4r Sven Nordqvist och John Bauer, som om de skulle teckna i svartvitt.<\/strong> Malte Myr\u00e9n skulle g\u00e4rna illustrera barnb\u00f6cker, inte f\u00f6r sn\u00e4lla och gulliga utan lite farliga och sp\u00e4nnande som kittlar fantasin.<\/p>\n<p>Malte Myr\u00e9n har g\u00e5tt Hemse fotoskola p\u00e5 Gotland, han gillar ocks\u00e5 att g\u00f6r film. En sp\u00e4nnande ung konstn\u00e4r som vi s\u00e4kert f\u00e5r se mer av.<\/p>\n<p><strong>S\u00e5 om ni v\u00e5gar er ut i halkan s\u00e5 \u00e4r det v\u00e4l v\u00e4rt att g\u00f6r ett bes\u00f6k p\u00e5 Konstforum<\/strong> och f\u00e5 lite inspiration i februarim\u00f6rkret.<\/p>\n<p><em>\u00a9 Text: Per-Olof Engstr\u00f6m<\/em><br \/>\n<em>\u00a9 Foto: Nils-G\u00f6ran Tillgren<\/em><\/p>\n<p>EBBA JORDELIUS \u2013 BILDSPEL \u2013 KLICKA P\u00c5 BILDENS PILAR<\/p>\n<p><a data-flickr-embed='true' href='https:\/\/www.flickr.com\/photos\/kultursidan\/albums\/72157689513685493' title='Ebba Jordelius, Konstforum 2019 by Kultursidan, on Flickr'><img src='https:\/\/live.staticflickr.com\/7890\/47025451381_76cb3f1ddf_z.jpg' width='800' height='600' alt='Ebba Jordelius'><\/a><script async src='https:\/\/embedr.flickr.com\/assets\/client-code.js' charset='utf-8'><\/script><\/p>\n<p>SUSANNA SALIFOU NYGREN \u2013 BILDSPEL \u2013 KLICKA P\u00c5 BILDENS PILAR<\/p>\n<p><a data-flickr-embed='true' href='https:\/\/www.flickr.com\/photos\/kultursidan\/albums\/72157706481009255' title='Susanna Salifou Nygren, Konstforum 2019 by Kultursidan, on Flickr'><img src='https:\/\/live.staticflickr.com\/4904\/32084088677_1c8112568a_z.jpg' width='800' height='600' alt='Susanna Salifou Nygren'><\/a><script async src='https:\/\/embedr.flickr.com\/assets\/client-code.js' charset='utf-8'><\/script><\/p>\n<p>MALTE MYR\u00c9N \u2013 BILDSPEL \u2013 KLICKA P\u00c5 BILDENS PILAR<\/p>\n<p><a data-flickr-embed='true' href='https:\/\/www.flickr.com\/photos\/kultursidan\/albums\/72157706620594564' title='Malte Myr\u00e9n, Studion, Konstforum 2019 by Kultursidan, on Flickr'><img src='https:\/\/live.staticflickr.com\/4842\/40060489503_1d0e46428b_z.jpg' width='800' height='600' alt='Malte Myr\u00e9n'><\/a><script async src='https:\/\/embedr.flickr.com\/assets\/client-code.js' charset='utf-8'><\/script><\/p>\n<blockquote>\n<h4>KONSTFORUM &amp; STUDION Norrk\u00f6ping<\/h4>\n<p>Vinter\u2013v\u00e5r 2019<br \/>\n<strong>Utst\u00e4llningar<\/strong><\/p>\n<p style=\"padding-left: 30px;\">12\u201327 januari 2019<br \/>\n<strong>Ulf Lundkvist<\/strong><br \/>\nM\u00e5leri, grafik, objekt<\/p>\n<p style=\"padding-left: 30px;\">12\u201327 januari 2019<br \/>\n<strong>G\u00f6ran Molin<\/strong><br \/>\nFotografi<\/p>\n<p>2\u201317 februari 2019<br \/>\n<strong>Ebba Jordelius<br \/>\nSusanna Salifou Nygren<\/strong><br \/>\nM\u00e5leri<\/p>\n<p>3\u201317 februari 2019<br \/>\n<strong>Malte Myr\u00e9n<\/strong><br \/>\nTeckning, skulptur<\/p>\n<p style=\"padding-left: 30px;\">23 februari \u2013 10 mars 2019<br \/>\n<strong>Anders Gudmundson, Ellen Cronholm<\/strong><br \/>\nM\u00e5leri, grafik<\/p>\n<p style=\"padding-left: 30px;\">24 februari \u2013 10 mars 2019<br \/>\n<strong>Gabriella Abu-Ali<\/strong><br \/>\nFotografi<\/p>\n<p style=\"padding-left: 30px;\">16\u201331 mars 2019<br \/>\n<strong>Cecilia Sikstr\u00f6m<\/strong><br \/>\nM\u00e5leri<\/p>\n<p style=\"padding-left: 30px;\">16\u201331 mars 2019<br \/>\n<strong>Marielle G\u00f6thberg<\/strong><br \/>\nTeckning<\/p>\n<p style=\"padding-left: 30px;\">6\u201328 april 2019<br \/>\n<strong>Jim Berggren, Nina Bondeson<\/strong><br \/>\nM\u00e5leri, grafik<\/p>\n<p style=\"padding-left: 30px;\">7\u201328 april 2019<br \/>\n<strong>Elaiza B\u00e4ckstr\u00f6m<\/strong><br \/>\nFotografi<\/p>\n<\/blockquote>\n<p>L\u00c4NKAR<br \/>\nEbba Jordelius <a href=\"http:\/\/www.ebbajordelius.se\" target=\"_blank\" rel=\"noopener\">hemsida<\/a><br \/>\nSusanna Salifou Nygren <a href=\"https:\/\/www.susannanygren.se\" target=\"_blank\" rel=\"noopener\">hemsida<\/a><br \/>\nMalte Myr\u00e9n <a href=\"http:\/\/www.maltemyren.com\" target=\"_blank\" rel=\"noopener\">hemsida<\/a> <a href=\"https:\/\/www.facebook.com\/malte.petterssonmyren\" target=\"_blank\" rel=\"noopener\">Facebook<\/a> <a href=\"https:\/\/www.youtube.com\/channel\/UCJ5ydiJNG2QlwuY6PkDVD9g?fbclid=IwAR2MtwliZqlE_Ktonl0IrRgPDBvUDS1AVhTw_BvjxX0BVFJYak9CXDxXCh0\" target=\"_blank\" rel=\"noopener\">YouTube<\/a><br \/>\nKonstforum <a href=\"http:\/\/konstforumnorrkoping.se\" target=\"_blank\" rel=\"noopener\">hemsida<\/a> <a href=\"https:\/\/www.facebook.com\/pages\/Konstforum-Norrk%C3%B6ping\/436387379718835?fref=ts\" target=\"_blank\" rel=\"noopener\">Facebook<\/a><br \/>\nLundkvist och Molin p\u00e5 Konstforum <a href=\"https:\/\/www.kultursidan.nu\/?p=39858\" target=\"_blank\" rel=\"noopener\">recension<\/a> Kultursidan.nu 23\/1 2019<\/p>\n","protected":false},"excerpt":{"rendered":"<p>RECENSION\/ NORRK\u00d6PING Myller. P\u00e5 Konstforum m\u00f6ts Susanna Salifou Nygrens meditativa livsenergi och Ebba Jordelius strama men detaljrika m\u00e5leri. I Studion ryms Malte Myr\u00e9ns fantasifulla och lite morbida v\u00e4rld. <a class=\"continue-reading-link\" href=\"https:\/\/www.kultursidan.nu\/?p=40079\">L\u00e4s mer <span class=\"meta-nav\">&rarr; <\/span><\/a><\/p>\n","protected":false},"author":1001006,"featured_media":0,"comment_status":"closed","ping_status":"open","sticky":false,"template":"","format":"standard","meta":{"_jetpack_memberships_contains_paid_content":false,"footnotes":""},"categories":[7],"tags":[14,47],"class_list":["post-40079","post","type-post","status-publish","format-standard","hentry","category-norrkoping","tag-konst","tag-utstallning"],"jetpack_featured_media_url":"","jetpack_sharing_enabled":true,"_links":{"self":[{"href":"https:\/\/www.kultursidan.nu\/index.php?rest_route=\/wp\/v2\/posts\/40079","targetHints":{"allow":["GET"]}}],"collection":[{"href":"https:\/\/www.kultursidan.nu\/index.php?rest_route=\/wp\/v2\/posts"}],"about":[{"href":"https:\/\/www.kultursidan.nu\/index.php?rest_route=\/wp\/v2\/types\/post"}],"author":[{"embeddable":true,"href":"https:\/\/www.kultursidan.nu\/index.php?rest_route=\/wp\/v2\/users\/1001006"}],"replies":[{"embeddable":true,"href":"https:\/\/www.kultursidan.nu\/index.php?rest_route=%2Fwp%2Fv2%2Fcomments&post=40079"}],"version-history":[{"count":4,"href":"https:\/\/www.kultursidan.nu\/index.php?rest_route=\/wp\/v2\/posts\/40079\/revisions"}],"predecessor-version":[{"id":40263,"href":"https:\/\/www.kultursidan.nu\/index.php?rest_route=\/wp\/v2\/posts\/40079\/revisions\/40263"}],"wp:attachment":[{"href":"https:\/\/www.kultursidan.nu\/index.php?rest_route=%2Fwp%2Fv2%2Fmedia&parent=40079"}],"wp:term":[{"taxonomy":"category","embeddable":true,"href":"https:\/\/www.kultursidan.nu\/index.php?rest_route=%2Fwp%2Fv2%2Fcategories&post=40079"},{"taxonomy":"post_tag","embeddable":true,"href":"https:\/\/www.kultursidan.nu\/index.php?rest_route=%2Fwp%2Fv2%2Ftags&post=40079"}],"curies":[{"name":"wp","href":"https:\/\/api.w.org\/{rel}","templated":true}]}}