{"id":40084,"date":"2019-02-08T14:02:30","date_gmt":"2019-02-08T13:02:30","guid":{"rendered":"https:\/\/intelligent-friend-7861.standoutwp.com\/?p=40084"},"modified":"2019-02-08T14:02:30","modified_gmt":"2019-02-08T13:02:30","slug":"nyfiken-pa-ord-som-format-sverige","status":"publish","type":"post","link":"https:\/\/www.kultursidan.nu\/?p=40084","title":{"rendered":"Nyfiken p\u00e5\u2026 Ord som format Sverige"},"content":{"rendered":"<p><img loading=\"lazy\" decoding=\"async\" class=\"alignnone size-medium wp-image-40085\" src=\"https:\/\/www.kultursidan.nu\/wp-content\/uploads\/2019\/02\/ElisabethAsbrink-F_Eva-Tedesjo-567x378.jpg\" alt=\"\" width=\"567\" height=\"378\" srcset=\"https:\/\/www.kultursidan.nu\/wp-content\/uploads\/2019\/02\/ElisabethAsbrink-F_Eva-Tedesjo-567x378.jpg 567w, https:\/\/www.kultursidan.nu\/wp-content\/uploads\/2019\/02\/ElisabethAsbrink-F_Eva-Tedesjo-768x512.jpg 768w, https:\/\/www.kultursidan.nu\/wp-content\/uploads\/2019\/02\/ElisabethAsbrink-F_Eva-Tedesjo-1024x682.jpg 1024w, https:\/\/www.kultursidan.nu\/wp-content\/uploads\/2019\/02\/ElisabethAsbrink-F_Eva-Tedesjo-150x100.jpg 150w, https:\/\/www.kultursidan.nu\/wp-content\/uploads\/2019\/02\/ElisabethAsbrink-F_Eva-Tedesjo-500x333.jpg 500w, https:\/\/www.kultursidan.nu\/wp-content\/uploads\/2019\/02\/ElisabethAsbrink-F_Eva-Tedesjo.jpg 1280w\" sizes=\"auto, (max-width: 567px) 100vw, 567px\" \/><br \/>\n<em>Kollision. Elisabeth \u00c5sbrink skrapade p\u00e5 ytan till de svenska v\u00e4rderingarna och fann att de f\u00f6r\u00e4ndrats en hel del \u00f6ver tid.<\/em><\/p>\n<p>&nbsp;<\/p>\n<h1><span style=\"color: #ff0000;\">&#8221;Helan g\u00e5r&#8221; fin nationals\u00e5ng<\/span><\/h1>\n<p>&nbsp;<\/p>\n<p>S\u00d6DERK\u00d6PING <strong>Alla har fel!<\/strong> Elisabeth \u00c5sbrink blev nyfiken p\u00e5 svenska v\u00e4rderingar. I torsdags g\u00e4stade hon Stinsen och ber\u00e4ttade att redan Adam av Bremen fann oss m\u00e4rkliga. Men vi tog inte av oss skorna i hallen f\u00f6rr\u00e4n helt nyligen.<\/p>\n<p><strong>Vad \u00e4r typiskt svenskt?<\/strong> Finns det n\u00e5gra specifikt svenska v\u00e4rderingar?\u00a0Journalisten och f\u00f6rfattaren Elisabeth \u00c5sbrink f\u00f6rs\u00f6ker svara p\u00e5 fr\u00e5gan\u00a0i sin senaste bok, <em>Orden som formade Sverige<\/em>.<\/p>\n<p>I torsdags g\u00e4stade hon Stinsen i S\u00f6derk\u00f6ping och f\u00f6rel\u00e4sningsserien Nyfiken p\u00e5\u2026\u00a0Det var hennes fj\u00e4rde bes\u00f6k och hon drog, som vanligt, en stor publik.<\/p>\n<p><strong>Elisabeth \u00c5sbrink hade inte t\u00e4nkt skriva den h\u00e4r boken.<\/strong> Men s\u00e5 h\u00f6rde hon Sverigedemokraterna i Almedalen 2016 s\u00e4ga att det \u00e4r enkelt att avg\u00f6ra vad som \u00e4r svenska v\u00e4rderingar. Detta samtidigt som andra p\u00e5stod att det inte finns n\u00e5got som \u00e4r\u00a0 typiskt svensk.<\/p>\n<p>\u2013 D\u00e5 k\u00e4nde jag att alla hade fel, s\u00e4ger hon.<\/p>\n<p>&nbsp;<\/p>\n<p><a title=\"Elisabeth \u00c5sbrink\" href=\"https:\/\/www.flickr.com\/photos\/kultursidan\/33151116168\/in\/album-72157706624088904\/\"><img loading=\"lazy\" decoding=\"async\" src=\"https:\/\/farm5.staticflickr.com\/4845\/33151116168_f147ce11a4.jpg\" alt=\"Elisabeth \u00c5sbrink\" width=\"500\" height=\"331\" \/><\/a><br \/>\n<em>Uppskattad. Elisabeth \u00c5sbrink drog stor publik till Stinsen och Nyfiken p\u00e5\u2026<\/em><\/p>\n<p>&nbsp;<\/p>\n<p><strong>\u2013 Min far kommer fr\u00e5n Ungern och min mor fr\u00e5n England.<\/strong> Under min uppv\u00e4xt s\u00e5g jag dem ideligen i kollision med de svenska v\u00e4rderingarna. Ett exempel \u00e4r seden att ta av sig skorna i hallen och umg\u00e5s med sina v\u00e4nner i strumpl\u00e4sten. Ot\u00e4nkbart n\u00e5gon annanstans \u00e4n i Sverige.<\/p>\n<p>\u2013 Jag f\u00f6ddes 1965 i G\u00f6teborg som ungersk medborgare. Enligt lag fick barn som f\u00f6ddes i Sverige p\u00e5 den tiden faderns medborgarskap. Det kallades lagen om blodsband. N\u00e4r min far s\u00f6kte och fick svenskt medborgarskap h\u00e4ngde jag med p\u00e5 k\u00f6pet.<\/p>\n<p>\u2013 Jag \u00e4r svensk nu och avskyr n\u00e4r folk g\u00e5r in med skorna p\u00e5.<\/p>\n<p><strong>Elisabeth \u00c5slund s\u00e4ger att hon ville ha roligt medan hon skrev, \u00e4ven om \u00e4mnet \u00e4r allvarligt.<\/strong> Hon g\u00e5r l\u00e5ngt tillbaka i historien och ber\u00e4ttar bland annat om hur Adam av Bremen, som levde p\u00e5 1000-talet, s\u00e5g p\u00e5 det folk som senare skulle komma att kallas svenskar. Han skriver om f\u00f6runderliga m\u00e4nniskor med bara ett \u00f6ga mitt i pannan.<\/p>\n<p><strong>N\u00e4rmare i tiden ligger historierna om snapsvisan <em>Helan g\u00e5r<\/em>.\u00a0<\/strong>August Strindberg undrade p\u00e5 1800-talet om inte Helan g\u00e5r var Sveriges egentliga nationals\u00e5ng eftersom alla kunde b\u00e5de texten och melodin.<\/p>\n<p>Komposit\u00f6ren Franz Leh\u00e1r var bes\u00f6k i Stockholm d\u00e4r hans operett Glada \u00c4nkan hade premi\u00e4r \u00e5r 1936. Att Helan g\u00e5r var nationals\u00e5ng var han \u00f6vertygad om sedan han upplevt hur en rad frackkl\u00e4dda herrar st\u00e4llt sig upp och framf\u00f6rt den vid en middag p\u00e5 Operak\u00e4llaren. &#8221;Fin melodi&#8221;, tyckte han och komponerade senare en rad variationer p\u00e5 temat.<\/p>\n<p><strong>Sverige vann, till allas f\u00f6rv\u00e5ning, VM i ishockey 1957.<\/strong> Ingen hade f\u00f6rberett n\u00e5gonting. Ingen kunde den riktiga nationals\u00e5ngen. Den enda s\u00e5ng spelarna kom p\u00e5 att sjunga var <em>Helan g\u00e5r<\/em>.<\/p>\n<p>\u2013 Jo, det \u00e4r sant, f\u00f6rs\u00e4krar Elisabeth \u00c5sbrink, n\u00e4r publiken sm\u00e5skrattar tvivlande.<\/p>\n<p>&nbsp;<\/p>\n<p><a title=\"Elisabeth \u00c5sbrink\" href=\"https:\/\/www.flickr.com\/photos\/kultursidan\/46302421084\/in\/album-72157706624088904\/\"><img loading=\"lazy\" decoding=\"async\" src=\"https:\/\/farm8.staticflickr.com\/7840\/46302421084_570ef98081.jpg\" alt=\"Elisabeth \u00c5sbrink\" width=\"500\" height=\"374\" \/><\/a><br \/>\n<em>H\u00f6gl\u00e4sning. Orden som formade Sverige \u00e4r ett omfattande id\u00e9historiskt verk som tar upp en m\u00e4ngd olika fenomen och s\u00f6ker deras ursprung.<\/em><\/p>\n<p>&nbsp;<\/p>\n<p><strong>Hon kommer in p\u00e5 m\u00e5nga ov\u00e4ntade sp\u00e5r.<\/strong> Hon ber\u00e4ttar till exempel om Carl Jonas Love Almqvist och hans provocerande bok <em>Det g\u00e5r an<\/em>, om vad som ligger bakom uttrycket &#8221;danskj\u00e4vlar&#8221;, och om svenskarnas k\u00e4rlek till <em>Den blomstertid nu kommer<\/em>.<\/p>\n<p>Hon ber\u00e4ttar om Bellman, Astrid Lindgren, Transtr\u00f6mer och Zlatan och andra svenska ikoner. Och om det ord som vi alla anv\u00e4nder allra mest: &#8221;\u00c4ntligen&#8221;. \u00c4ntligen sommar,\u00a0 \u00e4ntligen hemma, \u00e4ntligen fredag, \u00e4ntligen jul, \u00e4ntligen slut p\u00e5 julen.<\/p>\n<p><strong>Hur \u00e4r det nu egentligen med Ta av dig skorna-kulturen?<\/strong> Jo, den \u00e4r resultatet av den tid n\u00e4r Lortsverige f\u00f6rvandlades till V\u00e4lf\u00e4rdssverige och alla m\u00e5ste v\u00e4rna om sina nybyggda bost\u00e4der. D\u00e5 fanns Bostadsinspektionen som kollade att folk v\u00e4drade ordentligt, tv\u00e4ttade sig minst en g\u00e5ng i veckan, inte spottade p\u00e5 golvet och tog av sig skorna innan de gick in.<\/p>\n<p><strong>Allting f\u00f6r\u00e4ndras, menar Elisabeth \u00c5sbrink.\u00a0<\/strong>Man kan inte som SD ringa in en viss tid och kalla den typiskt svensk. Det blir som ett slags Skansen.<\/p>\n<p>Man kan inte heller p\u00e5st\u00e5 att det inte finns n\u00e5gra typiskt svenska v\u00e4rderingar.\u00a0 D\u00e4rf\u00f6r tycker hon att alla har fel och d\u00e4rf\u00f6r skrev hon den h\u00e4r boken.<\/p>\n<p><em>\u00a9 Text: Bibi Friedrichsen\u2028<\/em><br \/>\n<em>\u00a9 Foto: Eva Tedesj\u00f6 och Kerstin Svedberg f\u00f6r Nyfiken p\u00e5\u2026<\/em><\/p>\n<blockquote>\n<h4>STINSEN S\u00f6derk\u00f6ping<\/h4>\n<p>Vinter\u2013v\u00e5r 2019 kl 18.30<br \/>\n<strong>Nyfiken p\u00e5\u2026<\/strong><br \/>\nF\u00f6rel\u00e4sningar<br \/>\nSamarr: S\u00f6derk\u00f6pings f\u00f6rel\u00e4sningsf\u00f6rening, Kulturkontoret, Folkuniversitetet och S\u00f6derk\u00f6pings Bokhandel<\/p>\n<p style=\"padding-left: 30px;\">Onsdag 23\/1<br \/>\n<strong>\u00c5sa Wikforss<\/strong><br \/>\nFaktaresistens, alternativa fakta och postsanning<\/p>\n<p>Torsdag 7\/2<br \/>\n<strong>Elisabeth \u00c5sbrink<\/strong><br \/>\nOrden som formade Sverige<\/p>\n<p style=\"padding-left: 30px;\">Onsdag 27\/2<br \/>\n<strong>Erika Bjerstr\u00f6m<\/strong><br \/>\nDemokratier i v\u00e4rlden allt f\u00e4rre<\/p>\n<p style=\"padding-left: 30px;\">Tisdag 12\/3<br \/>\n<strong>Claes Hultling<\/strong><br \/>\nDemokratin och dess m\u00f6jligheter<\/p>\n<p style=\"padding-left: 30px;\">Torsdag 21\/3<br \/>\n<strong>G\u00f6ran Therborn<\/strong><br \/>\nKapitalet, \u00f6verheten och alla vi andra<\/p>\n<p style=\"padding-left: 30px;\">Tisdag 26\/3<br \/>\n<strong>Magnus Dahlstedt<\/strong><br \/>\nSkolan, marknaden och framtiden<\/p>\n<p style=\"padding-left: 30px;\">Tisdag 9\/4<br \/>\n<strong>Nina Lekander<\/strong><br \/>\nSex, k\u00e4rlek och kulturhistoria<\/p>\n<p style=\"padding-left: 30px;\">Torsdag 25\/4<br \/>\n<strong>Erika Rockborn<\/strong><br \/>\nLivmodermakt, barnl\u00f6shet ur ett manligt perspektiv<\/p>\n<\/blockquote>\n<p>L\u00c4NKAR<br \/>\nElisabeth \u00c5sbrink <a href=\"https:\/\/www.nok.se\/forfattare\/a2\/elisabeth-asbrink\/\" target=\"_blank\" rel=\"noopener\">info<\/a>\u00a0 \u2028<a href=\"https:\/\/www.nok.se\/titlar\/allmanlitteratur-sakprosa\/orden-som-formade-sverige\/#\" target=\"_blank\" rel=\"noopener\">Orden som formade Sverige<\/a><br \/>\nNyfiken p\u00e5\u2026 <a href=\"http:\/\/nyfikenpasoderkoping.se\" target=\"_blank\" rel=\"noopener\">hemsida<\/a> <a href=\"https:\/\/www.facebook.com\/groups\/Nyfikenpa\/?fref=ts\" target=\"_blank\" rel=\"noopener\">Facebook<\/a><br \/>\nS\u00f6derk\u00f6pings kommun \/Kulturkontoret <a href=\"http:\/\/www.soderkoping.se\/kultur-fritid\/kultur\/\" target=\"_blank\" rel=\"noopener\">hemsida<\/a><\/p>\n","protected":false},"excerpt":{"rendered":"<p>S\u00d6DERK\u00d6PING Alla har fel! Elisabeth \u00c5sbrink blev nyfiken p\u00e5 svenska v\u00e4rderingar. I torsdags g\u00e4stade hon Stinsen och ber\u00e4ttade att redan Adam av Bremen fann oss m\u00e4rkliga. Men vi tog inte av oss skorna i hallen f\u00f6rr\u00e4n helt nyligen.  <a class=\"continue-reading-link\" href=\"https:\/\/www.kultursidan.nu\/?p=40084\">L\u00e4s mer <span class=\"meta-nav\">&rarr; <\/span><\/a><\/p>\n","protected":false},"author":1001006,"featured_media":0,"comment_status":"closed","ping_status":"open","sticky":false,"template":"","format":"standard","meta":{"_jetpack_memberships_contains_paid_content":false,"footnotes":""},"categories":[6],"tags":[53],"class_list":["post-40084","post","type-post","status-publish","format-standard","hentry","category-soderkoping","tag-foredrag"],"jetpack_featured_media_url":"","jetpack_sharing_enabled":true,"_links":{"self":[{"href":"https:\/\/www.kultursidan.nu\/index.php?rest_route=\/wp\/v2\/posts\/40084","targetHints":{"allow":["GET"]}}],"collection":[{"href":"https:\/\/www.kultursidan.nu\/index.php?rest_route=\/wp\/v2\/posts"}],"about":[{"href":"https:\/\/www.kultursidan.nu\/index.php?rest_route=\/wp\/v2\/types\/post"}],"author":[{"embeddable":true,"href":"https:\/\/www.kultursidan.nu\/index.php?rest_route=\/wp\/v2\/users\/1001006"}],"replies":[{"embeddable":true,"href":"https:\/\/www.kultursidan.nu\/index.php?rest_route=%2Fwp%2Fv2%2Fcomments&post=40084"}],"version-history":[{"count":5,"href":"https:\/\/www.kultursidan.nu\/index.php?rest_route=\/wp\/v2\/posts\/40084\/revisions"}],"predecessor-version":[{"id":40090,"href":"https:\/\/www.kultursidan.nu\/index.php?rest_route=\/wp\/v2\/posts\/40084\/revisions\/40090"}],"wp:attachment":[{"href":"https:\/\/www.kultursidan.nu\/index.php?rest_route=%2Fwp%2Fv2%2Fmedia&parent=40084"}],"wp:term":[{"taxonomy":"category","embeddable":true,"href":"https:\/\/www.kultursidan.nu\/index.php?rest_route=%2Fwp%2Fv2%2Fcategories&post=40084"},{"taxonomy":"post_tag","embeddable":true,"href":"https:\/\/www.kultursidan.nu\/index.php?rest_route=%2Fwp%2Fv2%2Ftags&post=40084"}],"curies":[{"name":"wp","href":"https:\/\/api.w.org\/{rel}","templated":true}]}}