{"id":40113,"date":"2019-02-10T20:08:32","date_gmt":"2019-02-10T19:08:32","guid":{"rendered":"https:\/\/intelligent-friend-7861.standoutwp.com\/?p=40113"},"modified":"2019-02-11T09:21:05","modified_gmt":"2019-02-11T08:21:05","slug":"johan-dalene-med-ny-son-orkester","status":"publish","type":"post","link":"https:\/\/www.kultursidan.nu\/?p=40113","title":{"rendered":"Johan Dalene med ny SON-orkester"},"content":{"rendered":"<p><img loading=\"lazy\" decoding=\"async\" class=\"alignnone size-medium wp-image-40114\" src=\"https:\/\/www.kultursidan.nu\/wp-content\/uploads\/2019\/02\/DSCF6248-567x378.jpg\" alt=\"\" width=\"567\" height=\"378\" srcset=\"https:\/\/www.kultursidan.nu\/wp-content\/uploads\/2019\/02\/DSCF6248-567x378.jpg 567w, https:\/\/www.kultursidan.nu\/wp-content\/uploads\/2019\/02\/DSCF6248-768x512.jpg 768w, https:\/\/www.kultursidan.nu\/wp-content\/uploads\/2019\/02\/DSCF6248-1024x683.jpg 1024w, https:\/\/www.kultursidan.nu\/wp-content\/uploads\/2019\/02\/DSCF6248-150x100.jpg 150w, https:\/\/www.kultursidan.nu\/wp-content\/uploads\/2019\/02\/DSCF6248-500x333.jpg 500w, https:\/\/www.kultursidan.nu\/wp-content\/uploads\/2019\/02\/DSCF6248.jpg 1200w\" sizes=\"auto, (max-width: 567px) 100vw, 567px\" \/><br \/>\n<em>Ink\u00e4nnande. Johan Dalene g\u00f6r sig till ett med musiken.<\/em><\/p>\n<p>&nbsp;<\/p>\n<h1><span style=\"color: #ff0000;\">Solstr\u00e5lning ger rent vatten<\/span><\/h1>\n<p>&nbsp;<\/p>\n<p>RECENSION\/ NORRK\u00d6PING <strong>Bara Mozart.<\/strong> Nybildade kammarorkestern Camerata Ostrogotia spelade vid Soroptimisternas v\u00e4lg\u00f6renhetskonsert i Hedvigs kyrka. Dirigent var Roman Reznik och solist Johan Dalene.<\/p>\n<p><strong>Premi\u00e4rkonsert f\u00f6r Camerata Ostrogothia, \u00e4nnu en konstellation av musiker fr\u00e5n Norrk\u00f6pings Symfoniorkester, i Hedvigs kyrka i fredags.<\/strong> Den slanka, kammarorkestern passade Mozarts femte violinkonsert och 40:e symfoni alldeles utm\u00e4rkt.<\/p>\n<p>P\u00e5 pulten stod Roman Reznik, tidigare solofagottist i SON men numera i Oslos filharmoniker, och med en parallellkarri\u00e4r som dirigent. Solist var Johan Dalene, Norrk\u00f6pings just nu mest uppm\u00e4rksammade violinist som dessutom \u00e4r \u00e5rets Artist in Residence hos SON.<\/p>\n<p>&nbsp;<\/p>\n<p><a title=\"Camerata Ostrogothia med dirigenten Roman Reznik\" href=\"https:\/\/www.flickr.com\/photos\/kultursidan\/33176487848\/in\/album-72157676395702837\/\"><img loading=\"lazy\" decoding=\"async\" src=\"https:\/\/farm8.staticflickr.com\/7817\/33176487848_0840d0c53f.jpg\" alt=\"Camerata Ostrogothia med dirigenten Roman Reznik\" width=\"500\" height=\"333\" \/><\/a><br \/>\n<em>Elddop. Nya kammarorkestern Camerata Ostrogothia med dirigenten Roman Reznik. Musikerna kommer fr\u00e5n SON, och det har \u00e4ven dirigenten en g\u00e5ng gjort.<\/em><\/p>\n<p>&nbsp;<\/p>\n<p><strong><em>Uvertyren till Figaros br\u00f6llop<\/em>, historiens i vissa avseenden fr\u00e4msta opera (\u00e4ven om jag skulle s\u00e4ga &#8221;Don Giovanni&#8221; om jag tvingades v\u00e4lja) var mycket v\u00e4lspelad och exakt av orkestern.<\/strong> Mozarts skenbara enkelhet med standardiserade ackompanjemang (\u201dAlberti-basar\u201d) d\u00f6ljer dess sv\u00e5righetsgrad. Det kr\u00e4vs skicklighet f\u00f6r att hitta den distinkta klassicistiska klangen och att balansera instrumentgrupperna.<\/p>\n<p>Kyrkan med dess l\u00e5nga efterklang f\u00e5r ibland \u201dAmad\u00e9\u201d att klinga v\u00e4l romantiskt men man f\u00e5r t\u00e4nka att den borgerliga konsertsalen inte fanns p\u00e5 1700-talet. Konserthus fanns s\u00e4llan utan operahuset och kyrkan var de fr\u00e4msta musikrummen.<\/p>\n<p>Det \u00e4r kanske mer tacksamt f\u00f6r en ung virtuos som Johan Dalene att spela Mozart ist\u00e4llet f\u00f6r de mer introverta Brahms och Bruch. Jag hade inget att anm\u00e4rka p\u00e5 det rent tekniska framf\u00f6randet annat \u00e4n att han kanske spelade med f\u00f6r mycket vibrato, kanske passar en slankare ton b\u00e4ttre i Wienklassicistisk musik.<\/p>\n<p><strong>Man f\u00e5r t\u00e4nka att Mozart bara var 19 n\u00e4r han skrev femte violinkonserten.<\/strong> I b\u00f6rjan ligger han n\u00e4ra Haydns mer improviserade och lekfulla idiom. Dessutom f\u00e5r vi h\u00f6ra lite av den \u201dturkiska musiken\u201d som var h\u00f6gsta mode i Wien, j\u00e4mf\u00f6r operan <em>Enleveringen ur Seraljen<\/em> med pascha Selim. Det osmanska (\u201dottomanska\u201d) riket hade f\u00f6r mindre \u00e4n 100 \u00e5r sedan hotat Wien och soldaternas \u201djanitscharmusik\u201d ekade \u00e4nnu men hade nu blivit mer av ett s\u00e4llskapsn\u00f6je.<\/p>\n<p>Den tredje satsen f\u00e5r ocks\u00e5 en genuin tyngd som p\u00e5minner om de sena verken, \u00e5terigen f\u00f6rbluffande f\u00f6r en ton\u00e5ring, b\u00e5de Wolfgang och Johan, och som kontrast kommer \u00e4ven \u201dHaydn-inslagen\u201d tillbaka.<\/p>\n<p>&nbsp;<\/p>\n<p><a title=\"Roman Reznik\" href=\"https:\/\/www.flickr.com\/photos\/kultursidan\/33176487278\/in\/album-72157676395702837\/\"><img loading=\"lazy\" decoding=\"async\" src=\"https:\/\/farm8.staticflickr.com\/7814\/33176487278_73afd71c8b.jpg\" alt=\"Roman Reznik\" width=\"500\" height=\"333\" \/><\/a><br \/>\n<em>Dynamisk. Roman Reznik visade sig vara en mycket engagerad dirigent.<\/em><\/p>\n<p>&nbsp;<\/p>\n<p><strong><em>Symfoni nr 40 i g-moll<\/em> b\u00f6rjar t\u00e4t och tragisk \u00e4ven om den ocks\u00e5 f\u00f6ljer det v\u00e4l avv\u00e4gda wienklassiska formschemat.<\/strong> Andra satsen bjuder p\u00e5 n\u00e5gra mer gl\u00e4ttiga tong\u00e5ngar \u00e4ven om det tragiska perspektivet ocks\u00e5 kikar fram ibland.<\/p>\n<p>Menuetten som tredje sats i en symfoni b\u00f6rjade bli f\u00f6r\u00e5ldrad redan p\u00e5 1700-talet men passar bra att l\u00e4tta upp en tung mollsymfoni (\u00e4ven \u201dtv\u00e4rtom\u201d med en l\u00e4tt dursymfoni som under Beethoven).<\/p>\n<p>Fj\u00e4rde satsen rymmer m\u00e5nga fina detaljer, som man s\u00e4llan h\u00f6r med mindre skickliga orkestrar, och flera vackra kontraster, dock alltid i ett strikt formschema \u00e4ven om Mozarts personliga tragik ibland skymtar igenom.<\/p>\n<p>&nbsp;<\/p>\n<p><a title=\"Solvatten\" href=\"https:\/\/www.flickr.com\/photos\/kultursidan\/33176487028\/in\/album-72157676395702837\/\"><img loading=\"lazy\" decoding=\"async\" src=\"https:\/\/farm8.staticflickr.com\/7864\/33176487028_56076e65dc.jpg\" alt=\"Solvatten\" width=\"375\" height=\"500\" \/><\/a><br \/>\n<em>Vattenrenare. Svensk uppfinning fr\u00e5n kvinnor till kvinnor.<\/em><\/p>\n<p>&nbsp;<\/p>\n<p><strong>Kv\u00e4llens konsert var mycket fin med ett hederv\u00e4rt \u00e4ndam\u00e5l.<\/strong> 50-\u00e5rsjubilerande Norrk\u00f6pings Soroptimistklubb arrangerade konserten till f\u00f6rm\u00e5n f\u00f6r projektet &#8221;Solvatten&#8221;. Det \u00e4r en svensk uppfinning som anv\u00e4nder vanlig solstr\u00e5lning f\u00f6r att ge rent och varmt dricksvatten.<\/p>\n<p><em>\u00a9 Text: Lars Henriksson<\/em><br \/>\n<em>\u00a9 Foto: Ann-Charlotte Sandelin<\/em><\/p>\n<p>BILDSPEL \u2013 KLICKA P\u00c5 BILDENS PILAR<\/p>\n<p><a data-flickr-embed='true' href='https:\/\/www.flickr.com\/photos\/kultursidan\/albums\/72157676395702837' title='Mozartkonsert, Hedvigs kyrka 2019 by Kultursidan, on Flickr'><img src='https:\/\/live.staticflickr.com\/7831\/46138032605_6736759d5c_z.jpg' width='800' height='600' alt='Hedvigs kyrka'><\/a><script async src='https:\/\/embedr.flickr.com\/assets\/client-code.js' charset='utf-8'><\/script><\/p>\n<blockquote><p>HEDVIGS KYRKA Norrk\u00f6ping<\/p>\n<p>8 februari 2019<br \/>\n<strong>Mozartprogram<\/strong><br \/>\nCamerata Ostrogothia<br \/>\nDirigent: Roman Reznik<br \/>\nSolist: Johan Dalene, violin<br \/>\nArr: Norrk\u00f6pings Soroptimistklubb<\/p>\n<p style=\"padding-left: 30px;\">PROGRAM<br \/>\nFigaros br\u00f6llop, uvertyr<br \/>\nViolinkonsert nr 5 A-dur \u2013 Allegro aperto, Adagio, Rondo: Tempo di menuetto<br \/>\nSymfoni nr 40 g-moll \u2013 Molto allegro, Andante, Menuetto: Allegretto, Finale: Allegro assai<\/p>\n<\/blockquote>\n<p>L\u00c4NKAR<br \/>\nNorrk\u00f6pings Soroptimistklubb <a href=\"https:\/\/www.soroptimistsweden.se\/norrkoping\/\" target=\"_blank\" rel=\"noopener\">hemsida<\/a><br \/>\nSolvatten <a href=\"https:\/\/solvatten.org\/\" target=\"_blank\" rel=\"noopener\">hemsida<\/a><br \/>\nRoman Reznik <a href=\"https:\/\/www.romanreznik.com\" target=\"_blank\" rel=\"noopener\">hemsida<\/a><br \/>\nJohan Dalene <a href=\"https:\/\/www.johandalene.com\" target=\"_blank\" rel=\"noopener\">hemsida<\/a><br \/>\nNorrk\u00f6pings symfoniorkester <a href=\"http:\/\/www.norrkopingssymfoniorkester.se\" target=\"_blank\" rel=\"noopener noreferrer\">hemsida<\/a> <a href=\"https:\/\/www.facebook.com\/norrkoping.symphony\/?fref=ts\" target=\"_blank\" rel=\"noopener noreferrer\">Facebook<\/a><\/p>\n","protected":false},"excerpt":{"rendered":"<p>RECENSION\/ NORRK\u00d6PING Bara Mozart. Nybildade kammarorkestern Camerata Ostrogotia spelade vid Soroptimisternas v\u00e4lg\u00f6renhetskonsert i Hedvigs kyrka. Dirigent var Roman Reznik och solist Johan Dalene.  <a class=\"continue-reading-link\" href=\"https:\/\/www.kultursidan.nu\/?p=40113\">L\u00e4s mer <span class=\"meta-nav\">&rarr; <\/span><\/a><\/p>\n","protected":false},"author":1001006,"featured_media":0,"comment_status":"closed","ping_status":"open","sticky":false,"template":"","format":"standard","meta":{"_jetpack_memberships_contains_paid_content":false,"footnotes":""},"categories":[7],"tags":[13],"class_list":["post-40113","post","type-post","status-publish","format-standard","hentry","category-norrkoping","tag-musik"],"jetpack_featured_media_url":"","jetpack_sharing_enabled":true,"_links":{"self":[{"href":"https:\/\/www.kultursidan.nu\/index.php?rest_route=\/wp\/v2\/posts\/40113","targetHints":{"allow":["GET"]}}],"collection":[{"href":"https:\/\/www.kultursidan.nu\/index.php?rest_route=\/wp\/v2\/posts"}],"about":[{"href":"https:\/\/www.kultursidan.nu\/index.php?rest_route=\/wp\/v2\/types\/post"}],"author":[{"embeddable":true,"href":"https:\/\/www.kultursidan.nu\/index.php?rest_route=\/wp\/v2\/users\/1001006"}],"replies":[{"embeddable":true,"href":"https:\/\/www.kultursidan.nu\/index.php?rest_route=%2Fwp%2Fv2%2Fcomments&post=40113"}],"version-history":[{"count":4,"href":"https:\/\/www.kultursidan.nu\/index.php?rest_route=\/wp\/v2\/posts\/40113\/revisions"}],"predecessor-version":[{"id":40121,"href":"https:\/\/www.kultursidan.nu\/index.php?rest_route=\/wp\/v2\/posts\/40113\/revisions\/40121"}],"wp:attachment":[{"href":"https:\/\/www.kultursidan.nu\/index.php?rest_route=%2Fwp%2Fv2%2Fmedia&parent=40113"}],"wp:term":[{"taxonomy":"category","embeddable":true,"href":"https:\/\/www.kultursidan.nu\/index.php?rest_route=%2Fwp%2Fv2%2Fcategories&post=40113"},{"taxonomy":"post_tag","embeddable":true,"href":"https:\/\/www.kultursidan.nu\/index.php?rest_route=%2Fwp%2Fv2%2Ftags&post=40113"}],"curies":[{"name":"wp","href":"https:\/\/api.w.org\/{rel}","templated":true}]}}