{"id":40131,"date":"2019-02-11T13:16:15","date_gmt":"2019-02-11T12:16:15","guid":{"rendered":"https:\/\/intelligent-friend-7861.standoutwp.com\/?p=40131"},"modified":"2019-02-11T13:23:13","modified_gmt":"2019-02-11T12:23:13","slug":"kalla-kanslor-satter-svartans-ribba","status":"publish","type":"post","link":"https:\/\/www.kultursidan.nu\/?p=40131","title":{"rendered":"Kalla k\u00e4nslor s\u00e4tter sv\u00e4rtans ribba"},"content":{"rendered":"<p><img loading=\"lazy\" decoding=\"async\" class=\"alignnone size-medium wp-image-40132\" src=\"https:\/\/www.kultursidan.nu\/wp-content\/uploads\/2019\/02\/OmslagVIT-567x378.jpg\" alt=\"\" width=\"567\" height=\"378\" srcset=\"https:\/\/www.kultursidan.nu\/wp-content\/uploads\/2019\/02\/OmslagVIT-567x378.jpg 567w, https:\/\/www.kultursidan.nu\/wp-content\/uploads\/2019\/02\/OmslagVIT-150x100.jpg 150w, https:\/\/www.kultursidan.nu\/wp-content\/uploads\/2019\/02\/OmslagVIT-500x333.jpg 500w, https:\/\/www.kultursidan.nu\/wp-content\/uploads\/2019\/02\/OmslagVIT.jpg 600w\" sizes=\"auto, (max-width: 567px) 100vw, 567px\" \/><br \/>\n<em>Vinyl. \u00c5tta l\u00e5tar N\u00e5gonstans mellan psykakuten och AF med enmansbandet Kalla k\u00e4nslor.\u00a0<\/em><\/p>\n<p>&nbsp;<\/p>\n<h1><span style=\"color: #ff0000;\">&#8221;Jag gillar musik som inte \u00e4r glad&#8221;<\/span><\/h1>\n<p>&nbsp;<\/p>\n<p>RECENSION\/ NORRK\u00d6PING <strong>\u00c4rligt och genuint.<\/strong> Enmansbandet Kalla k\u00e4nslors album &#8221;N\u00e5gonstans mellan psykakuten och AF&#8221; s\u00e4tter ribban f\u00f6r en vardag m\u00e5nga kan k\u00e4nna igen sig i, skriver vi i v\u00e5r recension.<\/p>\n<p>Inspirationen \u00e4r h\u00e4mtad fr\u00e5n punken \u2013 och verkligheten, ber\u00e4ttar Mikael Holm i en mejlintervju.<\/p>\n<h2>Recensionen<\/h2>\n<p><strong>I dessa tidevarv d\u00e5 alla har sin egen megafon att uttrycka sig, s\u00e5som sociala medier som Facebook, Twitter, bloggar och Gud vet vad, \u00e4ven om det inte avhandlar mer \u00e4n vad som inmundigats till frukost.<\/strong> D\u00e5 k\u00e4nns det v\u00e4ldigt befriande att f\u00e5 en skiva som v\u00e5gar beskriva svart sm\u00e4rta p\u00e5 vardagsrealismens spr\u00e5k. Titeln \u201dN\u00e5gonstans mellan psykakuten och AF\u201d s\u00e4tter ribban f\u00f6r var vi befinner oss.<\/p>\n<p><strong>Texterna \u00e4r som ett avklarnat destillat av grubblerier, ett ocensurerat budskap fr\u00e5n en annan dimension.<\/strong> Den sv\u00e4rta, som det svarta h\u00e5let AF ger en m\u00e4nniska i form av m\u00e4nniskof\u00f6rnedring tillsammans med sin &#8221;broder&#8221; F\u00f6rs\u00e4kringskassan, \u00e4r n\u00e5got som kan framkalla nattsvarta psykoser i vem som helst.<\/p>\n<p>CD:n inneh\u00e5ller \u00e5tta sp\u00e5r som i en dimension beskriver en vardag som m\u00e5nga kan k\u00e4nna igen sig i. N\u00e4r livet \u00e4r i den gr\u00e5aste f\u00e4rgskalan och man beh\u00f6ver eskapism f\u00f6r att \u00f6verleva \u00e4nnu en dag.<\/p>\n<p>Mikael Holm har p\u00e5 ett avskalat och minimalistiskt s\u00e4tt avhandlat den sv\u00e4rtan p\u00e5 den h\u00e4r skivan som han har gett ut sj\u00e4lv. Personliga favoriter f\u00f6r mig blir <em>Biter inte p\u00e5 mig<\/em> och <em>Destination ingenstans<\/em>.<\/p>\n<p><strong>Det finns musikslingor som flirtar med Old School-punken.<\/strong> Omslagets f\u00e4rg kontrasterar bj\u00e4rt i en lilarosa ton mot vardagsrealismens poesi. Sj\u00e4lva fotoposen \u00e4r en parafras p\u00e5 Social Distortion.<\/p>\n<p>Mikael Holm har en bra nerv i r\u00f6sten och det l\u00e5ter &#8221;skitigt&#8221; p\u00e5 ett bra s\u00e4tt vilket harmonierar i de h\u00e4r \u00e5tta l\u00e5tarna. Han har hittat en stil som passar hans r\u00f6st. Det k\u00e4nns \u00e4rligt och genuint, vilket man inte hittar allt f\u00f6r ofta i det kommersiella fl\u00f6det av nonsensl\u00e5tar som har texter utan substans och intelligens.<\/p>\n<p>&nbsp;<\/p>\n<p><a title=\"Mikael Holm \u00e0 la Alex Hellid\" href=\"https:\/\/www.flickr.com\/photos\/kultursidan\/47059783511\/in\/album-72157689601657663\/\"><img loading=\"lazy\" decoding=\"async\" src=\"https:\/\/farm8.staticflickr.com\/7837\/47059783511_5ff7203939.jpg\" alt=\"Mikael Holm \u00e0 la Alex Hellid\" width=\"500\" height=\"375\" \/><\/a><br \/>\n<em>Mikael Holm \u00e0 la Alex Hellid.<\/em><\/p>\n<p>&nbsp;<\/p>\n<h2>Intervjun<\/h2>\n<p><strong>MIKAEL HOLM \u2013 Du utg\u00f6r enmansbandet Kalla k\u00e4nslor \u2013 spelar du allt sj\u00e4lv?<br \/>\n<\/strong>Enda medlemmen i bandet \u00e4r jag sj\u00e4lv, fast p\u00e5 inspelningarna har jag lite g\u00e4ster s\u00e5 jag spelar cirka 70 procent av allt som h\u00f6rs.<\/p>\n<p><strong>Vem \u00e4r du? Hur var det med S\u00f6derk\u00f6ping, \u00c5by och Norrk\u00f6ping?<br \/>\n<\/strong>Jag som startade bandet 2016 heter Mikael Holm och bor i Norrk\u00f6ping. Jag har bott i S\u00f6derk\u00f6ping innan.<\/p>\n<p>I \u00c5by ligger Studio Underjord som jag spelat in l\u00e5tarna i, samma studio som Year of the goat, Vanhelgd, \u00a0Skraeckoedlan mfl. Mycket bra Studio och en kreativ plats att vara p\u00e5.<\/p>\n<p>Jag \u00e4r stort musikfan, fast jag \u00e4r ganska begr\u00e4nsad i min smak, det mesta jag gillar \u00e4r musik som inte \u00e4r glad; Punk, Hardcore, D\u00f6dsmetal. \u00a0Generellt \u00e4r det roligare med mindre band som inte \u00e4r s\u00e5 kommersiella tycker jag.<\/p>\n<p><strong>Vilka \u00e4r dina f\u00f6rebilder?<br \/>\n<\/strong>F\u00f6rebilder f\u00f6r just Kalla K\u00e4nslor \u00e4r dock mycket gammal svensk progg: Mikael Wiehe, Bj\u00f6rn Afzelius, Hoola bandoola band, Nationalteatern. Tanken var att Kalla K\u00e4nslor skulle vara just ett proggband, men det blev mer punk n\u00e4r jag v\u00e4l spelade in. Tycker dock att texterna \u00e4r ganska proggiga.<\/p>\n<p>Jag gillar ocks\u00e5 mycket artister som Aretha Franklin och Tina Turner, s\u00e5 det \u00e4r jag influerad av \u00e4ven om musiken inte l\u00e5ter s\u00e5.<\/p>\n<p>Musikaliskt \u00e4r Kalla K\u00e4nslor nog mest influerat av gamla svenska punkband, s\u00e5 som Liket lever, Cortex, Perverts, Blitzen, Kriminella gitarrer, KSMB. \u00c4ven nyare band s\u00e5 som Knugen faller och The International Noise Conspiracy \u00e4r viktiga.<\/p>\n<p>&nbsp;<\/p>\n<p><a title=\"Mikael Holm \u00e0 la Chuck Berry\" href=\"https:\/\/www.flickr.com\/photos\/kultursidan\/46335780004\/in\/album-72157689601657663\/\"><img loading=\"lazy\" decoding=\"async\" src=\"https:\/\/farm8.staticflickr.com\/7924\/46335780004_f7285515e9.jpg\" alt=\"Mikael Holm \u00e0 la Chuck Berry\" width=\"500\" height=\"329\" \/><\/a><script async src=\"\/\/embedr.flickr.com\/assets\/client-code.js\" charset=\"utf-8\"><\/script><br \/>\n<em>Mikael Holm \u00e0 la Chuck Berry.<\/em><\/p>\n<p>&nbsp;<\/p>\n<p><strong>Christina som recenserar ditt album skriver att omslagets pose \u00e4r en parafras p\u00e5 Social Distorsion.<br \/>\n<\/strong>St\u00e4mmer&#8230; omslaget och titeln \u00e4r en parafras p\u00e5 &#8221;Somewhere between heaven and hell&#8221; med Social Distortion, en av mina favoritskivor alla kategorier.<\/p>\n<p><strong>Inspiration till l\u00e5tarna?<br \/>\n<\/strong>F\u00e5r mycket inspiration av or\u00e4ttvisor i samh\u00e4llet, har faktisk gjort en antirasist\/antinazist-l\u00e5t till n\u00e4sta inspelning. Jag vill og\u00e4rna prata politik och vill akta mig f\u00f6r att inf\u00f6ra politiska budskap i musiken (oftast \u00e4r det ju inte svart eller vitt n\u00e4r det g\u00e4ller svaren). Men h\u00e4r blev det ett undantag d\u00e5 \u00e4mnet var viktigt.<\/p>\n<p><strong>Vill du ut och spela live?<br \/>\n<\/strong>Jag skulle kunna t\u00e4nka mig spela live, men det \u00e4r inte j\u00e4tteviktigt. Tanken med bandet var lite att jag inte skulle ha medlemmar f\u00f6r jag vill inte kompromissa med n\u00e5gon eller beh\u00f6va anpassa mig och sitta och v\u00e4nta p\u00e5 n\u00e5gon annan.<\/p>\n<p><em><strong>PS!<\/strong><\/em> Vilken dag som helst nu kommer en ny inspelning som jag kallar <em>Blixtnedslag<\/em>. Teman \u00e4r att inte passa in och s\u00e5 lite antirasism (som jag n\u00e4mnde ovan). Jag gillar egentligen att l\u00e5na fr\u00e5n det m\u00f6rka och det onda men k\u00e4nde att det var viktigt att ha en st\u00e5ndpunkt.<\/p>\n<p><em>\u00a9 Recension: Christina Wernersson<br \/>\n\u00a9 Mejlintervju: Ann-Charlotte Sandelin<br \/>\n\u00a9 Foto: Mikael Holm<\/em><\/p>\n<blockquote>\n<h4>ALBUM<\/h4>\n<p><strong>N\u00e5gonstans mellan psykakuten och AF<\/strong><br \/>\nKalla k\u00e4nslor\/Mikael Holm<br \/>\nStudio Underjord<br \/>\nAntipop 2018<br \/>\nLimiterad till 100 ex<\/p>\n<p style=\"padding-left: 30px;\">L\u00c5TLISTA<br \/>\nN\u00e5gonstans mellan psykakuten och AF<br \/>\nD\u00e5ren<br \/>\nAsfaltsbibel<br \/>\nDestination ingenstans<br \/>\nSkiter i allt<br \/>\nBl\u00e5st och slut<br \/>\nBiter inte p\u00e5 mig<br \/>\nMannen i den vita Volvon<\/p>\n<\/blockquote>\n<p>L\u00c4NKAR<br \/>\nKalla k\u00e4nslor <a href=\"https:\/\/www.facebook.com\/Kalla-K%C3%A4nslor-976403529181298\/\" target=\"_blank\" rel=\"noopener\">Facebook<\/a><br \/>\nStudio Underjord <a href=\"http:\/\/www.studiounderjord.com\" target=\"_blank\" rel=\"noopener\">hemsida<\/a> <a href=\"https:\/\/www.facebook.com\/StudioUnderjord\/\" target=\"_blank\" rel=\"noopener\">Facebook<\/a><\/p>\n","protected":false},"excerpt":{"rendered":"<p>RECENSION\/ NORRK\u00d6PING \u00c4rligt och genuint. Enmansbandet Kalla k\u00e4nslors album N\u00e5gonstans mellan psykakuten och AF s\u00e4tter ribban f\u00f6r en vardag m\u00e5nga kan k\u00e4nna igen sig i. Inspirationen \u00e4r h\u00e4mtad fr\u00e5n punken \u2013 och verkligheten, ber\u00e4ttar Mikael Holm i en mejlintervju. <a class=\"continue-reading-link\" href=\"https:\/\/www.kultursidan.nu\/?p=40131\">L\u00e4s mer <span class=\"meta-nav\">&rarr; <\/span><\/a><\/p>\n","protected":false},"author":1001006,"featured_media":0,"comment_status":"closed","ping_status":"open","sticky":false,"template":"","format":"standard","meta":{"_jetpack_memberships_contains_paid_content":false,"footnotes":""},"categories":[7],"tags":[45,13],"class_list":["post-40131","post","type-post","status-publish","format-standard","hentry","category-norrkoping","tag-cd","tag-musik"],"jetpack_featured_media_url":"","jetpack_sharing_enabled":true,"_links":{"self":[{"href":"https:\/\/www.kultursidan.nu\/index.php?rest_route=\/wp\/v2\/posts\/40131","targetHints":{"allow":["GET"]}}],"collection":[{"href":"https:\/\/www.kultursidan.nu\/index.php?rest_route=\/wp\/v2\/posts"}],"about":[{"href":"https:\/\/www.kultursidan.nu\/index.php?rest_route=\/wp\/v2\/types\/post"}],"author":[{"embeddable":true,"href":"https:\/\/www.kultursidan.nu\/index.php?rest_route=\/wp\/v2\/users\/1001006"}],"replies":[{"embeddable":true,"href":"https:\/\/www.kultursidan.nu\/index.php?rest_route=%2Fwp%2Fv2%2Fcomments&post=40131"}],"version-history":[{"count":6,"href":"https:\/\/www.kultursidan.nu\/index.php?rest_route=\/wp\/v2\/posts\/40131\/revisions"}],"predecessor-version":[{"id":40138,"href":"https:\/\/www.kultursidan.nu\/index.php?rest_route=\/wp\/v2\/posts\/40131\/revisions\/40138"}],"wp:attachment":[{"href":"https:\/\/www.kultursidan.nu\/index.php?rest_route=%2Fwp%2Fv2%2Fmedia&parent=40131"}],"wp:term":[{"taxonomy":"category","embeddable":true,"href":"https:\/\/www.kultursidan.nu\/index.php?rest_route=%2Fwp%2Fv2%2Fcategories&post=40131"},{"taxonomy":"post_tag","embeddable":true,"href":"https:\/\/www.kultursidan.nu\/index.php?rest_route=%2Fwp%2Fv2%2Ftags&post=40131"}],"curies":[{"name":"wp","href":"https:\/\/api.w.org\/{rel}","templated":true}]}}