{"id":40164,"date":"2019-02-13T18:48:25","date_gmt":"2019-02-13T17:48:25","guid":{"rendered":"https:\/\/intelligent-friend-7861.standoutwp.com\/?p=40164"},"modified":"2019-05-24T16:44:48","modified_gmt":"2019-05-24T15:44:48","slug":"alla-grat-iii-i-den-basta-av-varldar","status":"publish","type":"post","link":"https:\/\/www.kultursidan.nu\/?p=40164","title":{"rendered":"Alla gr\u00e4t III \u2013 I den b\u00e4sta av v\u00e4rldar"},"content":{"rendered":"<p><img loading=\"lazy\" decoding=\"async\" class=\"alignnone size-medium wp-image-40165\" src=\"https:\/\/www.kultursidan.nu\/wp-content\/uploads\/2019\/02\/DSCF6275-567x378.jpg\" alt=\"\" width=\"567\" height=\"378\" srcset=\"https:\/\/www.kultursidan.nu\/wp-content\/uploads\/2019\/02\/DSCF6275-567x378.jpg 567w, https:\/\/www.kultursidan.nu\/wp-content\/uploads\/2019\/02\/DSCF6275-768x512.jpg 768w, https:\/\/www.kultursidan.nu\/wp-content\/uploads\/2019\/02\/DSCF6275-1024x683.jpg 1024w, https:\/\/www.kultursidan.nu\/wp-content\/uploads\/2019\/02\/DSCF6275-150x100.jpg 150w, https:\/\/www.kultursidan.nu\/wp-content\/uploads\/2019\/02\/DSCF6275-500x333.jpg 500w, https:\/\/www.kultursidan.nu\/wp-content\/uploads\/2019\/02\/DSCF6275.jpg 1200w\" sizes=\"auto, (max-width: 567px) 100vw, 567px\" \/><br \/>\n<em>Tidsvittne. Mats Eriksson anv\u00e4nder portr\u00e4tt fr\u00e5n barndomen och kombinerar med andra bilder i I den b\u00e4sta av v\u00e4rldar.<\/em><\/p>\n<p>&nbsp;<\/p>\n<h1><span style=\"color: #ff0000;\">Mats Eriksson s\u00e4rar bild \/ poesi<\/span><\/h1>\n<p>&nbsp;<\/p>\n<p>NORRK\u00d6PING <strong>\u201dAlla gr\u00e4t\u201d heter det tredelade projekt som nu n\u00e5tt slutm\u00e5let \u201dI den b\u00e4sta av v\u00e4rldar\u201d.<\/strong> I l\u00f6rdags \u00f6ppnade Mats Erikssons konstutst\u00e4llning i Galleri 7B. Kv\u00e4llen avslutades med kultursoar\u00e9 p\u00e5 Antikvariatet.<\/p>\n<p><strong>\u2013 Jag skulle paketera bild och text och t\u00e4nkte att det skulle vara i tre delar, <\/strong>ber\u00e4ttar Mats Eriksson.<\/p>\n<p>Han beskriver id\u00e9n som en v\u00e4xt som hade vattnat och f\u00e5tt att v\u00e4xa till ett f\u00f6rr\u00e5d av olika konstarter. 2014 sl\u00e4pptes en box med texter och bilder, 2016 kom hans vykortsalbum. Allt inom projektet \u201dAlla gr\u00e4t\u201d.<\/p>\n<p>Sl\u00e4ppen har \u00e4gt rum p\u00e5 Antikvariatet i Norrk\u00f6ping med kultursoar\u00e9er: h\u00f6gl\u00e4sning och musik i v\u00e4nners s\u00e4llskap.<\/p>\n<p>&nbsp;<\/p>\n<p><a title=\"Mats Eriksson, I den b\u00e4sta av v\u00e4rldar\" href=\"https:\/\/www.flickr.com\/photos\/kultursidan\/32142095497\/in\/album-72157678640844138\/\"><img loading=\"lazy\" decoding=\"async\" src=\"https:\/\/farm8.staticflickr.com\/7841\/32142095497_042369ecb9.jpg\" alt=\"Mats Eriksson, I den b\u00e4sta av v\u00e4rldar\" width=\"333\" height=\"500\" \/><\/a><br \/>\n<em>Minnet av \u2013 serie med sprayade motiv. <\/em><\/p>\n<p>&nbsp;<\/p>\n<p><strong>&#8221;Alla gr\u00e4t III \u2013 I den b\u00e4sta av v\u00e4rldar&#8221; har v\u00e4xt ur formatet.<\/strong> Nu r\u00e4cker det inte ens med en box, det kr\u00e4vs ett helt litet pop up-galleri, 7B, lokalen invid Antikvariatet.<\/p>\n<p>Entr\u00e9rummets bilder \u00e4r resultatet av pilliga collage d\u00e4r Mats Eriksson kombinerat en bild av sig sj\u00e4lv som pojke med helt andra motiv. Pojken med f\u00e5glar, med tr\u00e4d, en brinnande skog, ett stort rum som domineras av en soffa, en krigsh\u00e4rjad stadsgata.<\/p>\n<p>\u2013 Det \u00e4r handgjort, sl\u00f6jd. Jag har klippt och klistrat, s\u00e4ger Mats Eriksson och beskriver hur bilderna med pojken f\u00f6rts \u00f6ver p\u00e5 overheadfilm, stoppats i f\u00e4rgad plastficka och klippts ut, kombinerats med andra bilder och sedan fotograferats \u00e4n en g\u00e5ng.<\/p>\n<p><strong>Slutresultatet ger en grafisk k\u00e4nsla av helhet.<\/strong> Men kompositionerna blir starka ber\u00e4ttelser uttalade genom barnjaget fr\u00e5n d\u00e5, som i tidshoppet till ett nu betraktar en v\u00e4rld som tycks f\u00f6r\u00f6dd och bortom hopp. Mest skr\u00e4mmande blir kanske bilden med pojken halvt f\u00f6rsvunnen i en gr\u00e4shoppssv\u00e4rm \u00f6ver torrt landskap.<\/p>\n<p>\u00c4r detta den b\u00e4sta av v\u00e4rldar? \u00c4r det vad pojken\/vi l\u00e4mnar \u00f6ver till kommande generationer? Hur kunde det bli s\u00e5? Kan det bli s\u00e5?<\/p>\n<p><strong>Det inre rummet rymmer &#8221;Minnet av&#8221; bilder skapade med annan teknik, mer pilligt sl\u00f6jdad \u00e4n den ser ut.<\/strong> Sprayade prickar med konturer av huvuden d\u00e4r t\u00e4tare prickningar anger skuggor och f\u00f6rdjupningar. Men utan anletsdrag.<\/p>\n<p>\u2013 R\u00f6ntgenbilder, f\u00f6resl\u00e5r Mats Eriksson.<\/p>\n<p>Med spikar, skruvar inuti \u201dskallen\u201d. L\u00e4tt att skapa, ot\u00e4ckt som bild, ohyggligt som tanke. \u201dSkadade\u201d, s\u00e4ger jag. \u201dErfarenheter, kanske upplevelser\u201d, svarar Mats Eriksson.<\/p>\n<p>&nbsp;<\/p>\n<p><a title=\"Mats Eriksson, I den b\u00e4sta av v\u00e4rldar\" href=\"https:\/\/www.flickr.com\/photos\/kultursidan\/33208935178\/in\/album-72157678640844138\/\"><img loading=\"lazy\" decoding=\"async\" src=\"https:\/\/farm8.staticflickr.com\/7893\/33208935178_49e3fda05a.jpg\" alt=\"Mats Eriksson, I den b\u00e4sta av v\u00e4rldar\" width=\"500\" height=\"333\" \/><\/a><br \/>\n<em>M\u00e4nskligt m\u00f6te. Mats Eriksson i Antikvariatets skyltf\u00f6nster en mer \u00e4n v\u00e4lbes\u00f6kt l\u00f6rdagskv\u00e4ll.<\/em><\/p>\n<p>&nbsp;<\/p>\n<p><strong>Det blir kultursoar\u00e9 till sist.<\/strong> F\u00f6rst i k\u00f6n st\u00e5r v\u00e4nnen Kennet Bertling, utst\u00e4llningens v\u00e4ltalande invigare och ocks\u00e5 han med r\u00f6tter i Textgrupp Daisy. Antikvariatet \u00e4r fullt till sista plats n\u00e4r Mats Eriksson l\u00e4ser sina dikter. Fl\u00f6den av associationer, vardagliga iakttagelser som staplas lakoniskt, bygger vidare och leder till ett och annat fniss.<\/p>\n<p>Patrick Lindgren kliver upp p\u00e5 skyltf\u00f6nstrets estrad. R\u00f6st och gitarr i samspel. St\u00e4mningen stiger \u00e4n mer, v\u00e4rmer. Allt \u00e4r kanske inte fel \u00e4nd\u00e5 &#8221;I den b\u00e4sta av v\u00e4rldar&#8221;.<\/p>\n<p><em>\u00a9 Text och foto: Ann-Charlotte Sandelin<\/em><\/p>\n<p>BILDSPEL \u2013 KLICKA P\u00c5 BILDENS PILAR<\/p>\n<p><a data-flickr-embed='true' href='https:\/\/www.flickr.com\/photos\/kultursidan\/albums\/72157678640844138' title='Alla gr\u00e4t III, I den b\u00e4sta av v\u00e4rldar, Mats Eriksson 2019 by Kultursidan, on Flickr'><img src='https:\/\/live.staticflickr.com\/7882\/33208935358_d9bb52bc62_z.jpg' width='800' height='600' alt='K\u00f6 in till antikvariatets kultursoar\u00e9'><\/a><script async src='https:\/\/embedr.flickr.com\/assets\/client-code.js' charset='utf-8'><\/script><\/p>\n<blockquote>\n<h4>GALLERI 7B Kn\u00e4ppingsborgsgatan 7B, Norrk\u00f6ping<\/h4>\n<p>11 februari \u2013 2 mars 2019<br \/>\n<strong>Mats Eriksson<\/strong><br \/>\n<strong>Alla gr\u00e4t III: I den b\u00e4sta av v\u00e4rldar<\/strong><br \/>\nUtst\u00e4llning<br \/>\n\u00d6ppettider: tisdag, onsdag och fredag 16.30-18.30 samt l\u00f6rdag 11\u201315<\/p>\n<p>Finissage med poesi och musik l\u00f6rdag 2 mars kl 14<\/p>\n<h4>ANTIKVARIATET Norrk\u00f6ping<\/h4>\n<p>11 februari 2019<br \/>\n<strong>Alla gr\u00e4t III: I den b\u00e4sta av v\u00e4rldar<\/strong><br \/>\nMats Eriksson (l\u00e4sning)<br \/>\nPatrick Lindgren (s\u00e5ng och gitarr)<br \/>\nArr: Antikvariatets v\u00e4nner och Antikvariatet i Norrk\u00f6ping<\/p><\/blockquote>\n<p>L\u00c4NKAR<br \/>\nI den b\u00e4sta av v\u00e4rldar <a href=\"https:\/\/www.facebook.com\/events\/1539401602872648\/\" target=\"_blank\" rel=\"noopener noreferrer\">FB-evenemang<\/a><br \/>\nAntikvariatet <a href=\"https:\/\/www.facebook.com\/pages\/Antikvariatet-i-Norrk%C3%B6ping\/155880004456321\" target=\"_blank\" rel=\"noopener noreferrer\">Facebook<\/a><br \/>\nAlla gr\u00e4t II p\u00e5 Antikvariatets Hawaiikv\u00e4ll <a href=\"https:\/\/www.kultursidan.nu\/?p=23333\" target=\"_blank\" rel=\"noopener noreferrer\">recension<\/a> Kultursidan.nu 24\/1 2016<\/p>\n","protected":false},"excerpt":{"rendered":"<p>NORRK\u00d6PING Alla gr\u00e4t heter det tredelade projekt som nu n\u00e5tt slutm\u00e5let, I den b\u00e4sta av v\u00e4rldar. I l\u00f6rdags \u00f6ppnade Mats Erikssons konstutst\u00e4llning i Galleri 7B. Kv\u00e4llen avslutades med kultursoar\u00e9 p\u00e5 Antikvariatet. <a class=\"continue-reading-link\" href=\"https:\/\/www.kultursidan.nu\/?p=40164\">L\u00e4s mer <span class=\"meta-nav\">&rarr; <\/span><\/a><\/p>\n","protected":false},"author":1001006,"featured_media":0,"comment_status":"closed","ping_status":"open","sticky":false,"template":"","format":"standard","meta":{"_jetpack_memberships_contains_paid_content":false,"footnotes":""},"categories":[7],"tags":[14,16,51,12,47],"class_list":["post-40164","post","type-post","status-publish","format-standard","hentry","category-norrkoping","tag-konst","tag-litteratur","tag-poesi","tag-teater","tag-utstallning"],"jetpack_featured_media_url":"","jetpack_sharing_enabled":true,"_links":{"self":[{"href":"https:\/\/www.kultursidan.nu\/index.php?rest_route=\/wp\/v2\/posts\/40164","targetHints":{"allow":["GET"]}}],"collection":[{"href":"https:\/\/www.kultursidan.nu\/index.php?rest_route=\/wp\/v2\/posts"}],"about":[{"href":"https:\/\/www.kultursidan.nu\/index.php?rest_route=\/wp\/v2\/types\/post"}],"author":[{"embeddable":true,"href":"https:\/\/www.kultursidan.nu\/index.php?rest_route=\/wp\/v2\/users\/1001006"}],"replies":[{"embeddable":true,"href":"https:\/\/www.kultursidan.nu\/index.php?rest_route=%2Fwp%2Fv2%2Fcomments&post=40164"}],"version-history":[{"count":5,"href":"https:\/\/www.kultursidan.nu\/index.php?rest_route=\/wp\/v2\/posts\/40164\/revisions"}],"predecessor-version":[{"id":41670,"href":"https:\/\/www.kultursidan.nu\/index.php?rest_route=\/wp\/v2\/posts\/40164\/revisions\/41670"}],"wp:attachment":[{"href":"https:\/\/www.kultursidan.nu\/index.php?rest_route=%2Fwp%2Fv2%2Fmedia&parent=40164"}],"wp:term":[{"taxonomy":"category","embeddable":true,"href":"https:\/\/www.kultursidan.nu\/index.php?rest_route=%2Fwp%2Fv2%2Fcategories&post=40164"},{"taxonomy":"post_tag","embeddable":true,"href":"https:\/\/www.kultursidan.nu\/index.php?rest_route=%2Fwp%2Fv2%2Ftags&post=40164"}],"curies":[{"name":"wp","href":"https:\/\/api.w.org\/{rel}","templated":true}]}}