{"id":40184,"date":"2019-02-14T16:05:29","date_gmt":"2019-02-14T15:05:29","guid":{"rendered":"https:\/\/intelligent-friend-7861.standoutwp.com\/?p=40184"},"modified":"2019-02-14T16:05:29","modified_gmt":"2019-02-14T15:05:29","slug":"caroline-hedbergs-spannande-vinteroga","status":"publish","type":"post","link":"https:\/\/www.kultursidan.nu\/?p=40184","title":{"rendered":"Caroline Hedbergs sp\u00e4nnande Vinter\u00f6ga"},"content":{"rendered":"<p><img loading=\"lazy\" decoding=\"async\" class=\"alignnone size-medium wp-image-40185\" src=\"https:\/\/www.kultursidan.nu\/wp-content\/uploads\/2019\/02\/VinterogaVIT-567x378.jpg\" alt=\"\" width=\"567\" height=\"378\" srcset=\"https:\/\/www.kultursidan.nu\/wp-content\/uploads\/2019\/02\/VinterogaVIT-567x378.jpg 567w, https:\/\/www.kultursidan.nu\/wp-content\/uploads\/2019\/02\/VinterogaVIT-150x100.jpg 150w, https:\/\/www.kultursidan.nu\/wp-content\/uploads\/2019\/02\/VinterogaVIT-500x333.jpg 500w, https:\/\/www.kultursidan.nu\/wp-content\/uploads\/2019\/02\/VinterogaVIT.jpg 600w\" sizes=\"auto, (max-width: 567px) 100vw, 567px\" \/><\/p>\n<p><em>Vinter\u00f6ga \u2013 Kan du se d\u00f6da \u00e4r Caroline Hedbergs debutroman.<\/em><\/p>\n<p>&nbsp;<\/p>\n<h1><span style=\"color: #ff0000;\">\u00d6vernaturliga g\u00e5vor utan New Age<\/span><\/h1>\n<p>&nbsp;<\/p>\n<p>RECENSION\/ NORRK\u00d6PING <strong>Storslaget landskap i vinterskrud.<\/strong> Flickan Vinter\u00f6ga som uppt\u00e4cker ett mord tillsamman med gudfadern Jens har \u00f6vernaturliga g\u00e5vor. Caroline Hedbergs debut \u00e4r b\u00e5de annorlunda och sp\u00e4nnande.<\/p>\n<p><strong>Caroline Hedberg fr\u00e5n Norrk\u00f6ping debuterade med sin f\u00f6rsta roman <em>Vinter\u00f6ga \u2013 Kan du se d\u00f6da?<\/em> 2018.<\/strong> Den \u00e4r t\u00e4nkt att bli en trilogi och <em>Kan du se d\u00f6da?<\/em> \u00e4r den f\u00f6rsta delen. M\u00e5nga l\u00e4sare har redan h\u00f6rt av sig och fr\u00e5gat n\u00e4r del tv\u00e5 kommer.<\/p>\n<p>\u2013 Jag hoppas att jag kan ge ut del tv\u00e5 under 2019, \u00e4r Caroline Hedbergs svar.<\/p>\n<p><strong><em>Vinter\u00f6ga \u2013 Kan du se d\u00f6da?<\/em> utspelar sig i \u00d6verkalix och ner emot Skellefte\u00e5, trakter som f\u00f6rfattaren inte bes\u00f6kt.<\/strong> \u00c4nd\u00e5 beskriver hon det storslagna landskapet i vinterskrud s\u00e5 att jag, som ofta varit d\u00e4r, k\u00e4nner igen mig. Jag k\u00e4nner verkligen den bistra kylan, hur andetag n\u00e4stan fryser till is, hur det sticker i skinnet som en riktig vinter d\u00e4ruppe g\u00f6r.<\/p>\n<p>Man h\u00f6r hur brasor sprakar och k\u00e4nner hur den v\u00e4rmer n\u00e4r en riktig kall vinterdag har tagit tag i ens kropp. Har man upplevt s\u00e5dant sj\u00e4lv s\u00e5 vet man att flammande norrsken och glimmande midnattssol p\u00e5 n\u00e5got s\u00e4tt placerar m\u00e4nniskan som en liten pusselbit i v\u00e4rldsalltet och att det finns n\u00e5got andligt i landskapet som vilar i naturen utan att vara n\u00e5got flummigt.<\/p>\n<p>&nbsp;<\/p>\n<p><a title=\"Caroline Hedberg \u2013 Vinter\u00f6ga\" href=\"https:\/\/www.flickr.com\/photos\/kultursidan\/32151489667\/in\/album-72157678663838998\/\"><img loading=\"lazy\" decoding=\"async\" src=\"https:\/\/farm8.staticflickr.com\/7922\/32151489667_01638ca7f0.jpg\" alt=\"Caroline Hedberg \u2013 Vinter\u00f6ga\" width=\"500\" height=\"336\" \/><\/a><br \/>\n<em>Caroline Hedberg presenterade Vinter\u00f6ga vid ett evenemang tillsammans med andra egenutgivare p\u00e5 Norrk\u00f6pings stadsbibliotek i december 2018.<\/em><\/p>\n<p>&nbsp;<\/p>\n<p><strong>Vinter\u00f6ga, en av bokens tv\u00e5 huvudkarakt\u00e4rer, \u00e4r ett vackert namn p\u00e5 en flicka.<\/strong> Hon har \u00f6vernaturliga g\u00e5vor, vilket kan vara sv\u00e5rt att skriva om utan att det blir f\u00f6rl\u00f6jligande eller f\u00f6r mycket sagoskimmer \u00f6ver det hela.<\/p>\n<p>Caroline Hedberg har p\u00e5 ett enkelt och naturligt s\u00e4tt l\u00e5tit Vinter\u00f6ga ha de h\u00e4r g\u00e5vorna utan att s\u00e4tta henne i en New Age-nisch.<\/p>\n<p><strong>Att vara ett barn med \u00f6vernaturliga f\u00f6rm\u00e5gor g\u00f6r naturligtvis att hon blir sedd som en udda figur.<\/strong> Hon f\u00e5r utst\u00e5 mobbning. F\u00f6r\u00e4ldrarna, burduse och alkoholiserade pappan Per och sjukliga mamman Marja, ser henne inte s\u00e5 det blir gudfadern Jens som blir hennes trygga punkt i livet.<\/p>\n<p>Familjef\u00f6retagaren Jens Pettersson \u00e4r en trygg man som st\u00e5r stadigt i den norrl\u00e4ndska myllan. De tv\u00e5 har en n\u00e4ra relation och b\u00e5da tv\u00e5 \u00e4r beskyddande emot varandra.<\/p>\n<p><strong>Samspelet mellan Jens och Vinter\u00f6ga \u00e4r en drivande del i historien.<\/strong> Jag vet inte med mig att jag tidigare l\u00e4st en sp\u00e4nningsroman d\u00e4r huvudkarakt\u00e4ren \u00e4r ett barn men det funkar v\u00e4ldigt bra. Vinter\u00f6ga har ett skarpt intellekt och analytisk f\u00f6rm\u00e5ga samtidigt som hon \u00e4r en iakttagare.<\/p>\n<p>Att Vinter\u00f6ga bara \u00e4r nio \u00e5r kunde ocks\u00e5 ha inneburit att boken hamnat i ungdomsbokskategorin men f\u00f6rfattaren har verkligen gjort henne till en personlighet med en vuxen sj\u00e4l i en ung kropp.<\/p>\n<p>Jens driver familjef\u00f6retaget vidare i sin fars anda och det \u00e4r via n\u00e5gra anst\u00e4llda som mordhistorien kommer i dagen. Det h\u00e4nder mycket och man k\u00e4nner utmattningen som b\u00e5de Jens och Vinter\u00f6ga drabbas av. \u00d6vriga personer \u00e4r ett galleri som spelas ut mot varandra beroende p\u00e5 samh\u00e4llsklyftor.<\/p>\n<p><strong>Caroline Hedberg har redan fr\u00e5n b\u00f6rjan hittat sitt spr\u00e5k och ber\u00e4ttarstil.<\/strong> Hon har ett bra spr\u00e5kbruk och en bra rytm i sitt skrivande. Jag h\u00f6r norrl\u00e4ndskans s\u00e4vliga dialekt som fungerar oerh\u00f6rt bra mot mordhistoriens snabba kast. Mycket utspelas p\u00e5 det psykologiska planet, vilket jag tycker \u00e4r mer sp\u00e4nnande \u00e4n en massa blodsplatter.<\/p>\n<p>Boken \u00e4r sp\u00e4nnande och blev str\u00e4ckl\u00e4sning. Den h\u00f6ll mig vaken till 03.34 vilket k\u00e4nns klockrent eftersom det \u00e4r ett klockslag som \u00e4r av betydelse och en r\u00f6d tr\u00e5d igenom boken.<\/p>\n<p><strong>Boken har lite annorlunda och udda v\u00e4ndningar mot vad man normalt s\u00e4tt f\u00f6rv\u00e4ntar sig av en sp\u00e4nningsroman men det ger bara en \u00e4nnu b\u00e4ttre l\u00e4supplevelse.<\/strong> Jag, som andra l\u00e4sare, hoppas att del tv\u00e5 kommer snart f\u00f6r del ett l\u00e4mnar en del fr\u00e5gor som man vill f\u00e5 svar p\u00e5.<\/p>\n<p>Jag tror att vi kommer f\u00e5 se mycket mer av denna debutant!<\/p>\n<p><em>\u00a9 Text: Christina Wernersson<\/em><br \/>\n<em>\u00a9 Foto: Ann-Charlotte Sandelin<\/em><\/p>\n<blockquote>\n<h4>SP\u00c4NNINGSROMAN<\/h4>\n<p><strong>Vinter\u00f6ga\u2028<\/strong><br \/>\nCaroline Hedberg<br \/>\nEget f\u00f6rlag 2018<\/p><\/blockquote>\n<p>L\u00c4NKAR<br \/>\nCaroline Hedberg <a href=\"https:\/\/www.facebook.com\/forfattarecarolinehedberg\/\" target=\"_blank\" rel=\"noopener\">Facebook<\/a><br \/>\nNytryckt x 4 p\u00e5 Stadsbiblioteket <a href=\"https:\/\/www.kultursidan.nu\/?p=39444\" target=\"_blank\" rel=\"noopener\">reportage<\/a> Kultursidan.nu 14\/12 2018<\/p>\n","protected":false},"excerpt":{"rendered":"<p>RECENSION\/ NORRK\u00d6PING Storslaget landskap i vinterskrud. Flickan Vinter\u00f6ga som uppt\u00e4cker ett mord tillsamman med gudfadern Jens har \u00f6vernaturliga g\u00e5vor. Caroline Hedbergs debut \u00e4r b\u00e5de annorlunda och sp\u00e4nnande. <a class=\"continue-reading-link\" href=\"https:\/\/www.kultursidan.nu\/?p=40184\">L\u00e4s mer <span class=\"meta-nav\">&rarr; <\/span><\/a><\/p>\n","protected":false},"author":1001006,"featured_media":0,"comment_status":"closed","ping_status":"open","sticky":false,"template":"","format":"standard","meta":{"_jetpack_memberships_contains_paid_content":false,"footnotes":""},"categories":[64,7],"tags":[16],"class_list":["post-40184","post","type-post","status-publish","format-standard","hentry","category-litteratur-2","category-norrkoping","tag-litteratur"],"jetpack_featured_media_url":"","jetpack_sharing_enabled":true,"_links":{"self":[{"href":"https:\/\/www.kultursidan.nu\/index.php?rest_route=\/wp\/v2\/posts\/40184","targetHints":{"allow":["GET"]}}],"collection":[{"href":"https:\/\/www.kultursidan.nu\/index.php?rest_route=\/wp\/v2\/posts"}],"about":[{"href":"https:\/\/www.kultursidan.nu\/index.php?rest_route=\/wp\/v2\/types\/post"}],"author":[{"embeddable":true,"href":"https:\/\/www.kultursidan.nu\/index.php?rest_route=\/wp\/v2\/users\/1001006"}],"replies":[{"embeddable":true,"href":"https:\/\/www.kultursidan.nu\/index.php?rest_route=%2Fwp%2Fv2%2Fcomments&post=40184"}],"version-history":[{"count":1,"href":"https:\/\/www.kultursidan.nu\/index.php?rest_route=\/wp\/v2\/posts\/40184\/revisions"}],"predecessor-version":[{"id":40186,"href":"https:\/\/www.kultursidan.nu\/index.php?rest_route=\/wp\/v2\/posts\/40184\/revisions\/40186"}],"wp:attachment":[{"href":"https:\/\/www.kultursidan.nu\/index.php?rest_route=%2Fwp%2Fv2%2Fmedia&parent=40184"}],"wp:term":[{"taxonomy":"category","embeddable":true,"href":"https:\/\/www.kultursidan.nu\/index.php?rest_route=%2Fwp%2Fv2%2Fcategories&post=40184"},{"taxonomy":"post_tag","embeddable":true,"href":"https:\/\/www.kultursidan.nu\/index.php?rest_route=%2Fwp%2Fv2%2Ftags&post=40184"}],"curies":[{"name":"wp","href":"https:\/\/api.w.org\/{rel}","templated":true}]}}