{"id":40366,"date":"2019-02-22T20:56:00","date_gmt":"2019-02-22T19:56:00","guid":{"rendered":"https:\/\/intelligent-friend-7861.standoutwp.com\/?p=40366"},"modified":"2019-02-23T09:33:59","modified_gmt":"2019-02-23T08:33:59","slug":"creutzer-och-adelmann-ater-pa-np33","status":"publish","type":"post","link":"https:\/\/www.kultursidan.nu\/?p=40366","title":{"rendered":"Creutzer och Adelmann \u00e5ter p\u00e5 NP33"},"content":{"rendered":"<p><img loading=\"lazy\" decoding=\"async\" class=\"alignnone size-medium wp-image-40368\" src=\"https:\/\/www.kultursidan.nu\/wp-content\/uploads\/2019\/02\/DSCF6541-567x399.jpg\" alt=\"\" width=\"567\" height=\"399\" srcset=\"https:\/\/www.kultursidan.nu\/wp-content\/uploads\/2019\/02\/DSCF6541-567x399.jpg 567w, https:\/\/www.kultursidan.nu\/wp-content\/uploads\/2019\/02\/DSCF6541-768x541.jpg 768w, https:\/\/www.kultursidan.nu\/wp-content\/uploads\/2019\/02\/DSCF6541-1024x721.jpg 1024w, https:\/\/www.kultursidan.nu\/wp-content\/uploads\/2019\/02\/DSCF6541-150x106.jpg 150w, https:\/\/www.kultursidan.nu\/wp-content\/uploads\/2019\/02\/DSCF6541-473x333.jpg 473w, https:\/\/www.kultursidan.nu\/wp-content\/uploads\/2019\/02\/DSCF6541.jpg 1200w\" sizes=\"auto, (max-width: 567px) 100vw, 567px\" \/><br \/>\n<em>Monsieur Lune under Into the blue(s). Skulpt\u00f6ren Caroline Creutzer och fotografen Hel\u00e9na Adelmann st\u00e4ller ut tillsammans p\u00e5 Galleri Sander\/NP33.<\/em><\/p>\n<p>&nbsp;<\/p>\n<h1><span style=\"color: #ff0000;\">S\u00e5klart de \u00e4r fulla av ber\u00e4ttelser<\/span><\/h1>\n<p>&nbsp;<\/p>\n<p>NORRK\u00d6PING <strong>T\u00e5lamod och l\u00e4tthet.<\/strong> Caroline Creutzer och Hel\u00e9na Adelmann m\u00f6ts igen, nu under temat &#8221;SagoLikt&#8221;, p\u00e5 Galleri Sander\/NP33. Mycket har h\u00e4nt sedan sist. Den strama skulpt\u00f6ren har hittat ett nytt, och f\u00e4rgsprakande uttryck, medan fotografen n\u00f6rdat in sig med ett nytt objektiv.<\/p>\n<p><strong>Galleristen Joakim Sander sammanf\u00f6rde Caroline Creutzer och Hel\u00e9na Adelmann f\u00f6r fyra \u00e5r sedan.<\/strong> Utst\u00e4llningen d\u00e5 hette &#8221;V\u00e5rk\u00e4nslor&#8221;. Nu st\u00e4ller de goda v\u00e4nnerna, f\u00f6r det har de blivit p\u00e5 kuppen, ut tillsammans igen \u2013 temat \u00e4r &#8221;SagoLikt&#8221;.<\/p>\n<p>&nbsp;<\/p>\n<p><a title=\"Hel\u00e9na Adelmann och Caroline Creutzer\" href=\"https:\/\/www.flickr.com\/photos\/kultursidan\/32237026747\/in\/album-72157703578005062\/\"><img loading=\"lazy\" decoding=\"async\" src=\"https:\/\/farm8.staticflickr.com\/7896\/32237026747_413dfcc3fc.jpg\" alt=\"Hel\u00e9na Adelmann och Caroline Creutzer\" width=\"500\" height=\"333\" \/><\/a><br \/>\n<em>Hel\u00e9na Adelmanns B\u00e5ten &amp; Dimman och Caroline Creutzers Flickan p\u00e5 klippan ur serien Stj\u00e4rnsk\u00e5darna. Uppifr\u00e5n ser bronsskulturen ut som en stj\u00e4rna.<\/em><\/p>\n<p>&nbsp;<\/p>\n<h2>Creutzer &amp; Adelmann<\/h2>\n<p>&nbsp;<\/p>\n<p><strong>Caroline Creutzers skulpturer intar glasgalleriet medan Hel\u00e9na Adelmanns fotografier fyller v\u00e4garna i rummen utanf\u00f6r.<\/strong> De m\u00f6ts under m\u00e5nen och stj\u00e4rnorna. Allts\u00e5 hos <em>Monsieur Lune<\/em> som Caroline Creutzer gjort som svar p\u00e5 Hel\u00e9ne Adelmanns vinterlandskap <em>Into the blue(s)<\/em> och vid <em>Flickan p\u00e5 klippan<\/em> som sitter intill ekan i \u00c5gelsj\u00f6n, <em>B\u00e5ten &amp; Dimman,<\/em> och tittar upp mot stj\u00e4rnorna.<\/p>\n<p><strong>Till dessa verk finns ber\u00e4ttelser, s\u00e5klart finns det ber\u00e4ttelser till alla deras verk.<\/strong> Hel\u00e9na Adelmanns rymmer ofta hunden. Hunden som kr\u00e4ver sina promenader, morgon, middag och kv\u00e4ll, varje dag, alla \u00e5rstider. Det leder till Kolm\u00e5rdssj\u00f6arna utanf\u00f6r \u00c5by. Hunden som s\u00e4llskap p\u00e5 fotojakt, som den d\u00e4r vinterdagen med timmar av fruktl\u00f6st letande.<\/p>\n<p>\u2013 S\u00e5 sv\u00e4nger jag hem p\u00e5 v\u00e5r fula v\u00e4g i Jursla. Allt \u00e4r borta i diset utom v\u00e4gen, m\u00e5nen \u00e4r uppe. Det d\u00e4r vardagliga \u00f6gonblicket, \u00e4nd\u00e5 s\u00e5 sagolikt.<\/p>\n<p><strong>Caroline Creutzers svar p\u00e5 <em>Into the blue(s)<\/em> blev allts\u00e5 en m\u00e5ngubbe, han i halvm\u00e5nen.<\/strong> Alabastern, stenen som \u00e4r besl\u00e4ktad med gips, p\u00e5minner om m\u00e5nen som den ser ut just p\u00e5 dagen, l\u00e4tt transparent. Hon visar och l\u00e5ter mobilens ficklampa lysa genom <em>Monsieur Lune<\/em> .<\/p>\n<p>\u201dBroccoli-alabaster\u201d s\u00e4ger hon och letar fram en mobilbild d\u00e4r stenklumpen v\u00e4ntar, n\u00e5gra svarta streck markerar skulpt\u00f6rens tankar. Och som en broccolis por\u00f6sa och sk\u00f6ra yttre ser den ut. Nu kan vi se hur det konkava ansiktets \u00f6gon och n\u00e4sa har r\u00e4ddats ur stenen, det \u00e4r n\u00e4tt och j\u00e4mt. M\u00e5nens baksida \u00e4r dock sl\u00e4t och fint polerad, ansiktets kanter just det.<\/p>\n<p>Kantighet mot det mjuka \u00e4r skulpt\u00f6rens signum oavsett material.<\/p>\n<p>&nbsp;<\/p>\n<p><a title=\"Caroline Creutzer \u2013 La Vague IX (brons), VII (Carraramarmor) och XII (alabaster)\" href=\"https:\/\/www.flickr.com\/photos\/kultursidan\/46264661185\/in\/album-72157678880631918\/\"><img loading=\"lazy\" decoding=\"async\" src=\"https:\/\/farm8.staticflickr.com\/7824\/46264661185_e4661a9b23.jpg\" alt=\"Caroline Creutzer \u2013 La Vague IX (brons), VII (Carraramarmor) och XII (alabaster)\" width=\"500\" height=\"333\" \/><\/a><br \/>\n<em>V\u00e5gor i islossning. Caroline Creutzer \u2013 La Vague IX (brons), VII (Carraramarmor) och XII (alabaster).<\/em><\/p>\n<p>&nbsp;<\/p>\n<h2>Caroline Creutzer<\/h2>\n<p>&nbsp;<\/p>\n<p><strong>Caroline Creutzers verk intar allts\u00e5 det inglasade galleriet, smiter ut ibland.<\/strong> Mjukt rundade, finslipade skulpturer i sten och brons.<\/p>\n<p>Bronsen som byggs i flera steg, fr\u00e5n st\u00e5ltr\u00e5dsskelett och lera med och utan gips till dess att den \u00e4r redo f\u00f6r avgjutning. I avgjutningen h\u00e4lls den heta metallegeringen och n\u00e4r allt stelnat och svalnat vidtar slipning och putsning. Alltid att detalj f\u00e5r en h\u00f6gglansig yta. Som bj\u00f6rnungarnas tassar, kattens t\u00e4ttslutande (fornegyptiska?) hj\u00e4lm eller \u00e4lgens horn.<\/p>\n<p><strong>\u2013 Jag \u00e4lskar sten, s\u00e4ger Caroline Creutzer om det kanske mest t\u00e5lamodspr\u00f6vande av alla material.<\/strong><\/p>\n<p>Den sv\u00e5ra alabastern som \u00e4r lurig och samtidigt s\u00e5 full av liv, \u00e5drad. Den vita marmorn fr\u00e5n Carrara, men ocks\u00e5 Kolm\u00e5rdsmarmorn och andra stenar som skulpt\u00f6ren ger liv, r\u00f6relse och skuggspel.<\/p>\n<p><em>Abbracci dell\u2019amicizia<\/em> (v\u00e4nskaps-omfamning) l\u00e5ter den vita och den gr\u00f6na marmorn slingra om varandra tillsammans med kolsvart diabas. Ett statement, l\u00e5ter hon f\u00f6rst\u00e5.<\/p>\n<p>\u2013 Barn kan det h\u00e4r. De ser bortom k\u00f6n, hudf\u00e4rg och religion.<\/p>\n<p><strong>V\u00e5gor och islossning har fascinerat l\u00e4nge.<\/strong> De tre skulpturerna <em>La Vague VII, IX, XII,<\/em> tv\u00e5 i sten och en i brons, rullar och lyfter. D\u00e4r m\u00e5lare g\u00e4rna f\u00e5ngar havets m\u00e5nga v\u00e5gor g\u00e5r Caroline Creutzer p\u00e5 djupet med bara en i taget, en rullar, en h\u00f6jer sig.<\/p>\n<p>\u2013 Jag gick i Br\u00e5viken och s\u00e5g islossningen. S\u00e5g hur vattnet tryckte bort isflaken, v\u00e5gen tog \u00f6ver med isen p\u00e5 ryggen.<\/p>\n<p>Just s\u00e5.<\/p>\n<p>&nbsp;<\/p>\n<p><a title=\"Caroline Creutzer \u2013 Livsgl\u00e4dje 9, 10 samt m\u00e5lningen Dancing in the Northerns Lights, under the Half Moon\" href=\"https:\/\/www.flickr.com\/photos\/kultursidan\/47126961792\/in\/album-72157678880631918\/\"><img loading=\"lazy\" decoding=\"async\" src=\"https:\/\/farm8.staticflickr.com\/7810\/47126961792_e065a687f4.jpg\" alt=\"Caroline Creutzer \u2013 Livsgl\u00e4dje 9, 10 samt m\u00e5lningen Dancing in the Northerns Lights, under the Half Moon\" width=\"500\" height=\"333\" \/><\/a><br \/>\n<em>F\u00e4rgsprakande. Livsgl\u00e4dje 9, 10 samt m\u00e5lningen Dancing in the Northerns Lights, under the Half Moon.<\/em><\/p>\n<p>&nbsp;<\/p>\n<p><strong>Att s\u00e5ga, sl\u00e5 och slipa sten \u00e4r tungt.<\/strong> Av n\u00f6dtv\u00e5ng m\u00e5ste Caroline Creutz vila. D\u00e4rmed f\u00f6ddes serien <em>Krakel Spektakel,<\/em> harlekinglada figurer som kan snurra runt sin vertikala axel. Rentav att de f\u00e5tt s\u00e4llskap av stora m\u00e5lningar i serien <em>Joyful Dancer<\/em> (\u201djag som inte tagit i en pensel sedan jag b\u00f6rjade med skulptur).<\/p>\n<p>Inte tungt, men t\u00e5lamodskr\u00e4vande. F\u00f6r de gl\u00e4nsande figurerna med fyra lager b\u00e5tlack, p\u00e5 collage av servetter, papper, akrylf\u00e4rg, \u00e4r uppbyggda av gipsbandage omkring vikt kartong \u2013 f\u00f6r att f\u00f6renkla beskrivningen.<\/p>\n<p>H\u00e5llbart? Javisst.<\/p>\n<p>&nbsp;<\/p>\n<p><a title=\"Hel\u00e9na Adelmann\" href=\"https:\/\/www.flickr.com\/photos\/kultursidan\/46264634155\/in\/album-72157703578005062\/\"><img loading=\"lazy\" decoding=\"async\" src=\"https:\/\/farm8.staticflickr.com\/7810\/46264634155_e91ddf72c2.jpg\" alt=\"Hel\u00e9na Adelmann\" width=\"500\" height=\"356\" \/><\/a><br \/>\n<em>Hel\u00e9na Adelmanns Till minne av Fem\u00f6resbron. Den \u00e4r d\u00e4r \u2013 och \u00e4nd\u00e5 inte.<\/em><\/p>\n<p>&nbsp;<\/p>\n<h2>Hel\u00e9na Adelmann<\/h2>\n<p>&nbsp;<\/p>\n<p><strong>Hel\u00e9na Adelmann har presenterat sina blommor och reseminnen h\u00e4r p\u00e5 Galleri Sander\/NP33vid flera tillf\u00e4llen tidigare.<\/strong> Nu g\u00f6r hon det om igen, fast p\u00e5 nya s\u00e4tt. Och lika intagande och vackert.<\/p>\n<p>Teknikn\u00f6rden i henne monterar panoramabilden \u00f6ver Paris tak, <em>Les Toits de Paris<\/em>, (\u201dtornet i Montmartre har ingen k\u00f6 och man kan se Eiffeltornet d\u00e4rifr\u00e5n\u201d) p\u00e5 gl\u00e4nsande glas. Medan den d\u00e4r <em>B\u00e5ten &amp; Dimman<\/em> fr\u00e5n \u00c5gelsj\u00f6n (hundpromenad) stannar innanf\u00f6r mattaste plexiglas som l\u00e5tsas som om dimman bara \u00e4r ett andetag bort. Ett par vinterbilder \u00e4r tryckta p\u00e5 aluminiumpl\u00e5t, isbl\u00e5 skog och sj\u00f6 och solens l\u00e5ga gyllenfl\u00f6de.<\/p>\n<p><strong>Hel\u00e9na Adelmann \u00e4r skicklig, t\u00e5lmodig bildbehandlare i datorn.<\/strong> Sagolik \u00e4r dubbelkopierade bj\u00f6rksj\u00f6n, <em>Viktor i John Bauers saga,<\/em> allts\u00e5 \u00c4lgsj\u00f6n med sonen p\u00e5 en klippa men fylld av t\u00e4ta bj\u00f6rkstammar. Liksom hyllningen <em>Till den borttagna Fem\u00f6resbron<\/em>, inkopierad \u00f6ver Str\u00f6mmens fl\u00f6de. H\u00e4r, som s\u00e5 ofta, kopierar hon bilderna p\u00e5 Photorag, ett akvarelliknande papper som ger en mjuk och varm ton.<\/p>\n<p>Att fotografera g\u00e5r fort, en bild tar br\u00e5kdelen av en sekund. \u00c4ven om <em>Natt i Industrilandskapet<\/em> en stilla kv\u00e4ll tog en hel minut att f\u00e5nga med \u00f6ppen slutare. Vilket gav en gl\u00f6dande tegelv\u00e4gg och diffusa nattmoln.<\/p>\n<p>&nbsp;<\/p>\n<p><a title=\"Hel\u00e9na Adelmann\" href=\"https:\/\/www.flickr.com\/photos\/kultursidan\/47126926792\/in\/album-72157703578005062\/\"><img loading=\"lazy\" decoding=\"async\" src=\"https:\/\/farm8.staticflickr.com\/7848\/47126926792_cb16d75e50.jpg\" alt=\"Hel\u00e9na Adelmann\" width=\"500\" height=\"319\" \/><\/a><br \/>\n<em>Blommor f\u00e5ngade med specialteknik. H\u00e4r r\u00e4cker inte Hel\u00e9na Adelmanns vanliga makroobjektiv.<\/em><\/p>\n<p>&nbsp;<\/p>\n<p><strong>Men de nyaste blomsterbilderna tar timmar.<\/strong> Hel\u00e9na Adelmann har uppt\u00e4ckt ett helt nytt objektiv, som kr\u00e4ver att fotografen placerar sk\u00e4rpa och bl\u00e4ndare manuellt. T\u00e5lamodet igen. Resultatet \u00e4r skirt och sk\u00f6nt, v\u00e4xtlighet som kommer till m\u00f6tes och flyr undan. Sagolikt och l\u00e4tt.<\/p>\n<p><strong>Ibland \u00e4r det bara \u00f6gonblicket.<\/strong> Som de unga kvinnorna fr\u00e5n f\u00f6rra sekelskiftet som sitter i tr\u00e4dg\u00e5rden en <em>Sommarstund<\/em> \u2013 har hon pr\u00f6vat att f\u00f6lja Skagenm\u00e5larna? Nej, det \u00e4r fr\u00e5n gamla Link\u00f6ping, d\u00e4r Hel\u00e9na Adelmann har sommargalleri, och d\u00e4r guiderna r\u00f6r sig fritt i milj\u00f6n.<\/p>\n<p><em>\u00a9 Text och foto: Ann-Charlotte Sandelin\u2028<\/em><\/p>\n<p>CAROLINE CREUTZER \u2013 BILDSPEL \u2013 KLICKA P\u00c5 BILDENS PILAR<\/p>\n<p><a data-flickr-embed='true' href='https:\/\/www.flickr.com\/photos\/kultursidan\/albums\/72157678880631918' title='Caroline Creutzer, Galleri Sander\/NP33 2019 by Kultursidan, on Flickr'><img src='https:\/\/live.staticflickr.com\/7803\/46264661375_d1c0e261db_z.jpg' width='800' height='600' alt='Caroline Creutzer \u2013 Brunbj\u00f6rsungen, Mademoiselle Tashi E.'><\/a><script async src='https:\/\/embedr.flickr.com\/assets\/client-code.js' charset='utf-8'><\/script><\/p>\n<p>HEL\u00c9NA ADELMANN \u2013 BILDSPEL \u2013 KLICKA P\u00c5 BILDENS PILAR<\/p>\n<p><a data-flickr-embed='true' href='https:\/\/www.flickr.com\/photos\/kultursidan\/sets\/72157703578005062' title='Hel\u00e9na Adelmann, Galleri Sander\/NP33 2019 by Kultursidan, on Flickr'><img src='https:\/\/live.staticflickr.com\/7917\/32237027587_e2de60dea3_z.jpg' width='800' height='600' alt='Hel\u00e9na Adelmann \u2013 n\u00e4rmast The Sound of Water, i fonden Flower Power, till h\u00f6ger Into the blue(s), samt Caroline Creutzer skulptur Monsieur Lune'><\/a><script async src='https:\/\/embedr.flickr.com\/assets\/client-code.js' charset='utf-8'><\/script><\/p>\n<blockquote>\n<h4>GALLERI SANDER \/ NP33 Norrk\u00f6ping<\/h4>\n<p>Vinter\u2013v\u00e5r 2019<br \/>\n<strong>Utst\u00e4llningar<\/strong><\/p>\n<p style=\"padding-left: 40px;\">2\u201320 februari<br \/>\n<strong>Jeanette W\u00e5hlstrand<\/strong> skulptur\/keramik<br \/>\n<strong>Madeleine Pyk<\/strong> m\u00e5lningar, grafik<br \/>\n<strong>Camilla Pyk<\/strong> m\u00e5lningar, grafik<br \/>\n<strong>Margot Luf<\/strong> skulptur\/brons<br \/>\n<strong>Elisabeth Zeilon<\/strong> fotografi<\/p>\n<div>23 februari\u201316 mars<br \/>\n<strong>Helena Adelmann <\/strong>f<em>oto<\/em><strong><br \/>\nCaroline Creutzer <\/strong><em>skulptur<\/em><\/div>\n<div>Vernissage l\u00f6rdag 23\/2 kl 11.30\u201315<br \/>\ns\u00f6ndag 24\/2 kl 12\u201315<br \/>\nKonstn\u00e4rerna \u00e4r p\u00e5 plats l\u00f6rdag 2\/3 kl 11.30\u201315<br \/>\nFinnissage med Hel\u00e9na Adelmann l\u00f6rdag 16\/3 kl 11.30\u201315<\/div>\n<div><\/div>\n<div style=\"padding-left: 40px;\">6\u201327 april<br \/>\n<strong>Pontus Carle<\/strong><em> m\u00e5lningar<br \/>\n<\/em><strong>Lambert Werner <\/strong><em>m\u00e5lningar<\/em><strong><br \/>\nSolveig Herrstr\u00f6m<\/strong><em> foto<\/em><em><br \/>\n<\/em><strong>Peter Wendell <\/strong><em>foto<\/em><\/div>\n<div style=\"padding-left: 40px;\"><\/div>\n<div style=\"padding-left: 40px;\">4 maj\u20131 juni<br \/>\n<strong>Mats Stammarn\u00e4s <\/strong><em>m\u00e5lningar<\/em><\/div>\n<\/blockquote>\n<p>L\u00c4NKAR<br \/>\nHel\u00e9na Adelmann <a title=\"Hel\u00e9na Adelmann\" href=\"http:\/\/adelmannphotoart.se\" target=\"_blank\" rel=\"noopener noreferrer\">hemsida <\/a><br \/>\nCaroline Creutzer <a title=\"Caroline Creutzer\" href=\"http:\/\/www.carolinecreutzer.com\" target=\"_blank\" rel=\"noopener noreferrer\">hemsida<\/a><br \/>\nGalleri Sander\/NP33 <a href=\"http:\/\/www.np33.se\" target=\"_blank\" rel=\"noopener noreferrer\">hemsida<\/a> <a href=\"https:\/\/www.facebook.com\/np33.se?fref=ts\" target=\"_blank\" rel=\"noopener noreferrer\">Facebook<\/a><br \/>\nPyk &amp; Pyk i b\u00e4sta s\u00e4llskap p\u00e5 NP33 <a href=\"https:\/\/www.kultursidan.nu\/?p=40014\" target=\"_blank\" rel=\"noopener noreferrer\">recension<\/a> Kultursidan.nu 4\/2 2019<br \/>\nV\u00e5rk\u00e4nslor i brons, sten och foto p\u00e5 NP33 <a href=\"https:\/\/www.kultursidan.nu\/?p=19042\" target=\"_blank\" rel=\"noopener noreferrer\">reportage<\/a> Kultursidan.nu 2\/3 2015<\/p>\n","protected":false},"excerpt":{"rendered":"<p>NORRK\u00d6PING T\u00e5lamod och l\u00e4tthet. Caroline Creutzer och Hel\u00e9na Adelmann m\u00f6ts igen, nu under temat SagoLikt, p\u00e5 Galleri Sander\/NP33. Mycket har h\u00e4nt sedan sist. Den strama skulpt\u00f6ren har hittat ett nytt, och f\u00e4rgsprakande uttryck, medan fotografen n\u00f6rdat in sig med ett nytt objektiv. <a class=\"continue-reading-link\" href=\"https:\/\/www.kultursidan.nu\/?p=40366\">L\u00e4s mer <span class=\"meta-nav\">&rarr; <\/span><\/a><\/p>\n","protected":false},"author":1001006,"featured_media":0,"comment_status":"closed","ping_status":"open","sticky":false,"template":"","format":"standard","meta":{"_jetpack_memberships_contains_paid_content":false,"footnotes":""},"categories":[7],"tags":[17,14,47],"class_list":["post-40366","post","type-post","status-publish","format-standard","hentry","category-norrkoping","tag-foto","tag-konst","tag-utstallning"],"jetpack_featured_media_url":"","jetpack_sharing_enabled":true,"_links":{"self":[{"href":"https:\/\/www.kultursidan.nu\/index.php?rest_route=\/wp\/v2\/posts\/40366","targetHints":{"allow":["GET"]}}],"collection":[{"href":"https:\/\/www.kultursidan.nu\/index.php?rest_route=\/wp\/v2\/posts"}],"about":[{"href":"https:\/\/www.kultursidan.nu\/index.php?rest_route=\/wp\/v2\/types\/post"}],"author":[{"embeddable":true,"href":"https:\/\/www.kultursidan.nu\/index.php?rest_route=\/wp\/v2\/users\/1001006"}],"replies":[{"embeddable":true,"href":"https:\/\/www.kultursidan.nu\/index.php?rest_route=%2Fwp%2Fv2%2Fcomments&post=40366"}],"version-history":[{"count":7,"href":"https:\/\/www.kultursidan.nu\/index.php?rest_route=\/wp\/v2\/posts\/40366\/revisions"}],"predecessor-version":[{"id":40377,"href":"https:\/\/www.kultursidan.nu\/index.php?rest_route=\/wp\/v2\/posts\/40366\/revisions\/40377"}],"wp:attachment":[{"href":"https:\/\/www.kultursidan.nu\/index.php?rest_route=%2Fwp%2Fv2%2Fmedia&parent=40366"}],"wp:term":[{"taxonomy":"category","embeddable":true,"href":"https:\/\/www.kultursidan.nu\/index.php?rest_route=%2Fwp%2Fv2%2Fcategories&post=40366"},{"taxonomy":"post_tag","embeddable":true,"href":"https:\/\/www.kultursidan.nu\/index.php?rest_route=%2Fwp%2Fv2%2Ftags&post=40366"}],"curies":[{"name":"wp","href":"https:\/\/api.w.org\/{rel}","templated":true}]}}