{"id":40382,"date":"2019-02-24T16:14:14","date_gmt":"2019-02-24T15:14:14","guid":{"rendered":"https:\/\/intelligent-friend-7861.standoutwp.com\/?p=40382"},"modified":"2019-02-24T16:14:14","modified_gmt":"2019-02-24T15:14:14","slug":"rosa-liksom-censurerar-ingenting","status":"publish","type":"post","link":"https:\/\/www.kultursidan.nu\/?p=40382","title":{"rendered":"Rosa Liksom censurerar ingenting"},"content":{"rendered":"<p><img loading=\"lazy\" decoding=\"async\" class=\"alignnone size-medium wp-image-40383\" src=\"https:\/\/www.kultursidan.nu\/wp-content\/uploads\/2019\/02\/IMG_2126-567x374.jpg\" alt=\"\" width=\"567\" height=\"374\" srcset=\"https:\/\/www.kultursidan.nu\/wp-content\/uploads\/2019\/02\/IMG_2126-567x374.jpg 567w, https:\/\/www.kultursidan.nu\/wp-content\/uploads\/2019\/02\/IMG_2126-768x507.jpg 768w, https:\/\/www.kultursidan.nu\/wp-content\/uploads\/2019\/02\/IMG_2126-1024x676.jpg 1024w, https:\/\/www.kultursidan.nu\/wp-content\/uploads\/2019\/02\/IMG_2126-150x99.jpg 150w, https:\/\/www.kultursidan.nu\/wp-content\/uploads\/2019\/02\/IMG_2126-505x333.jpg 505w, https:\/\/www.kultursidan.nu\/wp-content\/uploads\/2019\/02\/IMG_2126.jpg 1032w\" sizes=\"auto, (max-width: 567px) 100vw, 567px\" \/><br \/>\n<em>Finskt finbes\u00f6k. Rosa Liksom g\u00e4stade Mats Granberg och Litteraturscen Norrk\u00f6ping med senaste romanen \u00d6verstinnan, om en kvinna som ser tillbaka p\u00e5 sitt liv och p\u00e5 uppv\u00e4xten i nationalistiska kretsar.<br \/>\n<\/em><\/p>\n<p>&nbsp;<\/p>\n<h1><span style=\"color: #ff0000;\">\u201dF\u00f6rfattare \u00e4r som sk\u00e5despelare\u201d<\/span><\/h1>\n<p>&nbsp;<\/p>\n<p>NORRK\u00d6PING <strong>En av Finlands st\u00f6rsta kulturpersonligheter.<\/strong> Under onsdagen fick Stadsbiblioteket bes\u00f6k av Rosa Liksom, aktuell med boken <em>\u00d6verstinnan<\/em>. Det h\u00f6gl\u00e4stes b\u00e5de p\u00e5 me\u00e4nkieli och svenska \u2013 och \u00e4mnen som nazism, krig och k\u00e4rlek diskuterades.<\/p>\n<p><strong>Rosa Liksom heter egentligen Anni Yl\u00e4vaara och f\u00f6ddes den 7 januari 1958 i finska \u00d6vertorne\u00e5.<\/strong> Under f\u00f6rfattarm\u00f6tet p\u00e5 Norrk\u00f6pings stadsbibliotek har hon med sig \u00f6vers\u00e4ttaren Janina Orlov, som \u00f6versatt hennes tre senaste b\u00f6cker till svenska.<\/p>\n<p>Boken <em>Kupe nr 6<\/em> tilldelades Finlandiapriset 2011, allts\u00e5 Finlands st\u00f6rsta litter\u00e4ra pris. I den skildras en flickas t\u00e5gresa genom 1980-talets Sovjetunionen, medan novellsamlingen <em>S\u00e5nt \u00e4r livet<\/em> (2015) ist\u00e4llet ger r\u00f6st till bland annat h\u00f6gerextrema m\u00e4nniskors tankar.<\/p>\n<p>\u2013 Att vara f\u00f6rfattare \u00e4r f\u00f6r mig detsamma som att vara sk\u00e5despelare, s\u00e4ger Rosa Liksom under kv\u00e4llen.<\/p>\n<p>&nbsp;<\/p>\n<p><a title=\"Janina Orlov\" href=\"https:\/\/www.flickr.com\/photos\/kultursidan\/40232508493\/in\/album-72157689953703743\/\"><img loading=\"lazy\" decoding=\"async\" src=\"https:\/\/farm8.staticflickr.com\/7828\/40232508493_2ff8308770.jpg\" alt=\"Janina Orlov\" width=\"500\" height=\"333\" \/><\/a><br \/>\n<em>\u00d6vers\u00e4ttare. Janina Orlov har \u00f6versatt Rosa Liksoms tre senaste b\u00f6cker som kommit ut p\u00e5 svenska.<\/em><\/p>\n<p>&nbsp;<\/p>\n<p><strong>\u2028\u2028Den senaste romanen, <em>\u00d6verstinnan<\/em>, \u00e4r ursprungligen skriven p\u00e5 tornedalsfinska (me\u00e4nkieli).<\/strong> Publiken undrar hur Janina Orlov t\u00e4nkt med \u00f6vers\u00e4ttningen, om hon funderat p\u00e5 att anv\u00e4nda n\u00e5gon \u00e4ldre svensk dialekt fr\u00e5n norr. Men det s\u00e4ger hon att hon inte \u00e4r bra p\u00e5 \u2013 och att f\u00f6rs\u00f6ka efterlikna en dialekt bara f\u00f6r sakens skull vore att riskera k\u00e4nslan av \u00e4kthet i ber\u00e4ttelsen.<\/p>\n<p>\u2013 Melodin och rytmen har f\u00e5tt styra \u00f6vers\u00e4ttningen, s\u00e4ger Janina Orlov och menar att b\u00e5de \u00f6vers\u00e4ttningen och originalet \u00e4r verk i sin egen r\u00e4tt.<\/p>\n<p>\u2013 Men det \u00e4r klart att det faller bort saker, medger hon.<\/p>\n<p>Bland annat ska det i originalet finnas en lista p\u00e5 hur vissa ord och namn uttalas, men den finns inte med i \u00f6vers\u00e4ttningen.<\/p>\n<p><strong><em>\u00d6verstinnan<\/em> handlar om nazismen i Finland och Europa under 1900-talet.<\/strong> Den \u00e4r en fiktiv sj\u00e4lvbiografi som utspelar sig under ett helt liv, d\u00e5 en \u00e4ldre kvinna i monolog tittar tillbaka p\u00e5 livet och uppv\u00e4xten i faderns nationalistiska krets.<\/p>\n<p>Boken ber\u00f6r m\u00e5nga filosofiska och moraliska fr\u00e5gor, men Rosa Liksom menar att den ocks\u00e5 \u00e4r en k\u00e4rleksber\u00e4ttelse vilket blir tydligt under h\u00f6gl\u00e4sningen d\u00e4r det idkas \u00e4lskog i ett tr\u00e4sk.<\/p>\n<p>\u2013 Du skriver det s\u00e5 fint. Det blir en s\u00e5 naturlig och organisk del av helheten, ber\u00f6mmer Janina Orlov.<\/p>\n<p>Och Rosa Liksom tycker att det \u00e4r n\u00e5got speciellt med k\u00e4rlek under krigstid.<\/p>\n<p>\u2013 Man vet bara att det \u00e4r nu jag lever. Om tv\u00e5 timmar eller tv\u00e5 veckor kan jag vara d\u00f6d, och d\u00e4rf\u00f6r f\u00f6rs\u00f6ker man att f\u00e5 ut det mesta av k\u00e4rleksf\u00f6rh\u00e5llandet n\u00e4r det \u00e4nnu \u00e4r m\u00f6jligt.<\/p>\n<p>&nbsp;<\/p>\n<p><a title=\"Rosa Liksom\" href=\"https:\/\/www.flickr.com\/photos\/kultursidan\/40232508343\/in\/album-72157689953703743\/\"><img loading=\"lazy\" decoding=\"async\" src=\"https:\/\/farm8.staticflickr.com\/7818\/40232508343_a2fccb42e2.jpg\" alt=\"Rosa Liksom\" width=\"333\" height=\"500\" \/><\/a><br \/>\n<em>Underlag. Rosa Liksom menar att f\u00f6rfattare \u00e4r som sk\u00e5despelare, som m\u00e5ste tr\u00e4nga in i de personer de gestaltar.<\/em><\/p>\n<p>&nbsp;<\/p>\n<p><strong>Eftersom succ\u00e9boken <em>Kup\u00e9 nr 6<\/em> \u00f6versatts till 20 europeiska spr\u00e5k har Rosa Liksom rest mycket och sett m\u00e5nga \u201dextremh\u00f6gertyper\u201d, som hon kallar dem.<\/strong> Hon har sett plakat med orden \u201dRaskriget har b\u00f6rjat\u201d, \u201dKvinnor tillbaka till k\u00f6ket\u201d och \u201dMakten tillbaka till m\u00e4nnen\u201d vilket f\u00e5tt henne att t\u00e4nka att de nazistiska attityderna \u00e4r tillbaka.<\/p>\n<p>F\u00f6rfattandet av <em>\u00d6verstinnan<\/em> grundar sig d\u00e4rf\u00f6r mycket i ett utforskande av fr\u00e5gan: \u201dHur \u00e4r det m\u00f6jligt?\u201d<\/p>\n<p><strong>Under f\u00f6rfattarm\u00f6tet p\u00e5 Norrk\u00f6pings stadsbibliotek ber\u00e4ttar Rosa Liksom b\u00e5de om historiska l\u00e4rdomar och om mindfulness\u00f6vningar<\/strong> som hon gjort f\u00f6r att komma i st\u00e4mning under skrivandet.<\/p>\n<p>\u2013 Jag <em>var<\/em> \u00f6verstinnan medan jag skrev, s\u00e4ger hon.<\/p>\n<p>Och den som vill l\u00e4ra sig att skriva som hon tipsar hon om dagboksskrivande.<\/p>\n<p>\u2013 Censurera ingenting. K\u00e4nner du att du hatar din chef, skriv det!<\/p>\n<p><em>\u00a9 Text och foto: Melinda Reyes Hiltunen<\/em><\/p>\n<p>BILDSPEL \u2013 KLICKA P\u00c5 BILDENS PILAR<\/p>\n<p><a data-flickr-embed='true' href='https:\/\/www.flickr.com\/photos\/kultursidan\/albums\/72157689953703743' title='Rosa Liksom, Litteraturscen Norrk\u00f6ping, Stadsbiblioteket 2019 by Kultursidan, on Flickr'><img src='https:\/\/live.staticflickr.com\/7906\/40232508593_e9bc009173_z.jpg' width='800' height='600' alt='Janina Orlov, Rosa Liksom och Mats Granberg'><\/a><script async src='https:\/\/embedr.flickr.com\/assets\/client-code.js' charset='utf-8'><\/script><\/p>\n<blockquote>\n<h4>MELLANRUMMET, STADSBIBLIOTEKET Norrk\u00f6ping<\/h4>\n<p>Vinter\u2013v\u00e5r 2019<\/p>\n<h4>Litteraturscen Norrk\u00f6ping<\/h4>\n<p style=\"padding-left: 40px;\">23 januari kl 18<br \/>\n<strong>Fredrik Sj\u00f6berg<\/strong><br \/>\nMamma \u00e4r galen och pappa \u00e4r full.<\/p>\n<p style=\"padding-left: 40px;\">31 januari kl 18<br \/>\n<strong>Kayo Mpoyi<\/strong><br \/>\nMai betyder vatten<\/p>\n<p style=\"padding-left: 40px;\">12 februari kl 18<br \/>\n<strong>Gunnar Harding<\/strong><br \/>\nFr\u00e5n vinter till vinter<br \/>\n<strong>Matilda S\u00f6dergran<\/strong><br \/>\n\u00d6verlevarna<\/p>\n<p>20 februari kl 18<br \/>\n<strong>Rosa Liksom<\/strong><br \/>\noch \u00f6vers\u00e4ttaren <strong>Janina Orlov<\/strong><br \/>\n\u00d6verstinnan<br \/>\nSamtalet h\u00e5lls p\u00e5 finska och svenska<\/p>\n<p style=\"padding-left: 40px;\">5 mars kl 13\u201316<br \/>\n<strong>Lotta Lyssarides<\/strong> (Alfabeta)<br \/>\n<strong>Maria S\u00e5the<\/strong> (Wahlstr\u00f6m &amp; Widstrand)<br \/>\nF\u00f6rl\u00e4ggarsamtal 2<\/p>\n<p style=\"padding-left: 40px;\">13 april kl 13 OBS! H\u00d6RSALEN<br \/>\n<strong>Michael Ondaatje<\/strong><br \/>\nWarlight\/Lyktsken<br \/>\nSamtalet h\u00e5lls p\u00e5 engelska<\/p>\n<h4>Stadsbibliotekets f\u00f6rfattarm\u00f6ten<\/h4>\n<p style=\"padding-left: 40px;\">27 januari kl 14.30<br \/>\n<strong>Att \u00f6verleva F\u00f6rintelsen<\/strong><br \/>\nLouise Malmstr\u00f6m samtalar med \u00f6verlevaren Sara Fransson och Liv Bakke, som flydde fr\u00e5n Norge<br \/>\nInledning av Olle Vikm\u00e5ng<\/p>\n<p style=\"padding-left: 40px;\">6 februari kl 18<br \/>\n<strong>Johanna Vernqvist<\/strong>, forskare vid LiU<br \/>\nOm hur k\u00e4rleken beskrivs under den nyklassiska eran<\/p>\n<p style=\"padding-left: 40px;\">10 april kl 18<br \/>\n<strong>Annika Sand\u00e9n<\/strong>, historiker<br \/>\nB\u00f6dlar: Liv, d\u00f6d och skam i svenskt 1600-tal<\/p>\n<p style=\"padding-left: 40px;\">Tisdag 7 maj kl 18<br \/>\n<strong>Lena Einhorn<\/strong><br \/>\nGeniet fr\u00e5n Breslau<\/p>\n<h4>Norrk\u00f6pings bokfestival 6 april<\/h4>\n<p style=\"padding-left: 40px;\">kl 13<br \/>\n<strong>Anna Laestadius Larsson<\/strong><br \/>\nKurtisanen<br \/>\n<strong>G\u00f6ran Redin<\/strong><br \/>\nEn ensam f\u00e4rd<\/p>\n<p style=\"padding-left: 40px;\">kl 14.30<br \/>\n<strong>Maria Sveland<\/strong><br \/>\nGr\u00e5leken<\/p>\n<p style=\"padding-left: 40px;\">kl 16<br \/>\n<strong>Alex Schulman<\/strong><br \/>\nBr\u00e4nn alla mina brev<\/p>\n<\/blockquote>\n<p>L\u00c4NKAR<br \/>\nNorrk\u00f6pings stadsbibliotek <a href=\"http:\/\/www.nsb.norrkoping.se\/web\/norrkoping\" target=\"_blank\" rel=\"noopener noreferrer\">hemsida<\/a> <a href=\"https:\/\/www.facebook.com\/Norrkopingsstadsbibliotek?fref=ts\" target=\"_blank\" rel=\"noopener noreferrer\">Facebook<\/a><br \/>\nRosa Liksom <a href=\"https:\/\/www.wwd.se\/forfattare\/36633\/rosa-liksom\/\" target=\"_blank\" rel=\"noopener noreferrer\">info<\/a><br \/>\nNy v\u00e5r f\u00f6r Litteraturscen Norrk\u00f6ping <a href=\"https:\/\/www.kultursidan.nu\/?p=39854\" target=\"_blank\" rel=\"noopener noreferrer\">reportage<\/a> Kultursidan.nu 23\/1 2019<\/p>\n","protected":false},"excerpt":{"rendered":"<p>NORRK\u00d6PING En av Finlands st\u00f6rsta kulturpersonligheter. Under onsdagen fick Stadsbiblioteket bes\u00f6k av Rosa Liksom, aktuell med boken \u00d6verstinnan. Det h\u00f6gl\u00e4stes b\u00e5de p\u00e5 me\u00e4nkieli och svenska \u2013 och \u00e4mnen som nazism, krig och k\u00e4rlek diskuterades.\u2028\u2028 <a class=\"continue-reading-link\" href=\"https:\/\/www.kultursidan.nu\/?p=40382\">L\u00e4s mer <span class=\"meta-nav\">&rarr; <\/span><\/a><\/p>\n","protected":false},"author":1001006,"featured_media":0,"comment_status":"closed","ping_status":"open","sticky":false,"template":"","format":"standard","meta":{"_jetpack_memberships_contains_paid_content":false,"footnotes":""},"categories":[7],"tags":[16],"class_list":["post-40382","post","type-post","status-publish","format-standard","hentry","category-norrkoping","tag-litteratur"],"jetpack_featured_media_url":"","jetpack_sharing_enabled":true,"_links":{"self":[{"href":"https:\/\/www.kultursidan.nu\/index.php?rest_route=\/wp\/v2\/posts\/40382","targetHints":{"allow":["GET"]}}],"collection":[{"href":"https:\/\/www.kultursidan.nu\/index.php?rest_route=\/wp\/v2\/posts"}],"about":[{"href":"https:\/\/www.kultursidan.nu\/index.php?rest_route=\/wp\/v2\/types\/post"}],"author":[{"embeddable":true,"href":"https:\/\/www.kultursidan.nu\/index.php?rest_route=\/wp\/v2\/users\/1001006"}],"replies":[{"embeddable":true,"href":"https:\/\/www.kultursidan.nu\/index.php?rest_route=%2Fwp%2Fv2%2Fcomments&post=40382"}],"version-history":[{"count":2,"href":"https:\/\/www.kultursidan.nu\/index.php?rest_route=\/wp\/v2\/posts\/40382\/revisions"}],"predecessor-version":[{"id":40385,"href":"https:\/\/www.kultursidan.nu\/index.php?rest_route=\/wp\/v2\/posts\/40382\/revisions\/40385"}],"wp:attachment":[{"href":"https:\/\/www.kultursidan.nu\/index.php?rest_route=%2Fwp%2Fv2%2Fmedia&parent=40382"}],"wp:term":[{"taxonomy":"category","embeddable":true,"href":"https:\/\/www.kultursidan.nu\/index.php?rest_route=%2Fwp%2Fv2%2Fcategories&post=40382"},{"taxonomy":"post_tag","embeddable":true,"href":"https:\/\/www.kultursidan.nu\/index.php?rest_route=%2Fwp%2Fv2%2Ftags&post=40382"}],"curies":[{"name":"wp","href":"https:\/\/api.w.org\/{rel}","templated":true}]}}