{"id":40446,"date":"2019-03-01T16:20:06","date_gmt":"2019-03-01T15:20:06","guid":{"rendered":"https:\/\/intelligent-friend-7861.standoutwp.com\/?p=40446"},"modified":"2019-03-01T16:20:06","modified_gmt":"2019-03-01T15:20:06","slug":"cronholm-gudmundson-och-abu-ali","status":"publish","type":"post","link":"https:\/\/www.kultursidan.nu\/?p=40446","title":{"rendered":"Cronholm, Gudmundson och Abu-Ali"},"content":{"rendered":"<p><img loading=\"lazy\" decoding=\"async\" class=\"alignnone size-medium wp-image-40447\" src=\"https:\/\/www.kultursidan.nu\/wp-content\/uploads\/2019\/03\/DSC_8497-567x432.jpg\" alt=\"\" width=\"567\" height=\"432\" srcset=\"https:\/\/www.kultursidan.nu\/wp-content\/uploads\/2019\/03\/DSC_8497-567x432.jpg 567w, https:\/\/www.kultursidan.nu\/wp-content\/uploads\/2019\/03\/DSC_8497-768x585.jpg 768w, https:\/\/www.kultursidan.nu\/wp-content\/uploads\/2019\/03\/DSC_8497-1024x780.jpg 1024w, https:\/\/www.kultursidan.nu\/wp-content\/uploads\/2019\/03\/DSC_8497-150x114.jpg 150w, https:\/\/www.kultursidan.nu\/wp-content\/uploads\/2019\/03\/DSC_8497-437x333.jpg 437w, https:\/\/www.kultursidan.nu\/wp-content\/uploads\/2019\/03\/DSC_8497.jpg 1200w\" sizes=\"auto, (max-width: 567px) 100vw, 567px\" \/><br \/>\n<em>Sten. Ellen Cronholm \u00e5terskapar Palmyras ruinstad p\u00e5 sitt s\u00e4tt. Grafikern fascineras av platser som m\u00e4nniskor byggt och f\u00f6rst\u00f6rt \u00f6ver l\u00e5ng tid. Hon st\u00e4ller ut tillsammans med m\u00e5laren Anders Gudmundson och fotografen Gabriella Abu-Ali p\u00e5 Konstfoum.<\/em><\/p>\n<p>&nbsp;<\/p>\n<h1><span style=\"color: #ff0000;\">M\u00e4nsklig makt och egenmakt<\/span><\/h1>\n<p>&nbsp;<\/p>\n<p>NORRK\u00d6PING <strong>Konst med h\u00f6g grad av angel\u00e4genhet.<\/strong> Ellen Cronholm \u00e5teruppf\u00f6r tempelruiner. Anders Gudmundson dokumenterar sommarhimlars klimat. Gabriella Abu-Ali vill f\u00e5 oss att uppskatta det vi har och att ifr\u00e5gas\u00e4tta v\u00e5ra vanor.<\/p>\n<p>&nbsp;<\/p>\n<p><a title=\"Ellen Cronholm\" href=\"https:\/\/www.flickr.com\/photos\/kultursidan\/46332863415\/in\/album-72157707063408485\/\"><img loading=\"lazy\" decoding=\"async\" src=\"https:\/\/farm8.staticflickr.com\/7878\/46332863415_684a05abb9.jpg\" alt=\"Ellen Cronholm\" width=\"500\" height=\"331\" \/><\/a><br \/>\n<em>Skuggor \u00f6ver salsgolvet. Ellen Cronholm visar en grafikserie med motiv inspirerade av Venedig.<\/em><\/p>\n<p>&nbsp;<\/p>\n<h2>Ellen Cronholm<\/h2>\n<p>&nbsp;<\/p>\n<p><strong>I entr\u00e9hallen sk\u00e4rvor fr\u00e5n det sjunkande Venedig.<\/strong> I stora rummet \u00e5teruppbygger Ellen Cronholm Palmyras fallna tempel.<\/p>\n<p>\u2013 Det handlar om platser med byggnader som bevarats av m\u00e4nniskor v\u00e4ldigt l\u00e4nge, men som ocks\u00e5 f\u00f6rst\u00f6rts av m\u00e4nniskor av olika anledningar, s\u00e4ger grafikern som intar tv\u00e5 av Konstforums rum.<\/p>\n<p><strong>En ljuskrona, en port, ett golv randat av skuggor.<\/strong> Eller bara n\u00e4ra detaljer. Men det \u00e4r inte n\u00e5gra exakta avbildningar utan resultatet av insamlade, silade intryck. Ellen Cronholm kallar det \u201dutsnitt\u201d av Venedig.<\/p>\n<p>\u2013 Staden h\u00e5ller p\u00e5 att f\u00f6rst\u00f6ras av m\u00e4nniskor som vill tj\u00e4na pengar. Om tio \u00e5r har Venedig passerat gr\u00e4nsen f\u00f6r innan det g\u00e5tt f\u00f6r l\u00e5ngt. D\u00e5 \u00e5terst\u00e5r bara ruiner. Men jag \u00e4lskar ju ruiner, s\u00e4ger Ellen Cronholm.<\/p>\n<p>Som s\u00e5 ofta n\u00e4r grafiker n\u00e4rmar sig det historiska arvet \u00e4r k\u00e4nslan av patina stark med raspigt uttryck, nedtonad f\u00e4rgs\u00e4ttning. Det blir en helhet som f\u00e5ngar in sj\u00e4lva tidens verkan.<\/p>\n<p>\u2013 Jag bygger ytor, som jag f\u00e4rgar in, trycker med djuptryck, ocks\u00e5 en teknik p\u00e5 utd\u00f6ende. Jag f\u00e5r in den atmosf\u00e4ren och det \u00e4r ljuset jag \u00e4r ute efter, beskriver Ellen Cronholm.<\/p>\n<p><strong>Stora rummet har f\u00f6rvandlats till ett tempel, en pelarsal.<\/strong> Vi befinner oss i det syriska Palmyra, en g\u00e5ng Bibelns handelsplats Tadmor, en \u00f6kenoas. Staden har byggts upp, er\u00f6vrats, attackerats \u00f6ver \u00e5rhundraden, \u00e5rtusenden. Nu \u00e4r den en ruinstad, attackerad \u00e4ven i v\u00e5r tid.<\/p>\n<p>Ellen har sj\u00e4lv inte varit i Palmyra. Hon har h\u00e4mtat inspiration fr\u00e5n Creative Commonsajten &#8221;NewPalmyra&#8221; som startades av Bassel Khartabil, som avr\u00e4ttades av den syriska regimen 2015.<\/p>\n<p>\u2013 Det \u00e4r ett veritabelt minnesplats p\u00e5 n\u00e4tet, s\u00e4ger Ellen Cronholm som hittade dit n\u00e4r hon k\u00e4nde suget att arbeta med stenytor, om \u00e4n som grafik.<\/p>\n<p><strong>\u2013 Jag m\u00e5lar med spackel och klister, s\u00e4ger Ellen<\/strong> och visar hur elementen \u00e5terkommer i kapit\u00e4len, utsmyckningarna vid pelarnas topp.<\/p>\n<p>Bilderna \u00e4r stora. Enligt grafikern g\u00e5r det inte att g\u00f6ra dem s\u00e5 mycket mindre n\u00e4r hon vill f\u00e5 fram just den r\u00e4tta k\u00e4nslan av sten.<\/p>\n<p><strong>P\u00e5 samma s\u00e4tt som hon komponerar sina bilder har hon gjort de l\u00f6sa kolonner som st\u00e5r i ett h\u00f6rn av rummet.<\/strong> De \u00e4r inte olika teaterscenografi. Eller varf\u00f6r inte en arkeologisk utgr\u00e4vning.<\/p>\n<p>\u2013 F\u00f6r mig \u00e4r Palmyra f\u00f6rst\u00f6rt, f\u00f6r en arkeolog kanske inte \u2013 \u201ddet ligger ju d\u00e4r\u201d.<\/p>\n<p>&nbsp;<\/p>\n<p><a title=\"Anders Gudmundson\" href=\"https:\/\/www.flickr.com\/photos\/kultursidan\/47247367161\/in\/album-72157703755209032\/\"><img loading=\"lazy\" decoding=\"async\" src=\"https:\/\/farm8.staticflickr.com\/7892\/47247367161_bcfd010c96.jpg\" alt=\"Anders Gudmundson\" width=\"500\" height=\"355\" \/><\/a><br \/>\n<em>V\u00e4derobservat\u00f6r. Anders Gudmundson dokumenterar himlarna \u00f6ver v\u00e4stra Gotland d\u00e4r han bor om sommaren.<\/em><\/p>\n<p>&nbsp;<\/p>\n<h2>Anders Gudmundson<\/h2>\n<p>&nbsp;<\/p>\n<p><strong>Konstn\u00e4ren Anders Gudmundson ser sig lika g\u00e4rna som konsthistorisk forskare.<\/strong> Han m\u00e5lar i olja p\u00e5 pann\u00e5, med samma material och p\u00e5 samma s\u00e4tt som konstn\u00e4rerna gjorde f\u00f6r 200 \u00e5r sedan. Han har till och med byggt en likadan l\u00e5da som kan rymma flera m\u00e5lningar, likt en modellteater, s\u00e5 att de inte klibbar mot varandra.<\/p>\n<p><strong>Konsthistorikerna har omv\u00e4rderat det tidiga 1800-talets friluftsm\u00e5leri.<\/strong> 1815 fick indonesiska vulkan\u00f6n Tambora ett enormt utbrott. Missv\u00e4xt och n\u00f6d f\u00f6ljde under n\u00e5gra \u00e5r \u00f6ver hela v\u00e4rlden, \u00e4ven i Sverige. Det v\u00e4ldiga stoftmolnet som skjutits upp i atmosf\u00e4ren f\u00e4rgade ocks\u00e5 solnedg\u00e5ngarna r\u00f6da.<\/p>\n<p>\u2013 Man hade missuppfattat det tidigare och trodde att de m\u00e5lade romantiserande. Men Constable m\u00e5lade strikt vetenskapligt, framh\u00e5ller Anders Gudmundson.<\/p>\n<p>\u2013 Jag l\u00e4ste om det \u00e5r 2013 och t\u00e4nkte att jag ska m\u00e5la himlen systematiskt.<\/p>\n<p><strong>Sagt och gjort.<\/strong> I Tr\u00e4g\u00e5rdsrummet h\u00e4nger flera sm\u00e5 pann\u00e5er, friluftsm\u00e5leri, och ett par stora m\u00e5lningar, atelj\u00e9bilder efter n\u00e5gra av de sm\u00e5. Det \u00e4r sommarhimlarna \u00f6ver M\u00e4sterby p\u00e5 v\u00e4stra Gotland, n\u00e5gra m\u00e5lade med bara 30 minuters mellanrum. Mycket himmel, lite landskap. Kontrasten g\u00f6r att himlarna \u00e4r ljusa med landskapet \u00e4r m\u00f6rkt.<\/p>\n<p>Jag t\u00e4nker att ocks\u00e5 Anders Gudmundsson m\u00e5lar i en historiskt angel\u00e4gen tid. Mitt i vanliga sommarmolnshimlar fr\u00e5n \u00e5r som 2015 och 2017 h\u00e4nger den heta sommaren 2018. Inte ett moln syns p\u00e5 den bl\u00e5 himlen.<\/p>\n<p>\u2013 H\u00e4r har jag \u00e5terkommit till samma plats med n\u00e5gra veckors mellanrum. Det syns hur s\u00f6nderbr\u00e4nd marken \u00e4r, p\u00e5pekar Anders.<\/p>\n<p><strong>I lilla hamnrummet visar Anders Gudmundson sina h\u00f6st- och vinterm\u00e5lningar.<\/strong> Nu handlar det om matvaror. Ljuset faller p\u00e5 en ost, en frukt, ett k\u00f6ttstycke som st\u00e5r ensamt mot den svarta bakgrunden. Konstn\u00e4ren menar att det \u00e4r som friluftsm\u00e5leri fast inomhus.<\/p>\n<p>\u2013 Det handlar om dokumentation av n\u00e5got i naturligt ljus, fast inne i atelj\u00e9n. Jag \u00e4lskar att m\u00e5la plasten, en samtidskommentar, tycker Anders Gudmundson. Att m\u00e5la en hel m\u00e5ltid som i 1600-talets barocka m\u00e5leri det g\u00e5r inte l\u00e4ngre, det skulle bli alldeles f\u00f6r mycket.<\/p>\n<p>&nbsp;<\/p>\n<p><a title=\"Gabriella Abu-Ali\" href=\"https:\/\/www.flickr.com\/photos\/kultursidan\/46523685034\/in\/album-72157707063169705\/\"><img loading=\"lazy\" decoding=\"async\" src=\"https:\/\/farm8.staticflickr.com\/7809\/46523685034_84f126cd92.jpg\" alt=\"Gabriella Abu-Ali\" width=\"500\" height=\"382\" \/><\/a><br \/>\n<em>Catwalk. Gabriella Abu-Ali gjorde Eskilstuna lite mer sp\u00e4nnande i sitt fotoprojekt.<\/em><\/p>\n<p>&nbsp;<\/p>\n<h2>Gabriella Abu-Ali<\/h2>\n<p>&nbsp;<\/p>\n<p><strong>I Studion visar fotografen Gabriella Abu-Ali flera mindre bildserier.<\/strong> Dem har hon skapat under de olika utbildningar som hon har g\u00e5tt.<\/p>\n<p>\u2013 De h\u00e4nger ihop genom de samh\u00e4llsfr\u00e5gor som jag tycker \u00e4r viktiga.<\/p>\n<p><strong>Gabriella Abu-Ali blev fotointresserad medan hon gick Eskilstunas folkh\u00f6gskolas kurs &#8221;Recycle Design \u2013 \u00c5terbruk&#8221;.<\/strong> I sin \u00e4ldsta fotoserie reflekterar hon \u00f6ver stadsmilj\u00f6er genom personliga till\u00e4gg. Som skylten ESKILSTUNA i stora vita bokst\u00e4ver p\u00e5 en kulle, efter det k\u00e4nda Hollywoodoriginalet.<\/p>\n<p>\u2013 Jag skar ut dem i vit kartong, och det \u00e4r just Hollywoodtypsnittet.<\/p>\n<p>N\u00e5gra spa-stolar mot en grus\u00f6ken, second hand-porslin uppdukat p\u00e5 en lekplats. Gabriella Abu-Ali arrangerar sina bilder noga.<\/p>\n<p>\u2013 Kontrasterna \u00e4r det jag gillar. Jag vill p\u00e5minna om att man kan g\u00f6ra sin egen omgivning roligare. Jag vill helst att man g\u00e5r efter sin egen smak, inte tar efter tjusiga magasin.<\/p>\n<p><strong>En av serierna fr\u00e5n fotoutbildningen p\u00e5 Hemse p\u00e5 Gotland handlar om second hand.<\/strong> H\u00e4r anv\u00e4nder hon b\u00e5de studiekamrater och sig sj\u00e4lv som modeller.<\/p>\n<p>\u2013 Jag k\u00e4nde mig okunnig inom fotografi och s\u00f6kte till Hemse fotoskola. R\u00f6da korset, som ligger granne med skolan, fr\u00e5gade om vi inte ville leka med deras kl\u00e4der. Det blir b\u00e5de kul portr\u00e4tt och \u00e5terbrukst\u00e4nk, kommenterar Gabriella.<\/p>\n<p>Slutprojektet &#8221;Kameleonten&#8221; gestaltar hur man anpassa sig efter sin omgivning n\u00e4r man inte \u00e4r s\u00e5 s\u00e4ker p\u00e5 sig sj\u00e4lv. H\u00e4r kombinerar hon milj\u00f6fotografier med studiobilderna p\u00e5 fotomodellen kopieras in i varandra.<\/p>\n<p><strong>Gabriella Abu-Ali f\u00f6rdjupar nu sitt kunnande i bildbehandling p\u00e5 Fotoskolan STHLM.<\/strong> H\u00e4rifr\u00e5n presenterar hon slutligen serien &#8221;Tystnad tagning&#8221;.<\/p>\n<p>\u2013 Jag ville unders\u00f6ka vad beroende kan betyda. Allt i livet som man g\u00f6r utan att sj\u00e4lv ha kontroll \u00f6ver det. Som h\u00e4r d\u00e4r jag anv\u00e4nder kaffe som kokain.<\/p>\n<p><em>\u00a9 Text: Ann-Charlotte Sandelin<\/em><br \/>\n<em>\u00a9 Foto: Nils-G\u00f6ran Tillgren<\/em><\/p>\n<p>ELLEN CRONHOLM \u2013 BILDSPEL \u2013 KLICKA P\u00c5 BILDENS PILAR<\/p>\n<p><a data-flickr-embed='true' href='https:\/\/www.flickr.com\/photos\/kultursidan\/albums\/72157707063408485' title='Ellen Cronholm, Konstforum 2019 by Kultursidan, on Flickr'><img src='https:\/\/live.staticflickr.com\/7837\/40282388323_a7c1cb3225_z.jpg' width='800' height='600' alt='Ellen Cronholm'><\/a><script async src='https:\/\/embedr.flickr.com\/assets\/client-code.js' charset='utf-8'><\/script><\/p>\n<p>ANDERS GUDMUNDSON \u2013 BILDSPEL \u2013 KLICKA P\u00c5 BILDENS PILAR<\/p>\n<p><a data-flickr-embed='true' href='https:\/\/www.flickr.com\/photos\/kultursidan\/albums\/72157703755209032' title='Anders Gudmundson, Konstforum 2019 by Kultursidan, on Flickr'><img src='https:\/\/live.staticflickr.com\/7865\/47195254502_c6d0524c0f_z.jpg' width='800' height='600' alt='Anders Gudmundson'><\/a><script async src='https:\/\/embedr.flickr.com\/assets\/client-code.js' charset='utf-8'><\/script><\/p>\n<p>GABRIELLA ABU-ALI \u2013 BILDSPEL \u2013 KLICKA P\u00c5 BILDENS PILAR<\/p>\n<p><a data-flickr-embed='true' href='https:\/\/www.flickr.com\/photos\/kultursidan\/albums\/72157707063169705' title='Gabriella Abu-Ali, Studion, Konstforum 2019 by Kultursidan, on Flickr'><img src='https:\/\/live.staticflickr.com\/7815\/46523685124_a7dd8f2042_z.jpg' width='800' height='600' alt='Gabriella Abu-Ali'><\/a><script async src='https:\/\/embedr.flickr.com\/assets\/client-code.js' charset='utf-8'><\/script><\/p>\n<blockquote>\n<h4>KONSTFORUM &amp; STUDION Norrk\u00f6ping<\/h4>\n<p>Vinter\u2013v\u00e5r 2019<br \/>\n<strong>Utst\u00e4llningar<\/strong><\/p>\n<p style=\"padding-left: 40px;\">12\u201327 januari 2019<br \/>\n<strong>Ulf Lundkvist<\/strong><br \/>\nM\u00e5leri, grafik, objekt<\/p>\n<p style=\"padding-left: 40px;\">12\u201327 januari 2019<br \/>\n<strong>G\u00f6ran Molin<\/strong><br \/>\nFotografi<\/p>\n<p style=\"padding-left: 40px;\">2\u201317 februari 2019<br \/>\n<strong>Ebba Jordelius<br \/>\nSusanna Salifou Nygren<\/strong><br \/>\nM\u00e5leri<\/p>\n<p style=\"padding-left: 40px;\">3\u201317 februari 2019<br \/>\n<strong>Malte Myr\u00e9n<\/strong><br \/>\nTeckning, skulptur<\/p>\n<p>23 februari \u2013 10 mars 2019<br \/>\n<strong>Anders Gudmundson, Ellen Cronholm<\/strong><br \/>\nM\u00e5leri, grafik<\/p>\n<p>24 februari \u2013 10 mars 2019<br \/>\n<strong>Gabriella Abu-Ali<\/strong><br \/>\nFotografi<\/p>\n<p style=\"padding-left: 40px;\">16\u201331 mars 2019<br \/>\n<strong>Cecilia Sikstr\u00f6m<\/strong><br \/>\nM\u00e5leri<\/p>\n<p style=\"padding-left: 40px;\">16\u201331 mars 2019<br \/>\n<strong>Marielle G\u00f6thberg<\/strong><br \/>\nTeckning<\/p>\n<p style=\"padding-left: 40px;\">6\u201328 april 2019<br \/>\n<strong>Jim Berggren, Nina Bondeson<\/strong><br \/>\nM\u00e5leri, grafik<\/p>\n<p style=\"padding-left: 40px;\">7\u201328 april 2019<br \/>\n<strong>Elaiza B\u00e4ckstr\u00f6m<\/strong><br \/>\nFotografi<\/p>\n<\/blockquote>\n<p>L\u00c4NKAR<br \/>\nPalmyra <a href=\"https:\/\/sv.wikipedia.org\/wiki\/Palmyra\" target=\"_blank\" rel=\"noopener noreferrer\">Wikipedia<\/a> <a href=\"https:\/\/www.newpalmyra.org\" target=\"_blank\" rel=\"noopener noreferrer\">NewPalmyra<\/a><br \/>\nTambora <a href=\"https:\/\/sv.wikipedia.org\/wiki\/Tambora\" target=\"_blank\" rel=\"noopener noreferrer\">Wikipedia<\/a><br \/>\nEllen Cronholm <a href=\"http:\/\/www.ellencronholm.se\" target=\"_blank\" rel=\"noopener noreferrer\">hemsida<\/a><br \/>\nAnders Gudmundson <a href=\"http:\/\/gudmundson.se\" target=\"_blank\" rel=\"noopener noreferrer\">hemsida<\/a><br \/>\nKonstforum <a href=\"http:\/\/konstforumnorrkoping.se\" target=\"_blank\" rel=\"noopener noreferrer\">hemsida<\/a> <a href=\"https:\/\/www.facebook.com\/pages\/Konstforum-Norrk%C3%B6ping\/436387379718835?fref=ts\" target=\"_blank\" rel=\"noopener noreferrer\">Facebook<\/a><\/p>\n<p>Salifou Nygren, Jordelius och Myr\u00e9n <a href=\"https:\/\/www.kultursidan.nu\/?p=40079\" target=\"_blank\" rel=\"noopener noreferrer\">recension<\/a> Kultursidan.nu 8\/2 2019<br \/>\nLundkvist och Molin p\u00e5 Konstforum <a href=\"https:\/\/www.kultursidan.nu\/?p=39858\" target=\"_blank\" rel=\"noopener noreferrer\">recension<\/a> Kultursidan.nu 23\/1 2019<\/p>\n","protected":false},"excerpt":{"rendered":"<p>NORRK\u00d6PING Konst med h\u00f6g grad av angel\u00e4genhet. Ellen Cronholm \u00e5teruppf\u00f6r tempelruiner. Anders Gudmundson dokumenterar sommarhimlars klimat. Gabriella Abu-Ali vill f\u00e5 oss att uppskatta det vi har och att ifr\u00e5gas\u00e4tta v\u00e5ra vanor. <a class=\"continue-reading-link\" href=\"https:\/\/www.kultursidan.nu\/?p=40446\">L\u00e4s mer <span class=\"meta-nav\">&rarr; <\/span><\/a><\/p>\n","protected":false},"author":1001006,"featured_media":0,"comment_status":"closed","ping_status":"open","sticky":false,"template":"","format":"standard","meta":{"_jetpack_memberships_contains_paid_content":false,"footnotes":""},"categories":[7],"tags":[17,14,47],"class_list":["post-40446","post","type-post","status-publish","format-standard","hentry","category-norrkoping","tag-foto","tag-konst","tag-utstallning"],"jetpack_featured_media_url":"","jetpack_sharing_enabled":true,"_links":{"self":[{"href":"https:\/\/www.kultursidan.nu\/index.php?rest_route=\/wp\/v2\/posts\/40446","targetHints":{"allow":["GET"]}}],"collection":[{"href":"https:\/\/www.kultursidan.nu\/index.php?rest_route=\/wp\/v2\/posts"}],"about":[{"href":"https:\/\/www.kultursidan.nu\/index.php?rest_route=\/wp\/v2\/types\/post"}],"author":[{"embeddable":true,"href":"https:\/\/www.kultursidan.nu\/index.php?rest_route=\/wp\/v2\/users\/1001006"}],"replies":[{"embeddable":true,"href":"https:\/\/www.kultursidan.nu\/index.php?rest_route=%2Fwp%2Fv2%2Fcomments&post=40446"}],"version-history":[{"count":2,"href":"https:\/\/www.kultursidan.nu\/index.php?rest_route=\/wp\/v2\/posts\/40446\/revisions"}],"predecessor-version":[{"id":40949,"href":"https:\/\/www.kultursidan.nu\/index.php?rest_route=\/wp\/v2\/posts\/40446\/revisions\/40949"}],"wp:attachment":[{"href":"https:\/\/www.kultursidan.nu\/index.php?rest_route=%2Fwp%2Fv2%2Fmedia&parent=40446"}],"wp:term":[{"taxonomy":"category","embeddable":true,"href":"https:\/\/www.kultursidan.nu\/index.php?rest_route=%2Fwp%2Fv2%2Fcategories&post=40446"},{"taxonomy":"post_tag","embeddable":true,"href":"https:\/\/www.kultursidan.nu\/index.php?rest_route=%2Fwp%2Fv2%2Ftags&post=40446"}],"curies":[{"name":"wp","href":"https:\/\/api.w.org\/{rel}","templated":true}]}}