{"id":40500,"date":"2019-03-05T09:55:06","date_gmt":"2019-03-05T08:55:06","guid":{"rendered":"https:\/\/intelligent-friend-7861.standoutwp.com\/?p=40500"},"modified":"2019-03-07T16:30:34","modified_gmt":"2019-03-07T15:30:34","slug":"arman-sedic-tar-fart-i-livekarusellen","status":"publish","type":"post","link":"https:\/\/www.kultursidan.nu\/?p=40500","title":{"rendered":"Arman Sedic tar fart i Livekarusellen"},"content":{"rendered":"<p><img loading=\"lazy\" decoding=\"async\" class=\"alignnone size-medium wp-image-40501\" src=\"https:\/\/www.kultursidan.nu\/wp-content\/uploads\/2019\/03\/DSCF4987-567x378.jpg\" alt=\"\" width=\"567\" height=\"378\" srcset=\"https:\/\/www.kultursidan.nu\/wp-content\/uploads\/2019\/03\/DSCF4987-567x378.jpg 567w, https:\/\/www.kultursidan.nu\/wp-content\/uploads\/2019\/03\/DSCF4987-768x512.jpg 768w, https:\/\/www.kultursidan.nu\/wp-content\/uploads\/2019\/03\/DSCF4987-1024x683.jpg 1024w, https:\/\/www.kultursidan.nu\/wp-content\/uploads\/2019\/03\/DSCF4987-150x100.jpg 150w, https:\/\/www.kultursidan.nu\/wp-content\/uploads\/2019\/03\/DSCF4987-500x333.jpg 500w, https:\/\/www.kultursidan.nu\/wp-content\/uploads\/2019\/03\/DSCF4987.jpg 1200w\" sizes=\"auto, (max-width: 567px) 100vw, 567px\" \/><br \/>\n<em>One-man-band. Singer\/ songwritern Arman Sedic ger ny fart \u00e5t Livekarusellen n\u00e4r det \u00e4r dags f\u00f6r Turn\u00e9stopp tv\u00e5. P\u00e5 onsdag spelar han p\u00e5 M\u00e5ngfaldshuset i Norrk\u00f6ping.<\/em><\/p>\n<p>&nbsp;<\/p>\n<h1><span style=\"color: #ff0000;\">\u201dMelodi, textrad, n\u00e5gra ackord\u201d<\/span><\/h1>\n<p>&nbsp;<\/p>\n<p>NORRK\u00d6PING <strong>Dags f\u00f6r Turn\u00e9stopp 2.<\/strong> Med gitarren i hand och loop-pedalen under foten njuter singer\/ songwritern Arman Sedic av resan i Livekarusellen.<\/p>\n<p>L\u00e4ngst ner hittar du listan till alla 36 musikakternas runda under turn\u00e9stoppet. Arman Sedic \u00e4r med i Pool 3 som inleder p\u00e5 M\u00e5ngfaldshuset i Norrk\u00f6ping nu p\u00e5 onsdag.<\/p>\n<blockquote>\n<h5><strong>Arman Sedic<\/strong><\/h5>\n<p>Akustisk gitarr och s\u00e5ng<\/p>\n<p><strong>Genre<\/strong><br \/>\nSinger\/ Songwriter<\/p>\n<p><strong>Hemort<\/strong><br \/>\nNorrk\u00f6ping<\/p><\/blockquote>\n<p>&nbsp;<\/p>\n<p><strong>Vad betyder s\u00e5ngen f\u00f6r dig?\u00a0<\/strong><br \/>\nBetyder j\u00e4ttemycket, det \u00e4r ju ett av mina viktigaste instrument, och utan den skulle jag inte kunna g\u00f6ra det jag h\u00e5ller p\u00e5 med nu. Det \u00e4r ett s\u00e4tt att uttrycka k\u00e4nslor p\u00e5, och det \u00e4r genom s\u00e5ngen jag f\u00f6rmedlar mina texter.<\/p>\n<p><strong>N\u00e4r b\u00f6rjade du sjunga p\u00e5 allvar?\u00a0<\/strong><br \/>\nJag har v\u00e4l egentligen alltid sjungit parallellt med att jag spelat gitarr \u00e4nda sen jag var liten, men gitarren har nog funnits d\u00e4r l\u00e4ngre. Om jag minns r\u00e4tt s\u00e5 var jag kanske runt 7-9 \u00e5r n\u00e4r jag b\u00f6rjade inspireras av olika band och artister och b\u00f6rjade l\u00e4ra mig deras l\u00e5tar, b\u00e5de rapp och s\u00e5ng.<\/p>\n<p>F\u00f6rsta g\u00e5ngen jag sj\u00f6ng inf\u00f6r publik var nog i sexan, vilket jag minns mycket v\u00e4l.\u00a0Min musikl\u00e4rare ville verkligen att jag skulle sjunga Kal P Dals &#8221;Bl\u00e5a skor&#8221; och f\u00f6rst t\u00e4nkte jag att han var helt fr\u00e5n vettet. Jag ville inte g\u00f6ra det, speciellt inte den l\u00e5ten, men han fick mig att g\u00f6ra det \u00e4nd\u00e5 och\u00a0egentligen s\u00e5 hj\u00e4lpte han mig bara, eftersom att det var efter det som jag b\u00f6rjade upptr\u00e4da med min s\u00e5ng ocks\u00e5.\u00a0S\u00e5 n\u00e4r jag var runt 12 \u00e5r skulle jag s\u00e4ga att jag b\u00f6rjade sjunga p\u00e5 allvar.<\/p>\n<p>&nbsp;<\/p>\n<p><a title=\"Arman Sedic\" href=\"https:\/\/www.flickr.com\/photos\/kultursidan\/46563470934\/in\/album-72157690175030053\/\"><img loading=\"lazy\" decoding=\"async\" src=\"https:\/\/farm8.staticflickr.com\/7852\/46563470934_4986f0342d.jpg\" alt=\"Arman Sedic\" width=\"500\" height=\"333\" \/><\/a><br \/>\n<em>Bara egna l\u00e5tar i Livekarusellen. Arman Sedic jobbar mycket med arrangemangen, \u00e4r lite av en perfektionist.<\/em><\/p>\n<p>&nbsp;<\/p>\n<p><strong>Du var med i Kulturskolans Melodifestival n\u00e4r du gick i nian. Vad betydde det f\u00f6r dig?<\/strong><br \/>\nDet betydde v\u00e4ldigt mycket f\u00f6r mig eftersom det var f\u00f6rsta g\u00e5ngen som jag fick st\u00e5 p\u00e5 en s\u00e5 stor och professionell scen. Hela den produktionen \u00e4r ett j\u00e4ttebra och professionellt initiativ, som verkligen ger en inblick i musikens v\u00e4rld, och jag \u00e4r v\u00e4ldigt tacksam f\u00f6r den m\u00f6jligheten.\u00a0Det \u00e4r v\u00e4ldigt h\u00e4ftigt att f\u00e5 sin egenskrivna l\u00e5t ackompanjerad av ett stort och duktigt band bakom sig f\u00f6r f\u00f6rsta g\u00e5ngen.\u00a0S\u00e5 det \u00e4r absolut n\u00e5got som ligger mig varmt om hj\u00e4rtat och som jag kommer forts\u00e4tta f\u00f6lja varje \u00e5r\u00a0fram\u00f6ver.<\/p>\n<p>F\u00f6rra \u00e5ret hade jag \u00e4ven m\u00f6jligheten att uppleva det hela fr\u00e5n ett nytt perspektiv, d\u00e5 jag satt\u00a0i juryn.<\/p>\n<p><strong>Bara egna l\u00e5tar eller g\u00f6r du covers ocks\u00e5? Hur jobbar du med att utveckla l\u00e5tarna (i b\u00e5da fallen)<\/strong><br \/>\nJag f\u00f6rs\u00f6ker sl\u00e4nga in en cover varje spelning. Tycker det \u00e4r roligt att spela andras l\u00e5tar som jag inspireras av ocks\u00e5.<\/p>\n<p>Eftersom att jag upptr\u00e4der med en loop-pedal s\u00e5 l\u00e4gger jag ner mycket tid p\u00e5 att arrangera l\u00e5tarna. Jag brukar se den f\u00e4rdiga l\u00e5ten utifr\u00e5n hur jag vill ha den framf\u00f6rd av ett band, och d\u00e4rifr\u00e5n plockar jag ut de viktigaste komponenterna s\u00e5 som basg\u00e5ngar, trumkomp, nyckelmelodier i l\u00e5ten, st\u00e4mmor. Allt detta blir tillsammans grunden f\u00f6r mitt egna lilla one-man-band som best\u00e5r utav mig, en gitarr och en pedal.<\/p>\n<p>N\u00e4r det kommer till att skapa egna l\u00e5tar fr\u00e5n grunden s\u00e5 b\u00f6rjar det oftast med att en melodi, en textrad eller n\u00e5gra ackord dyker upp som jag fastnar f\u00f6r och som jag vill forts\u00e4tta p\u00e5 och g\u00f6ra n\u00e5gonting utav. D\u00e5 jobbar jag med texten och musiken parallellt med varandra tills jag k\u00e4nner att det l\u00e5ter riktigt bra.<\/p>\n<p>Jag jobbar tills den d\u00e4r speciella k\u00e4nslan tr\u00e4ffar mig, n\u00e4r man tycker att n\u00e5got man gjort l\u00e5ter s\u00e5 bra s\u00e5 man blir otroligt glad och exalterad, f\u00e5r v\u00e4rsta confidence boosten och vill bara forts\u00e4tta tills det blir \u00e4nnu b\u00e4ttre.\u00a0Det \u00e4r just den k\u00e4nslan man lever f\u00f6r och ocks\u00e5 d\u00e4rf\u00f6r som man forts\u00e4tter skriva musik, och det tror jag \u00e4r gemensamt f\u00f6r alla som skapar musik.<\/p>\n<p>&nbsp;<\/p>\n<p><a title=\"Arman Sedic\" href=\"https:\/\/www.flickr.com\/photos\/kultursidan\/32344927807\/in\/album-72157690175030053\/\"><img loading=\"lazy\" decoding=\"async\" src=\"https:\/\/farm8.staticflickr.com\/7855\/32344927807_14943f35bd.jpg\" alt=\"Arman Sedic\" width=\"500\" height=\"333\" \/><\/a><br \/>\n<em>S\u00e4g inte adj\u00f6. Arman Sedic fick en topplacering i niornas mello 2017. Nu \u00e4r han med i Livekarusellen, d\u00e4r startf\u00e4ltet \u00e4r s\u00e5 mycket st\u00f6rre, f\u00f6r andra \u00e5ret.<\/em><\/p>\n<p>&nbsp;<\/p>\n<p><strong>Du var med i Livekarusellen f\u00f6rra \u00e5ret ocks\u00e5. Vad gav det dig?<\/strong><br \/>\nEn massa sj\u00e4lvf\u00f6rtroende och erfarenhet framf\u00f6rallt. \u00c4ven h\u00e4r f\u00e5r man en inblick i musikv\u00e4rlden d\u00e4r man f\u00e5r k\u00e4nna p\u00e5 hur det \u00e4r att genomf\u00f6ra en mindre turn\u00e9, med allt fr\u00e5n f\u00f6rberedelser till framtr\u00e4dande.<\/p>\n<p>Man f\u00e5r k\u00e4nna p\u00e5 b\u00e5de det som \u00e4r mindre roligt, n\u00e4r det inte g\u00e5r som man t\u00e4nkt sig, men ocks\u00e5 gl\u00e4djen i det hela n\u00e4r allt faller p\u00e5 plats\u00a0vilket \u00e4r j\u00e4ttebra erfarenheter att ha med sig.<\/p>\n<p><strong>Vad vill du uppn\u00e5 med din medverkan i Livekarusellen i \u00e5r?<\/strong><br \/>\nHelst vill jag uppn\u00e5 perfektion varje spelning eftersom att jag \u00e4r s\u00e5 petig av mig, men samtidigt s\u00e5 vet jag ju att det h\u00e4r \u00e4r en resa d\u00e4r meningen \u00e4r att man ska utvecklas och bli b\u00e4ttre som artist, vilket jag f\u00f6rst\u00e5s str\u00e4var efter.<\/p>\n<p>Vill forts\u00e4tta plocka med mig \u00e4nnu mer erfarenheter och sj\u00e4lvf\u00f6rtroende och f\u00f6rs\u00f6ka njuta av resan s\u00e5 mycket som m\u00f6jligt.<\/p>\n<p>Samtidigt vill jag \u00e4ven underh\u00e5lla och ber\u00f6ra publiken med min musik och f\u00e5 dem att njuta och ha kul under mina spelningar ocks\u00e5. Sen \u00e4r det ju f\u00f6rst\u00e5s sjukt kul om man kommer l\u00e5ngt rent t\u00e4vlingsm\u00e4ssigt ocks\u00e5.<\/p>\n<p><strong>Vad heter l\u00e5tarna du ska k\u00f6ra p\u00e5 Turn\u00e9stopp 2?<\/strong><br \/>\nDet blir bara egenskrivna l\u00e5tar,\u00a0bland annat <em>She Doesn&#8217;t Want It <\/em>och<em> Don&#8217;t Say Goodbye<\/em>.<\/p>\n<p><em>\u00a9 Text och foto: Ann-Charlotte Sandelin<\/em><\/p>\n<blockquote>\n<h4>\u00d6STERG\u00d6TLAND<\/h4>\n<p>Vintern-v\u00e5ren 2019<br \/>\n<strong>Livekarusellen &amp; Danskarusellen<\/strong><br \/>\nArr: Studiefr\u00e4mjandet<\/p>\n<p>TURN\u00c9STOPP 2<\/p>\n<p style=\"padding-left: 40px;\">6 mars 2019 kl 19<br \/>\n<strong>\u2013 Pool 3 \u2013 M\u00e5ngfaldshuset, Norrk\u00f6ping<\/strong><\/p>\n<p style=\"padding-left: 80px;\"><strong>18 Horses<\/strong> Norrk\u00f6ping<br \/>\nHip hop<\/p>\n<p style=\"padding-left: 80px;\"><strong>Alfred YAO<\/strong> Valdemarsvik<br \/>\nPunk<\/p>\n<p style=\"padding-left: 80px;\"><strong>Arman Sedic<\/strong> Norrk\u00f6ping<br \/>\nSinger\/Songwriter<\/p>\n<p style=\"padding-left: 80px;\"><strong>Joel P<\/strong> Link\u00f6ping<br \/>\nHip hop<\/p>\n<p style=\"padding-left: 80px;\"><strong>RED:DOT<\/strong> Link\u00f6ping<br \/>\nJapansk rock<\/p>\n<p style=\"padding-left: 80px;\"><strong>Tim Stensson Palm<\/strong> \u00d6stra Eneby<br \/>\nSinger\/Songwriter<\/p>\n<p style=\"padding-left: 40px;\">7 mars 2019 kl 19<br \/>\n<strong>\u2013 Pool 4 \u2013 L&#8217;Orient, Link\u00f6ping<\/strong><\/p>\n<p style=\"padding-left: 80px;\"><strong>Holiday Robbers<\/strong> Norrk\u00f6ping<br \/>\nPop\/Rock<\/p>\n<p style=\"padding-left: 80px;\"><strong>Jams\u00e4llskapet<\/strong> Link\u00f6ping<br \/>\nPop\/Rock<\/p>\n<p style=\"padding-left: 80px;\"><strong>Jessica Christina<\/strong> Link\u00f6ping<br \/>\nSinger\/Songwriter<\/p>\n<p style=\"padding-left: 80px;\"><strong>Moon Amid Branches<\/strong> \u00c5tvidaberg<br \/>\nIndierock<\/p>\n<p style=\"padding-left: 80px;\"><strong>Out of Mind<\/strong> Norrk\u00f6ping<br \/>\nIndierock<\/p>\n<p style=\"padding-left: 80px;\"><strong>Rikard Norman<\/strong> Norrk\u00f6ping<br \/>\nSinger\/Songwriter<\/p>\n<p style=\"padding-left: 80px;\"><strong>The Suffragettes<\/strong> Link\u00f6ping<br \/>\nPunk<\/p>\n<p style=\"padding-left: 40px;\">15 mars 2019 kl 19<br \/>\n<strong>\u2013 Pool 2 \u2013 Blacka Musik, Sk\u00e4rblacka<\/strong><\/p>\n<p style=\"padding-left: 80px;\"><strong>Borderline<\/strong> Norrk\u00f6ping<br \/>\nRock<\/p>\n<p style=\"padding-left: 80px;\"><strong>De Figuur<\/strong> Norrk\u00f6ping<br \/>\nStoner<\/p>\n<p style=\"padding-left: 80px;\"><strong>Know Thyself<\/strong> Link\u00f6ping<br \/>\nMetal<\/p>\n<p style=\"padding-left: 80px;\"><strong>RUN<\/strong> Sk\u00e4rblacka<br \/>\nPop\/Rock<\/p>\n<p style=\"padding-left: 80px;\"><strong>Varices<\/strong> Norrk\u00f6ping<br \/>\nMetal<\/p>\n<p style=\"padding-left: 40px;\">15 mars 2019 kl 19<br \/>\n<strong>\u2013 Pool 5 \u2013 Focus fritidsg\u00e5rd, S\u00f6derk\u00f6ping<\/strong><\/p>\n<p style=\"padding-left: 80px;\"><strong>Angelica<\/strong> Norrk\u00f6ping<br \/>\nSinger\/Songwriter<\/p>\n<p style=\"padding-left: 80px;\"><strong>Etain<\/strong> Link\u00f6ping<br \/>\nPop\/Rock<\/p>\n<p style=\"padding-left: 80px;\"><strong>Joffe<\/strong> Norrk\u00f6ping<br \/>\nSinger\/Songwriter<\/p>\n<p style=\"padding-left: 80px;\"><strong>Leos<\/strong> Norrk\u00f6ping<br \/>\nPop\/Rock<\/p>\n<p style=\"padding-left: 80px;\"><strong>Mikael H\u00e5llander<\/strong> Link\u00f6ping<br \/>\nSinger\/Songwriter<\/p>\n<p style=\"padding-left: 80px;\"><strong>Replay<\/strong> Link\u00f6ping<br \/>\nPop\/Rock<\/p>\n<p style=\"padding-left: 40px;\">15 mars 2019 kl 19<br \/>\n<strong>\u2013 Pool 6 \u2013 R\u00e5ssla fritidsg\u00e5rd, Norrk\u00f6ping<\/strong><\/p>\n<p style=\"padding-left: 80px;\"><strong>Holiday Robbers<\/strong> Norrk\u00f6ping<br \/>\nPop\/ Rock<\/p>\n<p style=\"padding-left: 80px;\"><strong>Refvens Grund<\/strong> Norrk\u00f6ping<br \/>\nPunk<\/p>\n<p style=\"padding-left: 80px;\"><strong>Sam Dale<\/strong> Norrk\u00f6ping<br \/>\nSinger\/Songwriter<\/p>\n<p style=\"padding-left: 80px;\"><strong>Simon Lindstr\u00f6m<\/strong> Link\u00f6ping<br \/>\nIndiepop<\/p>\n<p style=\"padding-left: 80px;\"><strong>Skvallertorget<\/strong> Norrk\u00f6ping<br \/>\nIndiepop<\/p>\n<p style=\"padding-left: 40px;\">22 mars 2019 kl 19<br \/>\n<strong>\u2013 Pool 1 \u2013 Arbis kulturhus, Link\u00f6ping<br \/>\n<\/strong><\/p>\n<p style=\"padding-left: 80px;\"><strong>David Gustafsson<\/strong> Link\u00f6ping<br \/>\nSinger\/Songwriter<\/p>\n<p style=\"padding-left: 80px;\"><strong>Kromosomen<\/strong> Motala<br \/>\nPunk<\/p>\n<p style=\"padding-left: 80px;\"><strong>Niklas Kay<\/strong> Motala<br \/>\nSinger\/Songwriter<\/p>\n<p style=\"padding-left: 80px;\"><strong>RebEllinor<\/strong> Malmsl\u00e4tt<br \/>\nSinger\/Songwriter<\/p>\n<p style=\"padding-left: 80px;\"><strong>REFLECTO<\/strong> Mj\u00f6lby<br \/>\nAnnan musikstil<\/p>\n<p style=\"padding-left: 80px;\"><strong>Sunny John\u2019s<\/strong> Link\u00f6ping<br \/>\nPunk<\/p>\n<\/blockquote>\n<p>L\u00c4NKAR<br \/>\nArman Sedic <a href=\"https:\/\/www.facebook.com\/armansedicofficial\/\" target=\"_blank\" rel=\"noopener noreferrer\">Facebook<\/a><br \/>\nLivekarusellen <a href=\"http:\/\/www.livekarusellen.se\/kalender\/\" target=\"_blank\" rel=\"noopener noreferrer\">kalender<\/a> <a href=\"https:\/\/www.facebook.com\/livekarusellen\/\" target=\"_blank\" rel=\"noopener noreferrer\">Facebook<\/a><\/p>\n<p>Leos ser fram mot Turn\u00e9stopp 1 + listan <a href=\"https:\/\/www.kultursidan.nu\/?p=39957\" target=\"_blank\" rel=\"noopener noreferrer\">reportage<\/a> Kultursidan.nu 30\/1 2019<br \/>\nKatapult med musik &amp; grrlpower <a href=\"https:\/\/www.kultursidan.nu\/?p=39834\" target=\"_blank\" rel=\"noopener noreferrer\">reportage<\/a> Kultursidan.nu 21\/1 2019<br \/>\nKatapultstart f\u00f6r putsad Livekarusell <a href=\"https:\/\/www.kultursidan.nu\/?p=39773\" target=\"_blank\" rel=\"noopener noreferrer\">reportage<\/a> Kultursidan.nu 16\/1 2019<\/p>\n<p>Dags f\u00f6r niornas eget mello i Flygeln <a href=\"https:\/\/www.kultursidan.nu\/?p=30541\" target=\"_blank\" rel=\"noopener noreferrer\">reportage<\/a> Kultursidan.nu 26\/4 2017<\/p>\n","protected":false},"excerpt":{"rendered":"<p>NORRK\u00d6PING Dags f\u00f6r Turn\u00e9stopp 2. Med gitarren i hand och loop-pedalen under foten njuter singer\/ songwritern Arman Sedic av resan i Livekarusellen. H\u00e4r \u00e4r listan till alla 36 musikakternas runda, Arman \u00e4r med i Pool 3 som inleder p\u00e5 M\u00e5ngfaldshuset i Norrk\u00f6ping.  <a class=\"continue-reading-link\" href=\"https:\/\/www.kultursidan.nu\/?p=40500\">L\u00e4s mer <span class=\"meta-nav\">&rarr; <\/span><\/a><\/p>\n","protected":false},"author":1001006,"featured_media":0,"comment_status":"closed","ping_status":"open","sticky":false,"template":"","format":"standard","meta":{"_jetpack_memberships_contains_paid_content":false,"footnotes":""},"categories":[7,1],"tags":[13],"class_list":["post-40500","post","type-post","status-publish","format-standard","hentry","category-norrkoping","category-okategoriserade","tag-musik"],"jetpack_featured_media_url":"","jetpack_sharing_enabled":true,"_links":{"self":[{"href":"https:\/\/www.kultursidan.nu\/index.php?rest_route=\/wp\/v2\/posts\/40500","targetHints":{"allow":["GET"]}}],"collection":[{"href":"https:\/\/www.kultursidan.nu\/index.php?rest_route=\/wp\/v2\/posts"}],"about":[{"href":"https:\/\/www.kultursidan.nu\/index.php?rest_route=\/wp\/v2\/types\/post"}],"author":[{"embeddable":true,"href":"https:\/\/www.kultursidan.nu\/index.php?rest_route=\/wp\/v2\/users\/1001006"}],"replies":[{"embeddable":true,"href":"https:\/\/www.kultursidan.nu\/index.php?rest_route=%2Fwp%2Fv2%2Fcomments&post=40500"}],"version-history":[{"count":5,"href":"https:\/\/www.kultursidan.nu\/index.php?rest_route=\/wp\/v2\/posts\/40500\/revisions"}],"predecessor-version":[{"id":40563,"href":"https:\/\/www.kultursidan.nu\/index.php?rest_route=\/wp\/v2\/posts\/40500\/revisions\/40563"}],"wp:attachment":[{"href":"https:\/\/www.kultursidan.nu\/index.php?rest_route=%2Fwp%2Fv2%2Fmedia&parent=40500"}],"wp:term":[{"taxonomy":"category","embeddable":true,"href":"https:\/\/www.kultursidan.nu\/index.php?rest_route=%2Fwp%2Fv2%2Fcategories&post=40500"},{"taxonomy":"post_tag","embeddable":true,"href":"https:\/\/www.kultursidan.nu\/index.php?rest_route=%2Fwp%2Fv2%2Ftags&post=40500"}],"curies":[{"name":"wp","href":"https:\/\/api.w.org\/{rel}","templated":true}]}}