{"id":40571,"date":"2019-03-08T12:06:27","date_gmt":"2019-03-08T11:06:27","guid":{"rendered":"https:\/\/intelligent-friend-7861.standoutwp.com\/?p=40571"},"modified":"2019-03-08T13:29:26","modified_gmt":"2019-03-08T12:29:26","slug":"sju-akvarellister-pa-bergslagsgarden","status":"publish","type":"post","link":"https:\/\/www.kultursidan.nu\/?p=40571","title":{"rendered":"Sju akvarellister p\u00e5 Bergslagsg\u00e5rden"},"content":{"rendered":"<p><img loading=\"lazy\" decoding=\"async\" class=\"alignnone size-medium wp-image-40572\" src=\"https:\/\/www.kultursidan.nu\/wp-content\/uploads\/2019\/03\/DSCF6793-567x378.jpg\" alt=\"\" width=\"567\" height=\"378\" srcset=\"https:\/\/www.kultursidan.nu\/wp-content\/uploads\/2019\/03\/DSCF6793-567x378.jpg 567w, https:\/\/www.kultursidan.nu\/wp-content\/uploads\/2019\/03\/DSCF6793-768x512.jpg 768w, https:\/\/www.kultursidan.nu\/wp-content\/uploads\/2019\/03\/DSCF6793-1024x683.jpg 1024w, https:\/\/www.kultursidan.nu\/wp-content\/uploads\/2019\/03\/DSCF6793-150x100.jpg 150w, https:\/\/www.kultursidan.nu\/wp-content\/uploads\/2019\/03\/DSCF6793-500x333.jpg 500w, https:\/\/www.kultursidan.nu\/wp-content\/uploads\/2019\/03\/DSCF6793.jpg 1200w\" sizes=\"auto, (max-width: 567px) 100vw, 567px\" \/><br \/>\n<em>Akvareller. H\u00e4r \u00e4r det m\u00e5lningar av Margareta Isberg, Birgitta Johansson och Gittan Aspenstam.<\/em><\/p>\n<p>&nbsp;<\/p>\n<h1><span style=\"color: #ff0000;\">I naturens och sk\u00f6nhetens tecken<\/span><\/h1>\n<p>&nbsp;<\/p>\n<p>NORRK\u00d6PING <strong>Skapande ger gl\u00e4dje.<\/strong> Sju kvinnor som m\u00e5lar tillsammans sedan m\u00e5nga \u00e5r st\u00e4ller ut p\u00e5 ABF Bergslagsg\u00e5rden vid Skvallertorget. Akvarell \u00e4r huvudtekniken, n\u00e5gra ger sig \u00e4ven p\u00e5 akryl. Motiven f\u00e5ngar natur och minnen i stort och sm\u00e5tt. Eller bara ren lust till f\u00e4rg och form.<\/p>\n<p><strong>\u2013 Vi b\u00f6rjar kv\u00e4llen med att h\u00e4nga upp sakerna vi gjort hemma under veckan och diskuterar tillsammans<\/strong>, ber\u00e4ttar Marianne Biander som st\u00e4ller ut tillsammans med v\u00e4nnerna i ABF Bergslagsg\u00e5rden under mars m\u00e5nad.<\/p>\n<p>&nbsp;<\/p>\n<p><a title=\"Marianne Biander\" href=\"https:\/\/www.flickr.com\/photos\/kultursidan\/46593397594\/in\/album-72157690242340693\/\"><img loading=\"lazy\" decoding=\"async\" src=\"https:\/\/farm8.staticflickr.com\/7922\/46593397594_0fefb3da06.jpg\" alt=\"Marianne Biander\" width=\"500\" height=\"333\" \/><\/a><br \/>\n<em>Delad. Marianne Bianders fruktstilleben blev intressantare n\u00e4r hon kl\u00f6v motivet.<\/em><\/p>\n<p>&nbsp;<\/p>\n<p><strong>Gruppen som v\u00e4xt fram ur en studiecirkel tr\u00e4ffas numera p\u00e5 Hemg\u00e5rden.<\/strong> Mer \u00e4n 70 akvareller och n\u00e5gra akrylm\u00e5lningar fyller v\u00e4ggarna och vittnar om \u00e5r av f\u00f6rkovran och personliga b\u00f6jelser.<\/p>\n<p>Motiven g\u00e5r i naturens och sk\u00f6nhetens tecken, djur, v\u00e4xter och kanske barndomsminnen. \u00c5tminstone \u00e4r det dit tanken g\u00e5r n\u00e4r en cykel st\u00e5r parkerad i ett h\u00f6rn eller n\u00e5gra kor rymt och g\u00e5r p\u00e5 v\u00e4gen.<\/p>\n<p><strong>\u2013 Jag raggade upp v\u00e5r nuvarande handledare Annika Jonas n\u00e4r hon var inbjuden till ett \u00e5rsm\u00f6te,<\/strong> s\u00e4ger Marianne Biander.<\/p>\n<p>Hon visar hur \u00e5rsm\u00f6testricket som sedan pr\u00f6vats i gruppen \u2013 att m\u00e5la prestigel\u00f6st utan att t\u00e4nka p\u00e5 motiv och sedan med en \u201df\u00f6r liten\u201d ram hitta \u00f6verraskande motiv \u2013 lett till miniatyrerna i en monter.<\/p>\n<p>&nbsp;<\/p>\n<p><a title=\"Gittan Aspenstam\" href=\"https:\/\/www.flickr.com\/photos\/kultursidan\/47264253262\/in\/album-72157690242340693\/\"><img loading=\"lazy\" decoding=\"async\" src=\"https:\/\/farm8.staticflickr.com\/7812\/47264253262_29b31bf970.jpg\" alt=\"Gittan Aspenstam\" width=\"500\" height=\"333\" \/><\/a><br \/>\n<em>Miniatyrer. Gittan Aspenstams bilder \u00e4r bara n\u00e5gra centimeter h\u00f6ga.<\/em><\/p>\n<p>&nbsp;<\/p>\n<p><strong>\u2013 F\u00f6r mig \u00e4r det bara akvarell som g\u00e4ller.<\/strong> Ibland \u00e4r det bara att l\u00e4gga undan. Ibland blir jag \u00f6verraskad, n\u00e4r det blir mycket b\u00e4ttre \u00e4n jag trodde, n\u00e4r jag ser hur det blivit n\u00e4r det torkat.<\/p>\n<p><em>\u00a9 Text och foto: Ann-Charlotte Sandelin<\/em><\/p>\n<p>BILDSPEL \u2013 KLICKA P\u00c5 BILDENS PILAR<\/p>\n<p><a data-flickr-embed='true' href='https:\/\/www.flickr.com\/photos\/kultursidan\/albums\/72157690242340693' title='Samlingsutst\u00e4llning akvarell och akryl, ABF Bergslagsg\u00e5rden 2019 by Kultursidan, on Flickr'><img src='https:\/\/live.staticflickr.com\/7822\/47264332112_78350430e9_z.jpg' width='800' height='600' alt='Samlingsutst\u00e4llning'><\/a><script async src='https:\/\/embedr.flickr.com\/assets\/client-code.js' charset='utf-8'><\/script><\/p>\n<blockquote>\n<h4>ABF BERGSLAGSG\u00c5RDEN Norrk\u00f6ping<\/h4>\n<p>2\u201328 mars 2019<br \/>\n<strong>Samlingsutst\u00e4llning akvarell och akryl<\/strong><br \/>\nBirgitta Johansson<br \/>\nGittan Aspenstam<br \/>\nGun Larsson<br \/>\nGunnel N\u00f6jd<br \/>\nMargareta Isberg<br \/>\nMarianne Biander<br \/>\nMia H. Elfgren<\/p>\n<p style=\"padding-left: 40px;\">Vernissage 2\u20133\/3 kl 12\u201316<br \/>\nExtra \u00f6ppet 17\/3 kl 13\u201315<\/p>\n<\/blockquote>\n<p>L\u00c4NKAR<br \/>\nABF Bergslagsg\u00e5rden <a href=\"https:\/\/www.facebook.com\/ABF-Bergslagsg\u00e5rden-Norrk\u00f6ping-331446280304571\/\" target=\"_blank\" rel=\"noopener noreferrer\">Facebook<\/a><\/p>\n","protected":false},"excerpt":{"rendered":"<p>NORRK\u00d6PING Skapande ger gl\u00e4dje. Sju kvinnor som m\u00e5lar tillsammans sedan m\u00e5nga \u00e5r st\u00e4ller ut p\u00e5 ABF Bergslagsg\u00e5rden vid Skvallertorget. Akvarell \u00e4r huvudtekniken, n\u00e5gra ger sig \u00e4ven p\u00e5 akryl. Motiven f\u00e5ngar natur och minnen i stort och sm\u00e5tt. Eller bara ren lust till f\u00e4rg och form.  <a class=\"continue-reading-link\" href=\"https:\/\/www.kultursidan.nu\/?p=40571\">L\u00e4s mer <span class=\"meta-nav\">&rarr; <\/span><\/a><\/p>\n","protected":false},"author":1001006,"featured_media":0,"comment_status":"closed","ping_status":"open","sticky":false,"template":"","format":"standard","meta":{"_jetpack_memberships_contains_paid_content":false,"footnotes":""},"categories":[7],"tags":[14,47],"class_list":["post-40571","post","type-post","status-publish","format-standard","hentry","category-norrkoping","tag-konst","tag-utstallning"],"jetpack_featured_media_url":"","jetpack_sharing_enabled":true,"_links":{"self":[{"href":"https:\/\/www.kultursidan.nu\/index.php?rest_route=\/wp\/v2\/posts\/40571","targetHints":{"allow":["GET"]}}],"collection":[{"href":"https:\/\/www.kultursidan.nu\/index.php?rest_route=\/wp\/v2\/posts"}],"about":[{"href":"https:\/\/www.kultursidan.nu\/index.php?rest_route=\/wp\/v2\/types\/post"}],"author":[{"embeddable":true,"href":"https:\/\/www.kultursidan.nu\/index.php?rest_route=\/wp\/v2\/users\/1001006"}],"replies":[{"embeddable":true,"href":"https:\/\/www.kultursidan.nu\/index.php?rest_route=%2Fwp%2Fv2%2Fcomments&post=40571"}],"version-history":[{"count":5,"href":"https:\/\/www.kultursidan.nu\/index.php?rest_route=\/wp\/v2\/posts\/40571\/revisions"}],"predecessor-version":[{"id":40577,"href":"https:\/\/www.kultursidan.nu\/index.php?rest_route=\/wp\/v2\/posts\/40571\/revisions\/40577"}],"wp:attachment":[{"href":"https:\/\/www.kultursidan.nu\/index.php?rest_route=%2Fwp%2Fv2%2Fmedia&parent=40571"}],"wp:term":[{"taxonomy":"category","embeddable":true,"href":"https:\/\/www.kultursidan.nu\/index.php?rest_route=%2Fwp%2Fv2%2Fcategories&post=40571"},{"taxonomy":"post_tag","embeddable":true,"href":"https:\/\/www.kultursidan.nu\/index.php?rest_route=%2Fwp%2Fv2%2Ftags&post=40571"}],"curies":[{"name":"wp","href":"https:\/\/api.w.org\/{rel}","templated":true}]}}