{"id":40612,"date":"2019-03-11T17:36:55","date_gmt":"2019-03-11T16:36:55","guid":{"rendered":"https:\/\/intelligent-friend-7861.standoutwp.com\/?p=40612"},"modified":"2019-03-22T18:44:20","modified_gmt":"2019-03-22T17:44:20","slug":"kom-igen-ut-ur-mausoleet-caritha","status":"publish","type":"post","link":"https:\/\/www.kultursidan.nu\/?p=40612","title":{"rendered":"Kom igen, ut ur mausoleet, Caritha!"},"content":{"rendered":"<p><img loading=\"lazy\" decoding=\"async\" class=\"alignnone size-medium wp-image-40613\" src=\"https:\/\/www.kultursidan.nu\/wp-content\/uploads\/2019\/03\/DSC6777-567x379.jpg\" alt=\"\" width=\"567\" height=\"379\" srcset=\"https:\/\/www.kultursidan.nu\/wp-content\/uploads\/2019\/03\/DSC6777-567x379.jpg 567w, https:\/\/www.kultursidan.nu\/wp-content\/uploads\/2019\/03\/DSC6777-768x513.jpg 768w, https:\/\/www.kultursidan.nu\/wp-content\/uploads\/2019\/03\/DSC6777-1024x684.jpg 1024w, https:\/\/www.kultursidan.nu\/wp-content\/uploads\/2019\/03\/DSC6777-150x100.jpg 150w, https:\/\/www.kultursidan.nu\/wp-content\/uploads\/2019\/03\/DSC6777-499x333.jpg 499w, https:\/\/www.kultursidan.nu\/wp-content\/uploads\/2019\/03\/DSC6777.jpg 1378w\" sizes=\"auto, (max-width: 567px) 100vw, 567px\" \/><br \/>\n<em>Melankoli. Caritha, spelad av Carina Jingrot, grunnar \u00f6ver vardagens tristess och f\u00f6rluster i monologen Kom igen, Caritha!<\/em><\/p>\n<p>&nbsp;<\/p>\n<h1><span style=\"color: #ff0000;\">Hur blev livets prins en padda?<\/span><\/h1>\n<p>&nbsp;<\/p>\n<p>RECENSION\/ NORRK\u00d6PING <strong>Vad var det som h\u00e4nde?<\/strong> Allts\u00e5 livet, dr\u00f6mmarna, prinsen och nu medel\u00e5lderns vardag. Carina Jingrot bj\u00f6d p\u00e5 mycket humor och lite melankoli i monologen <em>Kom igen. Caritha!<\/em> p\u00e5 Teater Br\u00e5ddgatan 34 med Riksteaterf\u00f6reningen KariN.<\/p>\n<p><strong><em>Kom igen. Caritha!<\/em> \u00e4r en monolog om det dagliga livet och hur det faktiskt ser ut f\u00f6r de flesta i medel\u00e5ldern.<\/strong> Manuset \u00e4r skrivet av Lotta Eriksson och monologen framf\u00f6rs av Carina Jingrot, Teater Barbara.<\/p>\n<p>Caritha samlar p\u00e5 statistik. Det \u00e4r ju n\u00e5got enkelt att f\u00f6rh\u00e5lla sig till, men vi f\u00e5r inte gl\u00f6mma bort att statistik beh\u00f6ver k\u00e4llor och att vi \u00e4ven beh\u00f6ver ett kritiskt t\u00e4nkande som en kompass genom livet.<\/p>\n<p>Genomsnittsl\u00e4ngden f\u00f6r en kvinna idag \u00e4r 84 \u00e5r och har man d\u00e5 klivit \u00f6ver 50-\u00e5rsstrecket s\u00e5 har man med andra ord levt mer \u00e4n h\u00e4lften av sitt liv. Det \u00e4r d\u00e5 inte s\u00e5 konstigt att man d\u00e5 stannar upp och undrar vad som h\u00e4nt i livet. Varf\u00f6r inte vissa dr\u00f6mmar blev av just f\u00f6r att livet kom emellan. Att livet g\u00e5r i cykler \u00e4r vi nog alla medvetna om.<\/p>\n<p>&nbsp;<\/p>\n<p><a title=\"Kom igen, Caritha!\" href=\"https:\/\/www.flickr.com\/photos\/kultursidan\/46627260214\/in\/album-72157679285162848\/\"><img loading=\"lazy\" decoding=\"async\" src=\"https:\/\/farm8.staticflickr.com\/7818\/46627260214_e9fbba0030.jpg\" alt=\"Kom igen, Caritha!\" width=\"500\" height=\"333\" \/><\/a><br \/>\n<em>I mausoleet. Blev det inte mer \u00e4n en l\u00e4genhet av livet?<\/em><\/p>\n<p>&nbsp;<\/p>\n<p><strong><em>Kom igen. Caritha!<\/em> har mycket humor, h\u00f6g igenk\u00e4nningsfaktor samt lite melankoli och nostalgi.<\/strong> Carina Jingrot k\u00e4nns v\u00e4ldigt avslappnad\u00a0 p\u00e5 scenen, hon r\u00f6r sig ledigt mellan skrivbordet och den st\u00e5ende mikrofonen. Ett f\u00f6nster finns markerat p\u00e5 scenv\u00e4ggen.<\/p>\n<p>\u2013 H\u00e4r lever jag i min l\u00e4genhet, mausoleet \u00f6ver mitt liv!, s\u00e4ger Caritha.<\/p>\n<p>Och visst kan v\u00e4l livet i perioder k\u00e4nnas f\u00f6r gr\u00e5tt, f\u00f6r mycket traskande i ekorrhjulet. M\u00e5nga av oss har f\u00e5tt barn, livets prins visar sig ha blivit en padda och man k\u00e4nner att man lever med en total fr\u00e4mling. Det blir f\u00f6r\u00e4ndringar, som ibland g\u00e5r fort och ibland f\u00f6r l\u00e5ngsamt.<\/p>\n<p><strong>Sj\u00e4lv tycker jag att medel\u00e5ldern \u00e4r r\u00e4tt behagligt.<\/strong> Man beh\u00f6ver inte imponera eller r\u00e4ttare sagt ton\u00e5rens behov att imponera finns inte l\u00e4ngre. Man f\u00e5r vara lite bekv\u00e4m, det \u00e4r sk\u00f6nare att stanna hemma i joggingbrallorna \u00e4n vara ute en kv\u00e4ll p\u00e5 krogen.<\/p>\n<p>&nbsp;<\/p>\n<p><a title=\"Kom igen, Caritha!\" href=\"https:\/\/www.flickr.com\/photos\/kultursidan\/46627260134\/in\/album-72157679285162848\/\"><img loading=\"lazy\" decoding=\"async\" src=\"https:\/\/farm8.staticflickr.com\/7846\/46627260134_8000aec4bf.jpg\" alt=\"Kom igen, Caritha!\" width=\"500\" height=\"333\" \/><\/a><br \/>\n<em>Avstamp. Kom igen, Caritha! handlar ocks\u00e5 om att v\u00e5ga leva h\u00e4r i nuet.<\/em><\/p>\n<p>&nbsp;<\/p>\n<p><strong>Lika mycket som monologen handlar om vardagsrealismen s\u00e5 handlar <em>Kom igen, Caritha!<\/em> ocks\u00e5 om att v\u00e5ga leva h\u00e4r i nuet, \u00e4ven p\u00e5 v\u00e4g mot livets h\u00f6st.<\/strong> Dr\u00f6mmen beh\u00f6ver inte vara f\u00f6rlorad men den kanske har \u00e4ndrats p\u00e5 v\u00e4gen.<\/p>\n<p>Publiken var nog till st\u00f6rsta del medel\u00e5lders kvinnor men det kanske var d\u00e4rf\u00f6r igenk\u00e4nningsfaktorn var s\u00e5 h\u00f6g. Vi skrattar och k\u00e4nner med Caritha just f\u00f6r att vi alla har en s\u00e5dan person inom oss.<\/p>\n<p>Det \u00e4r nog bra att hon finns d\u00e4r och sparkar lite p\u00e5 oss, s\u00e5 att vi v\u00e5gar vara n\u00e4rvarande i livet \u00e4ven n\u00e4r vi \u00e4r n\u00e4rmare slutet \u00e4n b\u00f6rjan.<\/p>\n<p><em>\u00a9 Text: Christina Wernersson<br \/>\n\u00a9 Foto: Jos\u00e9 Figueroa<br \/>\n<\/em><\/p>\n<blockquote>\n<h4>RIKSTEATERF\u00d6RENINGEN KARIN<\/h4>\n<p>Vinter\u2013v\u00e5r 2019<\/p>\n<p style=\"padding-left: 40px;\">TEATER BR\u00c5DDGATAN 34 Norrk\u00f6ping<br \/>\n3 februari kl 16<br \/>\n<strong>Rhythmania<\/strong><br \/>\nDansf\u00f6rest\u00e4llning<br \/>\nKoreografi\/ Dans: Anna \u00d6berg<\/p>\n<p style=\"padding-left: 40px;\">FOLKETS HUS Sk\u00e4rblacka<br \/>\n9 februari kl 16<br \/>\n<strong>Jag tog v\u00e4gen bort fr\u00e5n kartan<\/strong><br \/>\nMusikf\u00f6rest\u00e4llning<br \/>\nSara Lindh och Krister Jonsson<\/p>\n<p>TEATER BR\u00c5DDGATAN 34 Norrk\u00f6ping<br \/>\n8 mars kl 19<br \/>\n<strong>Kom igen, Caritha! \u2013 en existentiell show om livet som det blev<\/strong><br \/>\nCabaret\/ monolog<br \/>\nav Lotta Eriksson<br \/>\nRegi: Malin Morgan<br \/>\nMedverkande: Carin Jingrot<br \/>\nProd: Teater Barbara<\/p>\n<p style=\"padding-left: 40px;\">TEATER BR\u00c5DDGATAN 34 Norrk\u00f6ping<br \/>\n19 mars kl 19.30<br \/>\n<strong>En kv\u00e4ll med Christian Zell<\/strong><br \/>\nTeaterminnen \u2013 Christian ber\u00e4ttar, l\u00e4ser, sjunger och spelar<\/p>\n<p style=\"padding-left: 40px;\">FOLKETS HUS \u00c5by<br \/>\n3 april kl 19<br \/>\n<strong>En frid(a) f\u00f6r sj\u00e4len<\/strong><br \/>\nSk\u00e5despelerskan Anna Brom\u00e9e tolkar Anni-Frid Lyngstads musik<\/p>\n<p style=\"padding-left: 40px;\">FOLKETS HUS Sk\u00e4rblacka<br \/>\n12 april kl 19<br \/>\n<strong>S\u00e4g Algots det r\u00e4cker<\/strong><br \/>\nNostalgi och musik med Cecilia Kyllinge, Solveig Bergqvist Larsson, Anders Larm och Jan-Olof Jonsson.<\/p>\n<p style=\"padding-left: 40px;\">samt<\/p>\n<p style=\"padding-left: 40px;\">Under Dansens vecka i april<br \/>\n<strong>Norrk\u00f6ping Slow Clap \u2013 Dans f\u00f6r alla<\/strong><br \/>\nD\u00e4r amat\u00f6rer och professionella dansare m\u00f6ts och dans uppst\u00e5r<br \/>\nUnder ledning av Iki Gonzales Magnusson<\/p>\n<\/blockquote>\n<p>L\u00c4NKAR<br \/>\nTeater Barbara <a href=\"https:\/\/www.barbara.nu\" target=\"_blank\" rel=\"noopener noreferrer\">hemsida<\/a> Riksteaterf\u00f6reningen KariN <a href=\"http:\/\/karin.riksteatern.se\" target=\"_blank\" rel=\"noopener noreferrer\">hemsida<\/a> <a href=\"https:\/\/www.facebook.com\/karin.riksteatern\/?fref=ts\" target=\"_blank\" rel=\"noopener noreferrer\">Facebook<\/a><br \/>\nTeater Br\u00e5ddgatan 34 <a href=\"http:\/\/www.hallarna.org\/\" target=\"_blank\" rel=\"noopener noreferrer\">hemsida<\/a> <a href=\"https:\/\/www.facebook.com\/teaterbg34\/?fref=ts\" target=\"_blank\" rel=\"noopener noreferrer\">Facebook<\/a><br \/>\nMot folkdansens k\u00e4rna i Rhythmania <a href=\"https:\/\/www.kultursidan.nu\/?p=40022\" target=\"_blank\" rel=\"noopener noreferrer\">recension<\/a> Kultursidan.nu 5\/2 2019<br \/>\nDans x 2 \u2013 Far Away och Rhythmania <a href=\"https:\/\/www.kultursidan.nu\/?p=39983\" target=\"_blank\" rel=\"noopener noreferrer\">reportage<\/a> Kultursidan.nu 31\/1 2019<\/p>\n","protected":false},"excerpt":{"rendered":"<p>RECENSION\/ NORRK\u00d6PING Vad var det som h\u00e4nde? Allts\u00e5 livet, dr\u00f6mmarna, prinsen och nu medel\u00e5lderns vardag. Carina Jingrot bj\u00f6d p\u00e5 mycket humor och lite melankoli i monologen Kom igen. Caritha! p\u00e5 Teater Br\u00e5ddgatan 34 med Riksteaterf\u00f6reningen KariN. <a class=\"continue-reading-link\" href=\"https:\/\/www.kultursidan.nu\/?p=40612\">L\u00e4s mer <span class=\"meta-nav\">&rarr; <\/span><\/a><\/p>\n","protected":false},"author":1001006,"featured_media":0,"comment_status":"closed","ping_status":"open","sticky":false,"template":"","format":"standard","meta":{"_jetpack_memberships_contains_paid_content":false,"footnotes":""},"categories":[7],"tags":[12],"class_list":["post-40612","post","type-post","status-publish","format-standard","hentry","category-norrkoping","tag-teater"],"jetpack_featured_media_url":"","jetpack_sharing_enabled":true,"_links":{"self":[{"href":"https:\/\/www.kultursidan.nu\/index.php?rest_route=\/wp\/v2\/posts\/40612","targetHints":{"allow":["GET"]}}],"collection":[{"href":"https:\/\/www.kultursidan.nu\/index.php?rest_route=\/wp\/v2\/posts"}],"about":[{"href":"https:\/\/www.kultursidan.nu\/index.php?rest_route=\/wp\/v2\/types\/post"}],"author":[{"embeddable":true,"href":"https:\/\/www.kultursidan.nu\/index.php?rest_route=\/wp\/v2\/users\/1001006"}],"replies":[{"embeddable":true,"href":"https:\/\/www.kultursidan.nu\/index.php?rest_route=%2Fwp%2Fv2%2Fcomments&post=40612"}],"version-history":[{"count":6,"href":"https:\/\/www.kultursidan.nu\/index.php?rest_route=\/wp\/v2\/posts\/40612\/revisions"}],"predecessor-version":[{"id":40763,"href":"https:\/\/www.kultursidan.nu\/index.php?rest_route=\/wp\/v2\/posts\/40612\/revisions\/40763"}],"wp:attachment":[{"href":"https:\/\/www.kultursidan.nu\/index.php?rest_route=%2Fwp%2Fv2%2Fmedia&parent=40612"}],"wp:term":[{"taxonomy":"category","embeddable":true,"href":"https:\/\/www.kultursidan.nu\/index.php?rest_route=%2Fwp%2Fv2%2Fcategories&post=40612"},{"taxonomy":"post_tag","embeddable":true,"href":"https:\/\/www.kultursidan.nu\/index.php?rest_route=%2Fwp%2Fv2%2Ftags&post=40612"}],"curies":[{"name":"wp","href":"https:\/\/api.w.org\/{rel}","templated":true}]}}