{"id":40633,"date":"2019-03-12T17:46:20","date_gmt":"2019-03-12T16:46:20","guid":{"rendered":"https:\/\/intelligent-friend-7861.standoutwp.com\/?p=40633"},"modified":"2019-03-12T17:46:32","modified_gmt":"2019-03-12T16:46:32","slug":"salig-popfestival-pa-munken-i-helgen","status":"publish","type":"post","link":"https:\/\/www.kultursidan.nu\/?p=40633","title":{"rendered":"Salig popfestival p\u00e5 Munken i helgen"},"content":{"rendered":"<p><img loading=\"lazy\" decoding=\"async\" class=\"alignnone size-medium wp-image-40635\" src=\"https:\/\/www.kultursidan.nu\/wp-content\/uploads\/2019\/03\/LKE-press-Alva-Roselius-567x381.jpg\" alt=\"\" width=\"567\" height=\"381\" srcset=\"https:\/\/www.kultursidan.nu\/wp-content\/uploads\/2019\/03\/LKE-press-Alva-Roselius-567x381.jpg 567w, https:\/\/www.kultursidan.nu\/wp-content\/uploads\/2019\/03\/LKE-press-Alva-Roselius-768x516.jpg 768w, https:\/\/www.kultursidan.nu\/wp-content\/uploads\/2019\/03\/LKE-press-Alva-Roselius-1024x689.jpg 1024w, https:\/\/www.kultursidan.nu\/wp-content\/uploads\/2019\/03\/LKE-press-Alva-Roselius-150x101.jpg 150w, https:\/\/www.kultursidan.nu\/wp-content\/uploads\/2019\/03\/LKE-press-Alva-Roselius-495x333.jpg 495w, https:\/\/www.kultursidan.nu\/wp-content\/uploads\/2019\/03\/LKE-press-Alva-Roselius.jpg 1200w\" sizes=\"auto, (max-width: 567px) 100vw, 567px\" \/><br \/>\n<em>Tillbaka i Norrk\u00f6ping. Linn Koch-Emmery \u00e4r ett av l\u00f6rdagens dragpl\u00e5ster p\u00e5 Saliga Festivalen.<\/em><\/p>\n<p>&nbsp;<\/p>\n<h1><span style=\"color: #ff0000;\">Poesi &amp; filmquiz inleder kv\u00e4llarna<\/span><\/h1>\n<p>&nbsp;<\/p>\n<p>NORRK\u00d6PING <strong>Mycket musikvideos.<\/strong> Saliga Munken och Klubb Republik arrangerar &#8221;Saliga festivalen&#8221; i helgen. F\u00f6rutom en l\u00e5ng rad med liveakter med Linn Koch-Emmery och Dim Out som dragpl\u00e5ster blir det poesi, filmquiz, och musikvideopremi\u00e4r.<\/p>\n<p><strong>Mia Sandstr\u00f6m och Jonas Edstr\u00f6m fr\u00e5n <em>Poesikonspirationen<\/em> inleder fredagen med spoken word och kollektiv kaospoesi.<\/strong> Texter \u201dp\u00e5 gr\u00e4nsen mellan vana och vanvett, fr\u00e5n klar lyrik till dadaistiska uppkast om skam, vanmakt och uppr\u00e4ttelse\u201d, som Jonas Edstr\u00f6m f\u00f6rklarar lyrikens bredd och uppgift.<\/p>\n<p><strong>Sedan tar musiken \u00f6ver.<\/strong> M\u00f6rdarhitar utlovas av <em><strong>Diskopunk<\/strong><\/em>, som v\u00e4xt sig kaxiga tack vare spelningarna som f\u00f6rband till Mando Diao. Norrk\u00f6pingsbaserade <em><strong>Babylady<\/strong><\/em> ep-debuterade i h\u00f6stas med <em>Ber\u00e4tta om ditt liv<\/em>. Under showen utlovas nya l\u00e5tar och nytt videomaterial, dessutom ett soloset med Leading Lady.<\/p>\n<p>Fr\u00e5n K\u00f6penhamn fast fr\u00e5n Norge kommer Camilla Myhre aka <em><strong>Varnrable<\/strong><\/em>. Hon bjuder p\u00e5 en unik show med inslag av visuella intryck.<\/p>\n<p>Sn\u00f6punkarna <em><strong>Psykmissionen<\/strong><\/em> \u00e4r tillbaka. De fyllde Saliga Munken p\u00e5 spelningen i h\u00f6stas. Med sig har de nya videon till l\u00e5ten <em>Pitchfork<\/em>, som f\u00e5r premi\u00e4r.<\/p>\n<p>&nbsp;<\/p>\n<p><a title=\"Dim Out\" href=\"https:\/\/www.flickr.com\/photos\/kultursidan\/47307746302\/in\/album-72157707526037344\/\"><img loading=\"lazy\" decoding=\"async\" src=\"https:\/\/farm8.staticflickr.com\/7887\/47307746302_e036546ce9.jpg\" alt=\"Dim Out\" width=\"500\" height=\"500\" \/><\/a><br \/>\n<em>Dim Out. Norrk\u00f6pings-kanadensisk soulpopare.<\/em><\/p>\n<p>&nbsp;<\/p>\n<p><strong>Vem \u00e4r l\u00f6rdagens stora dragpl\u00e5ster \u2013 <em>Dim Out<\/em> (Christopher Cook fr\u00e5n Norrk\u00f6ping och Kanada) eller <em>Linn Koch-Emmery?<\/em><\/strong> Hyllade Dim Out sl\u00e4ppte f\u00f6rsta l\u00e5ten 2013 och r\u00f6r sig i gr\u00e4nslandet mellan soul, funk och psykedelisk r&amp;b. Kommande l\u00e5tar l\u00e4r ta riktningen mot mer psykisk indiepop.<\/p>\n<p>Sveriges nya indiestj\u00e4rna Linn Koch-Emmery debuterade med ep:n <em>Boys<\/em> f\u00f6rra \u00e5ret, senaste singeln \u00e4r <em>Don\u2019t Sleep on My Luv<\/em>. En annan sida av Koch-Emmery \u00e4r musikfotografen som inspirerats av Jack Kerouac, 2013 st\u00e4llde hon ut p\u00e5 Norrk\u00f6pings stadsmuseum.<\/p>\n<p>Dessf\u00f6rinnan har <em><strong>Benz<\/strong><\/em> alias Ebba Salomonsson, uppv\u00e4xt i vinylt\u00e4ta Vaxkupan, intagit scenen. Numera bor hon i Malm\u00f6 och \u00e4ven Benz har ep-debuterat. <em>Erazor<\/em> sl\u00e4pptes i mitten av februari.<\/p>\n<p><strong><em>VideoWests<\/em> filmn\u00f6rdar inleder l\u00f6rdagen med filmquiz.<\/strong> B\u00e5da festivalkv\u00e4llarna avslutas med <em><strong>Amina<\/strong><\/em> och <em><strong>Lana<\/strong><\/em> vid skivtallrikarna.<\/p>\n<p><em>\u00a9 Text: Ann-Charlotte Sandelin<br \/>\n\u00a9 Foto: Alva Roselius, Ebba G, \u00c5gren Dim Out, Diskopunk<\/em><\/p>\n<p>BILDSPEL \u2013 KLICKA P\u00c5 BILDENS PILAR<\/p>\n<p><a data-flickr-embed='true' href='https:\/\/www.flickr.com\/photos\/kultursidan\/albums\/72157707526037344' title='Saliga Festivalen F\u00d6RH, Klubb Republik, Saliga Munken 2019 by Kultursidan, on Flickr'><img src='https:\/\/live.staticflickr.com\/7869\/32418481337_6598090e4f_z.jpg' width='800' height='600' alt='Diskopunk'><\/a><script async src='https:\/\/embedr.flickr.com\/assets\/client-code.js' charset='utf-8'><\/script><\/p>\n<blockquote>\n<h4>SALIGA MUNKEN Norrk\u00f6ping<\/h4>\n<p>15\u201316 mars 2019<br \/>\n<strong>Saliga festivalen<\/strong><br \/>\nMedarr: Klubb Republik<\/p>\n<p style=\"padding-left: 40px;\">FREDAG 15\/3<br \/>\n17.00 Location East &#8211; T\u00e4vling<br \/>\n18.00 Poesikonspirationen &#8211; Spoken Word<br \/>\n19.00 Diskopunk<br \/>\n20.30 Babylady<br \/>\n21.30 Varnrable (NO)<br \/>\n22.30 Psykmissionen &#8211; Videopremi\u00e4r<br \/>\n23.00 Amina + Lana (DJ)<\/p>\n<p style=\"padding-left: 40px;\">L\u00d6RDAG<br \/>\n17.00 VideoWest &#8211; Quiz<br \/>\n18.30 Benz<br \/>\n19.30 Linn Koch-Emmery<br \/>\n21.00 Dim Out<br \/>\n22.00 Amina + Lana (DJ)<\/p>\n<\/blockquote>\n<p>L\u00c4NKAR<br \/>\nKlubb Republik <a href=\"https:\/\/www.facebook.com\/klubbrepublik\/\" target=\"_blank\" rel=\"noopener noreferrer\">Facebook<\/a> <a href=\"https:\/\/www.facebook.com\/events\/286571832036551\/\" target=\"_blank\" rel=\"noopener noreferrer\">FB-evenemang<\/a><br \/>\nSaliga Munken <a href=\"http:\/\/www.saligamunken.se\/\" target=\"_blank\" rel=\"noopener noreferrer\">hemsida<\/a> <a href=\"https:\/\/www.facebook.com\/saligamunken?fref=ts\" target=\"_blank\" rel=\"noopener noreferrer\">Facebook<\/a><\/p>\n","protected":false},"excerpt":{"rendered":"<p>NORRK\u00d6PING Mycket musikvideos. Saliga Munken och Klubb Republik arrangerar Saliga festivalen i helgen. F\u00f6rutom en l\u00e5ng rad med liveakter med Linn Koch-Emmery och Dim Out som dragpl\u00e5ster blir det poesi, filmquiz, och musikvideopremi\u00e4r.  <a class=\"continue-reading-link\" href=\"https:\/\/www.kultursidan.nu\/?p=40633\">L\u00e4s mer <span class=\"meta-nav\">&rarr; <\/span><\/a><\/p>\n","protected":false},"author":1001006,"featured_media":0,"comment_status":"closed","ping_status":"open","sticky":false,"template":"","format":"standard","meta":{"_jetpack_memberships_contains_paid_content":false,"footnotes":""},"categories":[7],"tags":[29,13],"class_list":["post-40633","post","type-post","status-publish","format-standard","hentry","category-norrkoping","tag-festival","tag-musik"],"jetpack_featured_media_url":"","jetpack_sharing_enabled":true,"_links":{"self":[{"href":"https:\/\/www.kultursidan.nu\/index.php?rest_route=\/wp\/v2\/posts\/40633","targetHints":{"allow":["GET"]}}],"collection":[{"href":"https:\/\/www.kultursidan.nu\/index.php?rest_route=\/wp\/v2\/posts"}],"about":[{"href":"https:\/\/www.kultursidan.nu\/index.php?rest_route=\/wp\/v2\/types\/post"}],"author":[{"embeddable":true,"href":"https:\/\/www.kultursidan.nu\/index.php?rest_route=\/wp\/v2\/users\/1001006"}],"replies":[{"embeddable":true,"href":"https:\/\/www.kultursidan.nu\/index.php?rest_route=%2Fwp%2Fv2%2Fcomments&post=40633"}],"version-history":[{"count":4,"href":"https:\/\/www.kultursidan.nu\/index.php?rest_route=\/wp\/v2\/posts\/40633\/revisions"}],"predecessor-version":[{"id":40638,"href":"https:\/\/www.kultursidan.nu\/index.php?rest_route=\/wp\/v2\/posts\/40633\/revisions\/40638"}],"wp:attachment":[{"href":"https:\/\/www.kultursidan.nu\/index.php?rest_route=%2Fwp%2Fv2%2Fmedia&parent=40633"}],"wp:term":[{"taxonomy":"category","embeddable":true,"href":"https:\/\/www.kultursidan.nu\/index.php?rest_route=%2Fwp%2Fv2%2Fcategories&post=40633"},{"taxonomy":"post_tag","embeddable":true,"href":"https:\/\/www.kultursidan.nu\/index.php?rest_route=%2Fwp%2Fv2%2Ftags&post=40633"}],"curies":[{"name":"wp","href":"https:\/\/api.w.org\/{rel}","templated":true}]}}