{"id":40943,"date":"2019-04-02T17:18:32","date_gmt":"2019-04-02T16:18:32","guid":{"rendered":"https:\/\/intelligent-friend-7861.standoutwp.com\/?p=40943"},"modified":"2019-04-02T17:18:32","modified_gmt":"2019-04-02T16:18:32","slug":"vaxande-kvinnokraft-vid-stromvillan","status":"publish","type":"post","link":"https:\/\/www.kultursidan.nu\/?p=40943","title":{"rendered":"V\u00e4xande kvinnokraft vid Str\u00f6mvillan"},"content":{"rendered":"<p><em><img loading=\"lazy\" decoding=\"async\" class=\"alignnone size-medium wp-image-40944\" src=\"https:\/\/www.kultursidan.nu\/wp-content\/uploads\/2019\/04\/DSCF7161-567x378.jpg\" alt=\"\" width=\"567\" height=\"378\" srcset=\"https:\/\/www.kultursidan.nu\/wp-content\/uploads\/2019\/04\/DSCF7161-567x378.jpg 567w, https:\/\/www.kultursidan.nu\/wp-content\/uploads\/2019\/04\/DSCF7161-768x512.jpg 768w, https:\/\/www.kultursidan.nu\/wp-content\/uploads\/2019\/04\/DSCF7161-1024x683.jpg 1024w, https:\/\/www.kultursidan.nu\/wp-content\/uploads\/2019\/04\/DSCF7161-150x100.jpg 150w, https:\/\/www.kultursidan.nu\/wp-content\/uploads\/2019\/04\/DSCF7161-500x333.jpg 500w, https:\/\/www.kultursidan.nu\/wp-content\/uploads\/2019\/04\/DSCF7161.jpg 1200w\" sizes=\"auto, (max-width: 567px) 100vw, 567px\" \/><br \/>\n&#8221;Tjejer \u00e4r b\u00e4st!&#8221; Yusra Al-Slivana ser g\u00e4rna att Kvinnon\u00e4tverket Hemma v\u00e4xer. I bakgrunden initiativtagaren Anneli Lindberg.<br \/>\n<\/em><\/p>\n<p>&nbsp;<\/p>\n<h1><span style=\"color: #ff0000;\">Husmorsgraffiti p\u00e5 h\u00f6nsn\u00e4t<\/span><\/h1>\n<p>&nbsp;<\/p>\n<p>NORRK\u00d6PING <strong>Gr\u00f6nskan skjuter upp ur marken.<\/strong> Kvinnon\u00e4tverket Hemmas nya husmorsgraffiti lyser glatt och kraftfullt mot f\u00f6rbipasserande mellan Str\u00f6mvillan och Ebersteinska gymnasiet. M\u00e5nga h\u00e4nder har varit med i skapandet.<\/p>\n<p><strong>Kvinnon\u00e4tverket Hemma sl\u00e5r till.<\/strong> Det \u00e4r m\u00e5ndag 1 april n\u00e4r de s\u00e4tter upp husmorsgraffiti p\u00e5 v\u00e4ggen till en liten byggnad som st\u00e5r med gaveln v\u00e4nd mot S:t Persgatan, mitt emellan Str\u00f6mvillan och Ebersteinska gymnasiet.<\/p>\n<p>&nbsp;<\/p>\n<p><a title=\"Husmorsgraffiti\" href=\"https:\/\/www.flickr.com\/photos\/kultursidan\/40557087663\/in\/album-72157707698677455\/\"><img loading=\"lazy\" decoding=\"async\" src=\"https:\/\/farm8.staticflickr.com\/7927\/40557087663_3a489740a7.jpg\" alt=\"Husmorsgraffiti\" width=\"500\" height=\"333\" \/><\/a><br \/>\n<em>Fantasif\u00e5gel. Den virkade bilden \u00e4r f\u00e4st p\u00e5 h\u00f6nsn\u00e4t, ett nytt material f\u00f6r Kvinnon\u00e4tverket Hemma.<\/em><\/p>\n<p>&nbsp;<\/p>\n<p><strong>De besk\u00e5dar n\u00f6jt sitt verk, ett stycke rej\u00e4l husmorsgraffiti som inte g\u00e5r bort i f\u00f6rsta taget.<\/strong> Gamla virkade dukar som blommor med nyvirkade stj\u00e4lkar, utrustad med extra lullull som f\u00e5glar och en snigel, allt f\u00e4st p\u00e5 h\u00f6nsn\u00e4t som bundits fast vid den lilla byggnadens spalj\u00e9 av st\u00e5lr\u00f6r.<\/p>\n<p>\u2013 Det gallret har jag sett i tv\u00e5 \u00e5r, f\u00f6rklarar Anneli Lindberg valet av plats.<\/p>\n<p><strong>Just den h\u00e4r husmorsgraffitin \u00e4r dessutom starkt f\u00f6rknippad med Str\u00f6mvillan.<\/strong> Kvinnon\u00e4tverket Hemma bj\u00f6d tillsammans med andra organisationer in tjejer och kvinnor till V\u00e5r dag 9 mars, direkt efter Internationella kvinnodagen.<\/p>\n<p>\u2013 Det \u00e4r m\u00e5nga h\u00e4nder som varit med och gjort den h\u00e4r, s\u00e4ger Anneli Lindberg.<\/p>\n<p>&#8221;Tjejer \u00e4r b\u00e4st&#8221; st\u00e5r det lite provokativt h\u00f6gst upp bland blommor och blad.<\/p>\n<p>\u2013 Vi brukar inte ha text p\u00e5 v\u00e5r husmorsgraffiti men den h\u00e4r gjorde en ung tjej som kom till V\u00e5r dag p\u00e5 Str\u00f6mvillan, ber\u00e4ttar Anneli.<\/p>\n<p>&nbsp;<\/p>\n<p><a title=\"Husmorsgraffiti\" href=\"https:\/\/www.flickr.com\/photos\/kultursidan\/40557087473\/in\/album-72157707698677455\/\"><img loading=\"lazy\" decoding=\"async\" src=\"https:\/\/farm8.staticflickr.com\/7800\/40557087473_b34d478594.jpg\" alt=\"Husmorsgraffiti\" width=\"500\" height=\"333\" \/><\/a><br \/>\n<em>Husmorsgraffiti p\u00e5 h\u00f6g niv\u00e5. Brandtrappan utanf\u00f6r Kvinnon\u00e4tverket Hemmas lokaler p\u00e5 Holmentorget \u00e4r smyckad.<\/em><\/p>\n<p>&nbsp;<\/p>\n<p><strong>M\u00e5nga h\u00e4nder har ocks\u00e5 varit med och gjort graffitin som flaggar p\u00e5 trappan utanf\u00f6r kvinnon\u00e4tverket Hemmas lokal hos Marieborgs folkh\u00f6gskola vid Holmentorget.<\/strong> Under trappan gungar bolltofsar glatt i v\u00e5rbl\u00e5sten.<\/p>\n<p>\u2013 Vi \u00e4r flera kvinnor som tr\u00e4ffas, virkar och s\u00e4tter upp saker, s\u00e4ger Yusra Al-Slivani som uppskattar m\u00e5ndagskv\u00e4llarna p\u00e5 Holmentorget.<\/p>\n<p><strong>Yusra Al-Slivani var ocks\u00e5 delaktig i det stora hj\u00e4rtat som h\u00e4ngdes upp vid S\u00f6der Tull f\u00f6rra \u00e5ret<\/strong> och den vita LAVVU-k\u00e5tan som st\u00e4lldes ut p\u00e5 L\u00f6fstad slott hela sommaren.<\/p>\n<p>\u2013 Vi g\u00f6r mer och mer stora bilder, s\u00e4ger Yusra Al-Slivani och hoppas att fler kvinnor vill vara med i n\u00e4tverket vars m\u00e5l \u00e4r att alla kvinnor ska k\u00e4nna sig Hemma i Norrk\u00f6ping.<\/p>\n<p><em>\u00a9 Text och foto: Ann-Charlotte Sandelin\u2028<\/em><\/p>\n<p>BILDSPEL \u2013 KLICKA P\u00c5 BILDENS PILAR<\/p>\n<p><a data-flickr-embed='true' href='https:\/\/www.flickr.com\/photos\/kultursidan\/albums\/72157707698677455' title='Husmorsgraffiti, Kvinnon\u00e4tverket Hemma 2019 by Kultursidan, on Flickr'><img src='https:\/\/live.staticflickr.com\/7827\/40557087923_bd433d5afb_z.jpg' width='800' height='600' alt='Husmorsgraffiti'><\/a><script async src='https:\/\/embedr.flickr.com\/assets\/client-code.js' charset='utf-8'><\/script><\/p>\n<p>L\u00c4NKAR<br \/>\nHusmorsgraffiti i Norrk\u00f6ping <a href=\"https:\/\/www.facebook.com\/HusmorsgraffitiNorrkoping\/\" target=\"_blank\" rel=\"noopener noreferrer\">Facebook<\/a><\/p>\n<p>Anneli Lindbergs \u00e5terbruk p\u00e5 frim\u00e4rke <a href=\"https:\/\/www.kultursidan.nu\/?p=40061\" target=\"_blank\" rel=\"noopener noreferrer\">reportage<\/a> Kultursidan.nu 7\/2 2019<br \/>\nSommarskira LAVVU p\u00e5 L\u00f6fstad slott <a href=\"https:\/\/www.kultursidan.nu\/?p=36898\" target=\"_blank\" rel=\"noopener noreferrer\">reportage<\/a> Kultursidan.nu 20\/6 2018<br \/>\nGlad Alla hj\u00e4rtans dag med flera tips <a href=\"https:\/\/www.kultursidan.nu\/?p=34791\" target=\"_blank\" rel=\"noopener noreferrer\">reportage<\/a> Kultursidan.nu 14\/2 2018<br \/>\nHusmorsgraffiti g\u00f6r staden till hemma <a href=\"https:\/\/www.kultursidan.nu\/?p=28353\" target=\"_blank\" rel=\"noopener noreferrer\">reportage<\/a> Kultursidan.nu 12\/12 2016<\/p>\n","protected":false},"excerpt":{"rendered":"<p>NORRK\u00d6PING Gr\u00f6nskan skjuter upp ur marken. Kvinnon\u00e4tverket Hemmas nya husmorsgraffiti lyser glatt och kraftfullt mot f\u00f6rbipasserande mellan Str\u00f6mvillan och Ebersteinska gymnasiet. M\u00e5nga h\u00e4nder har varit med i skapandet. <a class=\"continue-reading-link\" href=\"https:\/\/www.kultursidan.nu\/?p=40943\">L\u00e4s mer <span class=\"meta-nav\">&rarr; <\/span><\/a><\/p>\n","protected":false},"author":1001006,"featured_media":0,"comment_status":"closed","ping_status":"open","sticky":false,"template":"","format":"standard","meta":{"_jetpack_memberships_contains_paid_content":false,"footnotes":""},"categories":[7],"tags":[61,14],"class_list":["post-40943","post","type-post","status-publish","format-standard","hentry","category-norrkoping","tag-hantverk","tag-konst"],"jetpack_featured_media_url":"","jetpack_sharing_enabled":true,"_links":{"self":[{"href":"https:\/\/www.kultursidan.nu\/index.php?rest_route=\/wp\/v2\/posts\/40943","targetHints":{"allow":["GET"]}}],"collection":[{"href":"https:\/\/www.kultursidan.nu\/index.php?rest_route=\/wp\/v2\/posts"}],"about":[{"href":"https:\/\/www.kultursidan.nu\/index.php?rest_route=\/wp\/v2\/types\/post"}],"author":[{"embeddable":true,"href":"https:\/\/www.kultursidan.nu\/index.php?rest_route=\/wp\/v2\/users\/1001006"}],"replies":[{"embeddable":true,"href":"https:\/\/www.kultursidan.nu\/index.php?rest_route=%2Fwp%2Fv2%2Fcomments&post=40943"}],"version-history":[{"count":2,"href":"https:\/\/www.kultursidan.nu\/index.php?rest_route=\/wp\/v2\/posts\/40943\/revisions"}],"predecessor-version":[{"id":40946,"href":"https:\/\/www.kultursidan.nu\/index.php?rest_route=\/wp\/v2\/posts\/40943\/revisions\/40946"}],"wp:attachment":[{"href":"https:\/\/www.kultursidan.nu\/index.php?rest_route=%2Fwp%2Fv2%2Fmedia&parent=40943"}],"wp:term":[{"taxonomy":"category","embeddable":true,"href":"https:\/\/www.kultursidan.nu\/index.php?rest_route=%2Fwp%2Fv2%2Fcategories&post=40943"},{"taxonomy":"post_tag","embeddable":true,"href":"https:\/\/www.kultursidan.nu\/index.php?rest_route=%2Fwp%2Fv2%2Ftags&post=40943"}],"curies":[{"name":"wp","href":"https:\/\/api.w.org\/{rel}","templated":true}]}}