{"id":4106,"date":"2012-01-27T16:39:11","date_gmt":"2012-01-27T15:39:11","guid":{"rendered":"https:\/\/intelligent-friend-7861.standoutwp.com\/?p=4106"},"modified":"2012-01-31T21:52:24","modified_gmt":"2012-01-31T20:52:24","slug":"dromverkstad-hedrar-100-aringen-abf-pa-arbetets-museum","status":"publish","type":"post","link":"https:\/\/www.kultursidan.nu\/?p=4106","title":{"rendered":"Dr\u00f6mverkstad hedrar 100-\u00e5ringen ABF p\u00e5 Arbetets museum"},"content":{"rendered":"<p>[flickr]http:\/\/www.flickr.com\/photos\/kultursidan\/6771055461\/[\/flickr]<\/p>\n<p><em>Vid pressvisningen medverkade Anders Cedgren fr\u00e5n referensgruppen, h\u00e4r tillsammans med<br \/>\nutst\u00e4llningsproducenten Sofia Dahlquist och Anne Stringberg, projektledare f\u00f6r ABF:s 100-\u00e5rsjubileum.<\/em><\/p>\n<p>&nbsp;<\/p>\n<h1><strong><span style=\"color: #ff0000;\"> G\u00e5 i cirkel med dina dr\u00f6mmar<\/span><br \/>\n<\/strong><\/h1>\n<p><strong>\u00a0<\/strong><\/p>\n<p><strong>Musikgruppen Florence Valentin drivs som en studiecirkel inom ABF.<\/strong> Tyst Teater startade p\u00e5 1970-talet med hj\u00e4lp av ABF och \u00e4r idag \u00e4r en del av Riksteatern. I Malm\u00f6 drivs studiecirklar av och f\u00f6r heml\u00f6sa, och i Skellefte\u00e5 har ungdomar som \u00e4r intresserade av graffiti f\u00e5tt en laglig graffitiv\u00e4gg via ABF.<\/p>\n<p>P\u00e5 l\u00f6rdag \u00f6ppnar utst\u00e4llningen <em>Dr\u00f6mverkstan<\/em> p\u00e5 Arbetets museum i Norrk\u00f6ping. Utst\u00e4llningen handlar om m\u00e4nniskors dr\u00f6mmar, lust att l\u00e4ra och att utvecklas p\u00e5 egna villkor. Producent f\u00f6r utst\u00e4llningen \u00e4r Sofia Dahlquist som i sitt arbete ocks\u00e5 haft st\u00f6d av en referensgrupp, bland annat fr\u00e5n handikapporganisationer. Utst\u00e4llningen \u00e4r producerad av Arbetets Museum i samarbete med ABF<\/p>\n<p>I tolv ber\u00e4ttelser m\u00f6ter bes\u00f6karen m\u00e4nniskor som p\u00e5 olika s\u00e4tt har f\u00f6rverkligat sin dr\u00f6m via ABF. I korta ljudslingor kan bes\u00f6karna lyssna till ber\u00e4ttelserna om att vara aktivt skapande, f\u00f6lj bara de strategiskt placerade trummorna.<\/p>\n<p><strong>I \u00e5r fyller ABF 100 \u00e5r och utst\u00e4llningen \u00e4r startskottet f\u00f6r studief\u00f6rbundets hundra\u00e5rsfirande.<\/strong> I utst\u00e4llningen visas ocks\u00e5 en 10 minuter l\u00e5ng film om ABF:s historia.<\/p>\n<p>M\u00e5ls\u00e4ttningen med utst\u00e4llningen \u00e4r att bes\u00f6karna skall f\u00e5 med sig tankar fr\u00e5n bes\u00f6ket och g\u00e4rna l\u00e4mna utst\u00e4llningen med \u201dDet d\u00e4r vill jag dr\u00f6mma om!\u201d En stunds reflexion eller samtal med andra bes\u00f6kare kan man ocks\u00e5 \u00e4gna sig \u00e5t i det t\u00e4lt som \u00e4r placerat i mitten av lokalen. T\u00e4ltet har man kallat lusthuset!<\/p>\n<p><strong>Utst\u00e4llningen\u00a0<em>Dr\u00f6mverkstan<\/em>\u00a0handlar om m\u00e4nniskors drivkraft att l\u00e4ra, och att l\u00e4rande kan se olika ut fr\u00e5n person till person.<\/strong> I L\u00e4rlabbet kan bes\u00f6karen testa sina olika sinnen och komma fram till vilken l\u00e4rstil som passar b\u00e4st f\u00f6r just honom\/henne \u2013 att titta, l\u00e4sa, lyssna, k\u00e4nna \u2013 ensam eller tillsammans med andra.<\/p>\n<p>I Norrk\u00f6ping kan man se utst\u00e4llningen under hela v\u00e5ren, d\u00e4refter visas den vid en stor jubileumsvecka i Stockholm innan den turnerar till olika platser i Sverige under 2012 och 2013.<\/p>\n<p><em>Text och foto: Sven \u00c5ke Molund<\/em><\/p>\n<p>&nbsp;<\/p>\n<ul>\n<li>\n<h3>ARBETETS MUSEUM Norrk\u00f6ping<\/h3>\n<\/li>\n<li><em>28 januari \u2013 27 maj 2012 <\/em><\/li>\n<li><em> Vernissage l\u00f6rdag 28 maj kl 13.30 med Majgull Axelsson<\/em><\/li>\n<li><strong>Dr\u00f6mverkstan <\/strong><\/li>\n<\/ul>\n<p><strong><br \/>\n<\/strong><\/p>\n<p>L\u00c4NKAR<br \/>\nABF <a title=\"ABF\" href=\"www.abf.se\" target=\"_blank\">hemsida <\/a><br \/>\nArbetets museum <a title=\"Arbetets museum\" href=\"http:\/\/www.arbetetsmuseum.se\" target=\"_blank\">hemsida<\/a><\/p>\n<p>FLER BILDER FR\u00c5N UTST\u00c4LLNINGEN \u2013 KLICKA<\/p>\n<p>[flickr-gallery mode=&#8221;photoset&#8221; photoset=&#8221;72157629054747733&#8243;]<\/p>\n","protected":false},"excerpt":{"rendered":"<p>NORRK\u00d6PING F\u00f6lj dina dr\u00f6mmar, din lust att l\u00e4ra och utveckla dig sj\u00e4lv p\u00e5 dina egna villkor. Studiecirkeln ger gemenskap, kunskap och m\u00f6ten. Ibland kan det som \u00e4r litet v\u00e4xa till n\u00e5got stort.<br \/>\n <a class=\"continue-reading-link\" href=\"https:\/\/www.kultursidan.nu\/?p=4106\">L\u00e4s mer <span class=\"meta-nav\">&rarr; <\/span><\/a><\/p>\n","protected":false},"author":1001006,"featured_media":0,"comment_status":"open","ping_status":"open","sticky":false,"template":"","format":"standard","meta":{"_jetpack_memberships_contains_paid_content":false,"footnotes":""},"categories":[7],"tags":[47],"class_list":["post-4106","post","type-post","status-publish","format-standard","hentry","category-norrkoping","tag-utstallning"],"jetpack_featured_media_url":"","jetpack_sharing_enabled":true,"_links":{"self":[{"href":"https:\/\/www.kultursidan.nu\/index.php?rest_route=\/wp\/v2\/posts\/4106","targetHints":{"allow":["GET"]}}],"collection":[{"href":"https:\/\/www.kultursidan.nu\/index.php?rest_route=\/wp\/v2\/posts"}],"about":[{"href":"https:\/\/www.kultursidan.nu\/index.php?rest_route=\/wp\/v2\/types\/post"}],"author":[{"embeddable":true,"href":"https:\/\/www.kultursidan.nu\/index.php?rest_route=\/wp\/v2\/users\/1001006"}],"replies":[{"embeddable":true,"href":"https:\/\/www.kultursidan.nu\/index.php?rest_route=%2Fwp%2Fv2%2Fcomments&post=4106"}],"version-history":[{"count":0,"href":"https:\/\/www.kultursidan.nu\/index.php?rest_route=\/wp\/v2\/posts\/4106\/revisions"}],"wp:attachment":[{"href":"https:\/\/www.kultursidan.nu\/index.php?rest_route=%2Fwp%2Fv2%2Fmedia&parent=4106"}],"wp:term":[{"taxonomy":"category","embeddable":true,"href":"https:\/\/www.kultursidan.nu\/index.php?rest_route=%2Fwp%2Fv2%2Fcategories&post=4106"},{"taxonomy":"post_tag","embeddable":true,"href":"https:\/\/www.kultursidan.nu\/index.php?rest_route=%2Fwp%2Fv2%2Ftags&post=4106"}],"curies":[{"name":"wp","href":"https:\/\/api.w.org\/{rel}","templated":true}]}}