{"id":41287,"date":"2019-05-03T13:44:56","date_gmt":"2019-05-03T12:44:56","guid":{"rendered":"https:\/\/intelligent-friend-7861.standoutwp.com\/?p=41287"},"modified":"2019-05-04T07:48:38","modified_gmt":"2019-05-04T06:48:38","slug":"rikard-osterlunds-fotobok-pa-bibban","status":"publish","type":"post","link":"https:\/\/www.kultursidan.nu\/?p=41287","title":{"rendered":"Rikard \u00d6sterlunds fotobok p\u00e5 bibban"},"content":{"rendered":"<p><img loading=\"lazy\" decoding=\"async\" class=\"alignnone size-medium wp-image-41288\" src=\"https:\/\/www.kultursidan.nu\/wp-content\/uploads\/2019\/05\/RikardOsterlund-AllTheColours-WEB-15-567x378.jpg\" alt=\"\" width=\"567\" height=\"378\" srcset=\"https:\/\/www.kultursidan.nu\/wp-content\/uploads\/2019\/05\/RikardOsterlund-AllTheColours-WEB-15-567x378.jpg 567w, https:\/\/www.kultursidan.nu\/wp-content\/uploads\/2019\/05\/RikardOsterlund-AllTheColours-WEB-15-768x512.jpg 768w, https:\/\/www.kultursidan.nu\/wp-content\/uploads\/2019\/05\/RikardOsterlund-AllTheColours-WEB-15-1024x683.jpg 1024w, https:\/\/www.kultursidan.nu\/wp-content\/uploads\/2019\/05\/RikardOsterlund-AllTheColours-WEB-15-150x100.jpg 150w, https:\/\/www.kultursidan.nu\/wp-content\/uploads\/2019\/05\/RikardOsterlund-AllTheColours-WEB-15-500x333.jpg 500w, https:\/\/www.kultursidan.nu\/wp-content\/uploads\/2019\/05\/RikardOsterlund-AllTheColours-WEB-15.jpg 1200w\" sizes=\"auto, (max-width: 567px) 100vw, 567px\" \/><br \/>\n<em>Konstn\u00e4r. Zara \u00e4r inte bara sin sjukdom. Hon \u00e4r en kreativ och livsglad person.<\/em><\/p>\n<p>&nbsp;<\/p>\n<h1><span style=\"color: #ff0000;\">Vardagsbilder med fibromyalgi<\/span><\/h1>\n<p>&nbsp;<\/p>\n<p>NORRK\u00d6PING <strong>En k\u00e4rleksg\u00e4rning.<\/strong> Fotografen Rikard \u00d6sterlund g\u00e4star hemstaden och Stadsbiblioteket med sin bok <em>Look, I\u2019m wearing all the colours.<\/em> Vardagsskildringen med fibromyalgi som tredje parten i Rikards och Zaras f\u00f6rh\u00e5llande har vunnit priser och uppm\u00e4rksamhet.<\/p>\n<p>Rikard \u00d6sterlund presenterade sin bok <em>Look, I\u2019m wearing all the colours<\/em> redan under Speglas fotodagar f\u00f6rra \u00e5ret. Nu \u00e4r han tillbaka i hemstaden med boken som vunnit priser och uppm\u00e4rksamhet f\u00f6r sin skildring av vardagsliv med fibromyalgi som tredje parten i Rikards och Zaras f\u00f6rh\u00e5llande.<\/p>\n<p><strong>Rikard \u00d6sterlund har bara t\u00e4nkt bo i England ett par \u00e5r och utbilda sig i Editorial &amp; Advertising Photography vid universitetet i Rochester.<\/strong> Men s\u00e5 fick han jobb p\u00e5 universitetet efter avslutad utbildning. Och tr\u00e4ffade Zara, en konstn\u00e4r med kreativitet, livsgl\u00e4dje \u2013 och fibromyalgi, en sjukdom som inte syns utanp\u00e5 men som medf\u00f6r sm\u00e4rta och dr\u00e4nerar den drabbade p\u00e5 all energi.<\/p>\n<p>\u2013 Jag har fotograferat v\u00e5r vardag sedan vi tr\u00e4ffades. M\u00e5nga fotar h\u00f6gtider och fester men jag \u00e4r mer intresserad av vardagen. Bilderna i boken \u00e4r tagna under 13 \u00e5rs tid, fr\u00e5n b\u00f6rjan f\u00f6r att inte gl\u00f6mma bort tillf\u00e4llen och m\u00f6ten.<\/p>\n<p>&nbsp;<\/p>\n<p><a title=\"Rikard \u00d6sterlund \u2013 Look, I\u2019m wearing all the colours\" href=\"https:\/\/www.flickr.com\/photos\/kultursidan\/46974730544\/in\/album-72157708382231094\/\"><img loading=\"lazy\" decoding=\"async\" src=\"https:\/\/live.staticflickr.com\/65535\/46974730544_61c1baec91.jpg\" alt=\"Rikard \u00d6sterlund \u2013 Look, I\u2019m wearing all the colours\" width=\"330\" height=\"500\" \/><\/a><br \/>\n<em>Rikard \u00d6sterlund med fotoboken Look, I\u2019m wearing all the colours.<\/em><\/p>\n<p>&nbsp;<\/p>\n<p><strong>F\u00f6r fyra fem \u00e5r sedan kom tanken att g\u00f6ra ett urval till en fotobok.<\/strong> Zara st\u00f6ttade id\u00e9n, att dela med sig av erfarenheten av livet med sjukdomen, ge en helhetsbild.<\/p>\n<p>\u2013 Sjukdomen \u00e4r inte livet. Hon k\u00f6r p\u00e5 med v\u00e4nner och projekt. Sedan kommer hon hem och d\u00e5 kan energi g\u00e5 ur. Sjukdomen \u00e4r som en tredje person i v\u00e5rt f\u00f6rh\u00e5llande.<\/p>\n<p><strong>Det g\u00e4ller att f\u00e5nga \u00f6gonblicket.<\/strong> Hemma hos en fotograf finns alltid en kamera till hands, som mobilkameran, en kompaktkamera, en superproffskamera p\u00e5 50 megapixlar och en gammal analog systemkamera.<\/p>\n<p>Rikard \u00d6sterlund bl\u00e4ddrar fram sin favoritbild. Zara i baddr\u00e4kt och med snorkel. De semestrade p\u00e5 Sardinien och hon hade just snorklat f\u00f6r f\u00f6rsta g\u00e5ngen och var s\u00e5 stolt.<\/p>\n<p>\u2013 Det var helt magiskt, minns Rikard.<\/p>\n<p><strong>Boken \u00e4r utgiven p\u00e5 eget f\u00f6rlag med hj\u00e4lp av crowdfunding.<\/strong> 200 personer, i England, Europa, USA, Kanada, Japan och Ghana st\u00f6ttade projektet genom f\u00f6rbest\u00e4llningar.<\/p>\n<p>\u2013 Det var en fantastisk blandning av fotointresserade och s\u00e5dana med koppling till ber\u00e4ttelsen, s\u00e4ger Rikard \u00d6sterlund.<\/p>\n<p><strong>Titeln \u00e4r Zaras \u2013 ett uttryck hon ofta anv\u00e4nder n\u00e4r hon kl\u00e4r upp sig en bra dag.<\/strong> Det \u00e4r hennes handstil p\u00e5 bokens omslag.<\/p>\n<p>Med <em>Look, I\u2019m wearing all the colours<\/em> som nyckel har Rikard \u00f6ppnat d\u00f6rren f\u00f6r djupare samtal med personer som han trott levde \u201dvanliga\u201d liv med villa, Volvo och vovve.<\/p>\n<p>&nbsp;<\/p>\n<p><a title=\"Rikard \u00d6sterlund \u2013 Look, I\u2019m wearing all the colours\" href=\"https:\/\/www.flickr.com\/photos\/kultursidan\/40797602993\/in\/album-72157708382231094\/\"><img loading=\"lazy\" decoding=\"async\" src=\"https:\/\/live.staticflickr.com\/65535\/40797602993_fc24913d6c.jpg\" alt=\"Rikard \u00d6sterlund \u2013 Look, I\u2019m wearing all the colours\" width=\"500\" height=\"333\" \/><\/a><br \/>\n<em>K\u00e4rleksg\u00e4rning. Rikard och Zara delar med sig av liv och vardag.<\/em><\/p>\n<p>&nbsp;<\/p>\n<p><strong>N\u00e5gon vecka efter att fotoboken kommit fr\u00e5n tryckeriet h\u00f6sten 2018 presenterade Rikard \u00d6sterlund den redan under Speglas fotodagar h\u00e4r i Norrk\u00f6ping<\/strong> Sedan dess har boken seglat upp p\u00e5 topplistor och dessutom tagits ut som vinnare vid Belfast Photo Festival d\u00e4r den ska st\u00e4llas ut.<\/p>\n<p>Men f\u00f6rst presenterar han den i Mellanrummet p\u00e5 Stadsbiblioteket p\u00e5 l\u00f6rdag.<\/p>\n<p>\u2013 Det blir speciellt. Jag h\u00e4ngde mycket p\u00e5 Stadsbiblioteket som ton\u00e5ring.<\/p>\n<p><em>\u00a9 Text: Ann-Charlotte Sandelin<br \/>\n\u00a9 Foto: Boy Svedberg och Rikard \u00d6sterlund<\/em><\/p>\n<p>BILDSPEL \u2013 KLICKA P\u00c5 BILDENS PILAR<\/p>\n<p><a data-flickr-embed='true' href='https:\/\/www.flickr.com\/photos\/kultursidan\/albums\/72157708382231094' title='Rikard \u00d6sterlund, Stadsbiblioteket 2019 by Kultursidan, on Flickr'><img src='https:\/\/live.staticflickr.com\/65535\/40797602773_c391797d2c_z.jpg' width='800' height='600' alt='Rikard \u00d6sterlund'><\/a><script async src='https:\/\/embedr.flickr.com\/assets\/client-code.js' charset='utf-8'><\/script><\/p>\n<blockquote>\n<h4>STADSBIBLIOTEKET Norrk\u00f6ping<\/h4>\n<p>4 maj 2019 kl 13<br \/>\n<strong>Rikard \u00d6sterlund<\/strong><br \/>\n<strong>Look, I\u2019m wearing all the colours<\/strong><br \/>\nFotobok<\/p><\/blockquote>\n<p>L\u00c4NKAR<br \/>\nRikard \u00d6sterlund <a href=\"https:\/\/www.rikard.co.uk\" target=\"_blank\" rel=\"noopener noreferrer\">hemsida<\/a><br \/>\nEditorial &amp; Advertising Photography p\u00e5 UCA, Rochester <a href=\"https:\/\/www.uca.ac.uk\/study\/courses\/ba-photography-rochester\/\" target=\"_blank\" rel=\"noopener noreferrer\">hemsida<\/a><br \/>\nFibromyalgif\u00f6rbundet <a href=\"https:\/\/fibromyalgi.se\" target=\"_blank\" rel=\"noopener noreferrer\">hemsida<\/a><br \/>\nNorrk\u00f6pings stadsbibliotek <a href=\"http:\/\/www.nsb.norrkoping.se\/web\/norrkoping\" target=\"_blank\" rel=\"noopener noreferrer\">hemsida<\/a> <a href=\"https:\/\/www.facebook.com\/Norrkopingsstadsbibliotek?fref=ts\" target=\"_blank\" rel=\"noopener noreferrer\">Facebook<\/a><\/p>\n<p>SPEGLA \u2013 tre dagar om och med fotografi <a href=\"https:\/\/www.kultursidan.nu\/?p=27364\" target=\"_blank\" rel=\"noopener noreferrer\">reportage<\/a> Kultursidan.nu 13\/10 2016<\/p>\n","protected":false},"excerpt":{"rendered":"<p>NORRK\u00d6PING En k\u00e4rleksg\u00e4rning. Fotografen Rikard \u00d6sterlund g\u00e4star hemstaden och Stadsbiblioteket med boken Look, I\u2019m wearing all the colours. Vardagsskildringen med fibromyalgi som tredje parten i Rikards och Zaras f\u00f6rh\u00e5llande har vunnit priser och uppm\u00e4rksamhet.  <a class=\"continue-reading-link\" href=\"https:\/\/www.kultursidan.nu\/?p=41287\">L\u00e4s mer <span class=\"meta-nav\">&rarr; <\/span><\/a><\/p>\n","protected":false},"author":1001006,"featured_media":0,"comment_status":"closed","ping_status":"open","sticky":false,"template":"","format":"standard","meta":{"_jetpack_memberships_contains_paid_content":false,"footnotes":""},"categories":[7],"tags":[17,16],"class_list":["post-41287","post","type-post","status-publish","format-standard","hentry","category-norrkoping","tag-foto","tag-litteratur"],"jetpack_featured_media_url":"","jetpack_sharing_enabled":true,"_links":{"self":[{"href":"https:\/\/www.kultursidan.nu\/index.php?rest_route=\/wp\/v2\/posts\/41287","targetHints":{"allow":["GET"]}}],"collection":[{"href":"https:\/\/www.kultursidan.nu\/index.php?rest_route=\/wp\/v2\/posts"}],"about":[{"href":"https:\/\/www.kultursidan.nu\/index.php?rest_route=\/wp\/v2\/types\/post"}],"author":[{"embeddable":true,"href":"https:\/\/www.kultursidan.nu\/index.php?rest_route=\/wp\/v2\/users\/1001006"}],"replies":[{"embeddable":true,"href":"https:\/\/www.kultursidan.nu\/index.php?rest_route=%2Fwp%2Fv2%2Fcomments&post=41287"}],"version-history":[{"count":4,"href":"https:\/\/www.kultursidan.nu\/index.php?rest_route=\/wp\/v2\/posts\/41287\/revisions"}],"predecessor-version":[{"id":41296,"href":"https:\/\/www.kultursidan.nu\/index.php?rest_route=\/wp\/v2\/posts\/41287\/revisions\/41296"}],"wp:attachment":[{"href":"https:\/\/www.kultursidan.nu\/index.php?rest_route=%2Fwp%2Fv2%2Fmedia&parent=41287"}],"wp:term":[{"taxonomy":"category","embeddable":true,"href":"https:\/\/www.kultursidan.nu\/index.php?rest_route=%2Fwp%2Fv2%2Fcategories&post=41287"},{"taxonomy":"post_tag","embeddable":true,"href":"https:\/\/www.kultursidan.nu\/index.php?rest_route=%2Fwp%2Fv2%2Ftags&post=41287"}],"curies":[{"name":"wp","href":"https:\/\/api.w.org\/{rel}","templated":true}]}}