{"id":41322,"date":"2019-05-06T09:17:23","date_gmt":"2019-05-06T08:17:23","guid":{"rendered":"https:\/\/intelligent-friend-7861.standoutwp.com\/?p=41322"},"modified":"2019-05-07T08:30:17","modified_gmt":"2019-05-07T07:30:17","slug":"mats-stammarnas-abstrakta-maleri","status":"publish","type":"post","link":"https:\/\/www.kultursidan.nu\/?p=41322","title":{"rendered":"Mats Stammarn\u00e4s abstrakta m\u00e5leri"},"content":{"rendered":"<p><img loading=\"lazy\" decoding=\"async\" class=\"alignnone size-medium wp-image-41323\" src=\"https:\/\/www.kultursidan.nu\/wp-content\/uploads\/2019\/05\/DSC_0559-567x376.jpg\" alt=\"\" width=\"567\" height=\"376\" srcset=\"https:\/\/www.kultursidan.nu\/wp-content\/uploads\/2019\/05\/DSC_0559-567x376.jpg 567w, https:\/\/www.kultursidan.nu\/wp-content\/uploads\/2019\/05\/DSC_0559-768x509.jpg 768w, https:\/\/www.kultursidan.nu\/wp-content\/uploads\/2019\/05\/DSC_0559-1024x678.jpg 1024w, https:\/\/www.kultursidan.nu\/wp-content\/uploads\/2019\/05\/DSC_0559-150x99.jpg 150w, https:\/\/www.kultursidan.nu\/wp-content\/uploads\/2019\/05\/DSC_0559-503x333.jpg 503w, https:\/\/www.kultursidan.nu\/wp-content\/uploads\/2019\/05\/DSC_0559.jpg 1200w\" sizes=\"auto, (max-width: 567px) 100vw, 567px\" \/><br \/>\n<em>Ljusspel. Mats Stammarn\u00e4s abstrakta landskap breder ut sig p\u00e5 Galleri Sander\/ NP33.<\/em><\/p>\n<p>&nbsp;<\/p>\n<h1><span style=\"color: #ff0000;\">\u201dVill g\u00f6ra landskap med fart\u201d<\/span><\/h1>\n<p>&nbsp;<\/p>\n<p>NORRK\u00d6PING <strong>Tyngd och sk\u00f6rhet.<\/strong> Mats Stammarn\u00e4s m\u00e5lar landskap med fart, om \u00e4n i abstrakta termer. G\u00e5 p\u00e5 uppt\u00e4cktsf\u00e4rd i utst\u00e4llningen som breder ut sig p\u00e5 NP33:s bottenplan.<\/p>\n<p><strong>Mats Stammarn\u00e4s konstn\u00e4rskap har varit en resa.<\/strong> F\u00f6dd \u00f6stg\u00f6te, i lilla Askeby utanf\u00f6r Link\u00f6ping, har han stannat p\u00e5 v\u00e4stkusten efter studier i Oslo och p\u00e5 Valand.<\/p>\n<p>Han har v\u00e5gat prova olika uttrycksformer \u2013 m\u00e5lerier, skulptur och akvarell. Erfarenheterna av de olika uttrycken ser man i hans landskap som han nu visar i en stor utst\u00e4llning p\u00e5 NP33.<\/p>\n<p><em><strong>Jag sitter i en buss avsp\u00e4nd, t\u00e4nker p\u00e5 ingenting, tittar ut.<\/strong> Landskapet sveper f\u00f6rbi utanf\u00f6r bussf\u00f6nstret, jag ser men ser det \u00e4nd\u00e5 inte. Det enda jag t\u00e4nker \u00e4r hur vackert eller gr\u00e4sligt det \u00e4r.<\/em><\/p>\n<p>Just den k\u00e4nslan f\u00e5r jag n\u00e4r jag betraktar Mats Stammarn\u00e4s landskap. Som konstn\u00e4ren sj\u00e4lv utrycker det \u201djag har velat g\u00f6ra landskap med fart\u201d.<\/p>\n<p>\u2013 Det kanske beror p\u00e5 att jag \u00e5ker buss mellan L\u00f6d\u00f6se och G\u00f6teborg varje dag, forts\u00e4tter han.<\/p>\n<p>&nbsp;<\/p>\n<p><a title=\"Mats Stammarn\u00e4s\" href=\"https:\/\/www.flickr.com\/photos\/kultursidan\/40819915183\/in\/album-72157708291329555\/\"><img loading=\"lazy\" decoding=\"async\" src=\"https:\/\/live.staticflickr.com\/65535\/40819915183_ce8c2d118d.jpg\" alt=\"Mats Stammarn\u00e4s\" width=\"500\" height=\"331\" \/><\/a><br \/>\n<em>Fl\u00e4ckar och f\u00e4lt. Mats Stammarn\u00e4s m\u00e5lar i lager p\u00e5 lager, kul\u00f6rer nyanserar eller bryter mot varandra.<\/em><\/p>\n<p>&nbsp;<\/p>\n<p><strong>I landskapen ser man tydligt tr\u00e4den, husen, sj\u00f6arna, djuren, men \u00e4nd\u00e5 inte.<\/strong> De har djup, tyngd och sk\u00f6rhet utan vara avbildande. Han lyckas p\u00e5 n\u00e5got konstigt s\u00e4tt m\u00e5la landskap som de \u00e4r.<\/p>\n<p><strong>Mats Stammarn\u00e4s b\u00f6rjade med att m\u00e5la men gick \u00f6ver till att g\u00f6ra skulpturer.<\/strong> Men n\u00e4r han k\u00e4nde att han ville g\u00e5 ifr\u00e5n det tunga, monumentala, tredimensionella, till n\u00e5got l\u00e4ttare s\u00e5 b\u00f6rjade Mats m\u00e5la akvarell.<\/p>\n<p>Allt detta ser man i hans landskap, sk\u00f6rheten och det tredimensionella. Mats Stammarn\u00e4s m\u00e5lar lager p\u00e5 lager, han sp\u00e4der g\u00e4rna ut oljef\u00e4rgen s\u00e5 den blir tunn. F\u00e4rgerna \u00e4r viktiga, att de g\u00e5r ton i ton, eller bryter mot varandra. Han arbetar g\u00e4rna l\u00e4nge med m\u00e5lningar och har flera p\u00e5 g\u00e5ng samtidigt i sin atelj\u00e9.<\/p>\n<p>&nbsp;<\/p>\n<p><a title=\"Mats Stammarn\u00e4s\" href=\"https:\/\/www.flickr.com\/photos\/kultursidan\/47733986732\/in\/album-72157708291329555\/\"><img loading=\"lazy\" decoding=\"async\" src=\"https:\/\/live.staticflickr.com\/65535\/47733986732_f79f778bfa.jpg\" alt=\"Mats Stammarn\u00e4s\" width=\"500\" height=\"331\" \/><\/a><br \/>\n<em>Detalj. \u00d6gat hittar och tolkar figurer och f\u00f6rem\u00e5l. H\u00e4r har Mats Stammarn\u00e4s lagt till fingrar till &#8221;dykaren&#8221; i bilden.<\/em><\/p>\n<p>&nbsp;<\/p>\n<p><strong>Ibland h\u00e4nder det roliga saker som inte han t\u00e4nkt fr\u00e5n b\u00f6rjan.<\/strong> Helt pl\u00f6tsligt ser man en cigarett, eller dykare i bilden.<\/p>\n<p>Mats Stammarn\u00e4s arbetar ocks\u00e5 med fl\u00e4ckar som blir landskap. Det ett speciellt lugn, en harmoni i Mats Stammarn\u00e4s landskap, s\u00e5 jag st\u00e5r g\u00e4rna l\u00e4nge och betraktar dem.<\/p>\n<p><em>\u00a9 Text: Per-Olof Engstr\u00f6m<\/em><br \/>\n<em>\u00a9 Foto: Nils-G\u00f6ran Tillgren<\/em><\/p>\n<p>BILDSPEL \u2013 KLICKA P\u00c5 BILDENS PILAR<\/p>\n<p><a data-flickr-embed='true' href='https:\/\/www.flickr.com\/photos\/kultursidan\/albums\/72157708291329555' title='Mats Stammarn\u00e4s, Galleri Sander\/ NP33 2019 by Kultursidan, on Flickr'><img src='https:\/\/live.staticflickr.com\/65535\/47786184011_107b738d89_z.jpg' width='800' height='600' alt='Mats Stammarn\u00e4s'><\/a><script async src='https:\/\/embedr.flickr.com\/assets\/client-code.js' charset='utf-8'><\/script><\/p>\n<blockquote>\n<h4>GALLERI SANDER \/ NP33 Norrk\u00f6ping<\/h4>\n<p>Vinter\u2013v\u00e5r 2019<br \/>\n<strong>Utst\u00e4llningar<\/strong><\/p>\n<p style=\"padding-left: 40px;\">2\u201320 februari<br \/>\n<strong>Jeanette W\u00e5hlstrand<\/strong> skulptur\/keramik<br \/>\n<strong>Madeleine Pyk<\/strong> m\u00e5lningar, grafik<br \/>\n<strong>Camilla Pyk<\/strong> m\u00e5lningar, grafik<br \/>\n<strong>Margot Luf<\/strong> skulptur\/brons<br \/>\n<strong>Elisabeth Zeilon<\/strong> fotografi<\/p>\n<p style=\"padding-left: 40px;\">23 februari\u201316 mars<br \/>\n<strong>Helena Adelmann <\/strong>f<em>oto<\/em><strong><br \/>\nCaroline Creutzer <\/strong><em>skulptur<\/em><\/p>\n<p style=\"padding-left: 40px;\">6\u201327 april<br \/>\n<strong>Tecken och band<\/strong><br \/>\n<strong>Pontus Carle<\/strong><em> m\u00e5lningar<br \/>\n<\/em><strong>Lambert Werner <\/strong><em>m\u00e5lningar<\/em><strong><br \/>\nSolveig Herrstr\u00f6m<\/strong><em> foto<\/em><\/p>\n<p style=\"padding-left: 40px;\">6\u201327 april<br \/>\n<em><strong>Sv\u00e4rtade t\u00e5rar \u2013 en fotoutst\u00e4llning om s\u00e5rbarhet<\/strong><br \/>\n<strong>Peter Wendel<\/strong><\/em><\/p>\n<p>4 maj\u20131 juni<br \/>\n<strong>Mats Stammarn\u00e4s <\/strong><em>m\u00e5lningar<\/em><\/p>\n<p style=\"padding-left: 40px;\">4 maj\u20131 juni 2019<br \/>\n<strong>Grupputst\u00e4llning<\/strong><br \/>\nKonstLab, Lunnevads folkh\u00f6gskola<br \/>\nMarcus Bagge, Anna Blid, Ann-Christine B\u00e4ckner, Maja Eriksson, Torbj\u00f6rn Eriksson, Kerstin Friberg, Oskar Hjalmarsson, Johanna Hoffsten, Marie Johansson, Birgitta Lindstr\u00f6m, Sophia Pern\u00e5, Karin Rapp, Anders Rudin, Mari Yokoichi<\/p>\n<\/blockquote>\n<p>L\u00c4NKAR<br \/>\nMats Stammarn\u00e4s <a href=\"https:\/\/www.instagram.com\/matsstammarnas\/?hl=sv\" target=\"_blank\" rel=\"noopener noreferrer\">Instagram<\/a><br \/>\nGalleri Sander\/NP33 <a href=\"http:\/\/www.np33.se\" target=\"_blank\" rel=\"noopener noreferrer\">hemsida<\/a> <a href=\"https:\/\/www.facebook.com\/np33.se?fref=ts\" target=\"_blank\" rel=\"noopener noreferrer\">Facebook<\/a><\/p>\n<p>Lambert\u2013Carle\u2013Herrstr\u00f6m p\u00e5 NP33 <a href=\"https:\/\/www.kultursidan.nu\/?p=41024\" target=\"_blank\" rel=\"noopener noreferrer\">reportage<\/a> Kultursidan.nu 8\/4 2019<br \/>\nPeter Wendels Sv\u00e4rtade t\u00e5rar p\u00e5 NP33 <a href=\"https:\/\/www.kultursidan.nu\/?p=41002\" target=\"_blank\" rel=\"noopener noreferrer\">reportage<\/a> Kultursidan.nu 6\/4 2019<br \/>\nCreutzer och Adelmann \u00e5ter p\u00e5 NP33 <a href=\"https:\/\/www.kultursidan.nu\/?p=40366\" target=\"_blank\" rel=\"noopener noreferrer\">reportage<\/a> Kultursidan.nu 22\/3 2019<br \/>\nPyk &amp; Pyk i b\u00e4sta s\u00e4llskap p\u00e5 NP33 <a href=\"https:\/\/www.kultursidan.nu\/?p=40014\" target=\"_blank\" rel=\"noopener noreferrer\">recension<\/a> Kultursidan.nu 4\/2 2019<\/p>\n","protected":false},"excerpt":{"rendered":"<p>NORRK\u00d6PING Tyngd och sk\u00f6rhet. Mats Stammarn\u00e4s m\u00e5lar landskap med fart, om \u00e4n i abstrakta termer. G\u00e5 p\u00e5 uppt\u00e4cktsf\u00e4rd i utst\u00e4llningen som breder ut sig p\u00e5 NP33:s bottenplan. <a class=\"continue-reading-link\" href=\"https:\/\/www.kultursidan.nu\/?p=41322\">L\u00e4s mer <span class=\"meta-nav\">&rarr; <\/span><\/a><\/p>\n","protected":false},"author":1001006,"featured_media":0,"comment_status":"closed","ping_status":"open","sticky":false,"template":"","format":"standard","meta":{"_jetpack_memberships_contains_paid_content":false,"footnotes":""},"categories":[7],"tags":[14,47],"class_list":["post-41322","post","type-post","status-publish","format-standard","hentry","category-norrkoping","tag-konst","tag-utstallning"],"jetpack_featured_media_url":"","jetpack_sharing_enabled":true,"_links":{"self":[{"href":"https:\/\/www.kultursidan.nu\/index.php?rest_route=\/wp\/v2\/posts\/41322","targetHints":{"allow":["GET"]}}],"collection":[{"href":"https:\/\/www.kultursidan.nu\/index.php?rest_route=\/wp\/v2\/posts"}],"about":[{"href":"https:\/\/www.kultursidan.nu\/index.php?rest_route=\/wp\/v2\/types\/post"}],"author":[{"embeddable":true,"href":"https:\/\/www.kultursidan.nu\/index.php?rest_route=\/wp\/v2\/users\/1001006"}],"replies":[{"embeddable":true,"href":"https:\/\/www.kultursidan.nu\/index.php?rest_route=%2Fwp%2Fv2%2Fcomments&post=41322"}],"version-history":[{"count":7,"href":"https:\/\/www.kultursidan.nu\/index.php?rest_route=\/wp\/v2\/posts\/41322\/revisions"}],"predecessor-version":[{"id":41356,"href":"https:\/\/www.kultursidan.nu\/index.php?rest_route=\/wp\/v2\/posts\/41322\/revisions\/41356"}],"wp:attachment":[{"href":"https:\/\/www.kultursidan.nu\/index.php?rest_route=%2Fwp%2Fv2%2Fmedia&parent=41322"}],"wp:term":[{"taxonomy":"category","embeddable":true,"href":"https:\/\/www.kultursidan.nu\/index.php?rest_route=%2Fwp%2Fv2%2Fcategories&post=41322"},{"taxonomy":"post_tag","embeddable":true,"href":"https:\/\/www.kultursidan.nu\/index.php?rest_route=%2Fwp%2Fv2%2Ftags&post=41322"}],"curies":[{"name":"wp","href":"https:\/\/api.w.org\/{rel}","templated":true}]}}