{"id":41337,"date":"2019-05-06T18:57:21","date_gmt":"2019-05-06T17:57:21","guid":{"rendered":"https:\/\/intelligent-friend-7861.standoutwp.com\/?p=41337"},"modified":"2019-05-10T18:01:57","modified_gmt":"2019-05-10T17:01:57","slug":"east-pride-breddar-programmet","status":"publish","type":"post","link":"https:\/\/www.kultursidan.nu\/?p=41337","title":{"rendered":"East Pride breddar programmet"},"content":{"rendered":"<p><img loading=\"lazy\" decoding=\"async\" class=\"alignnone size-medium wp-image-41338\" src=\"https:\/\/www.kultursidan.nu\/wp-content\/uploads\/2019\/05\/DSCF8269-567x378.jpg\" alt=\"\" width=\"567\" height=\"378\" srcset=\"https:\/\/www.kultursidan.nu\/wp-content\/uploads\/2019\/05\/DSCF8269-567x378.jpg 567w, https:\/\/www.kultursidan.nu\/wp-content\/uploads\/2019\/05\/DSCF8269-768x512.jpg 768w, https:\/\/www.kultursidan.nu\/wp-content\/uploads\/2019\/05\/DSCF8269-1024x683.jpg 1024w, https:\/\/www.kultursidan.nu\/wp-content\/uploads\/2019\/05\/DSCF8269-150x100.jpg 150w, https:\/\/www.kultursidan.nu\/wp-content\/uploads\/2019\/05\/DSCF8269-500x333.jpg 500w, https:\/\/www.kultursidan.nu\/wp-content\/uploads\/2019\/05\/DSCF8269.jpg 1200w\" sizes=\"auto, (max-width: 567px) 100vw, 567px\" \/><br \/>\n<em>Superhj\u00e4ltar. Hampus Gustafsson, Tobias Holmberg, Maria Bergqvist och Maja Bergstr\u00f6m samordnar East Pride som drar ig\u00e5ng 17 maj och varar till 25 maj.<\/em><\/p>\n<p>&nbsp;<\/p>\n<h1><span style=\"color: #ff0000;\">Paraden \u00f6ppnar Idrottssektion<\/span><\/h1>\n<p>&nbsp;<\/p>\n<p>NORRK\u00d6PING \/ S\u00d6DERK\u00d6PING <strong>\u201dAllt som Pride st\u00e5r f\u00f6r \u00e4r s\u00e5nt som beh\u00f6vs i v\u00e4rlden.\u201d<\/strong> 70 punkter fyller East Prides program, fr\u00e5n samtal om situationen f\u00f6r HBTQ-personer i andra l\u00e4nder till h\u00f6gklackad workshop. Prideparaden \u00f6ppnar f\u00f6r en idrottssektion och sparkar ig\u00e5ng festivalen 18 maj.<\/p>\n<p><strong>75 \u00e5r sedan homosexualitet avkriminaliserades i Sverige.<\/strong> 40 \u00e5r sedan homosexuella friskf\u00f6rklarades. 10 \u00e5r med Pride i Norrk\u00f6ping. \u00c4nd\u00e5 \u00e5terst\u00e5r mycket att g\u00f6ra f\u00f6r att f\u00e5 ett j\u00e4mlikt samh\u00e4lle d\u00e4r alla accepteras, 70 punkter p\u00e5 \u00e5rets program ska ge sitt bidrag.<\/p>\n<p><strong>N\u00e5gra axplock ur programmet:<\/strong> Proggaren Jan Hammarlund kommer. Samtal om \u00e4ldre HBTQ-personers livsvillkor. Kortfilmer om sexualitet f\u00f6r personer med normbrytande r\u00f6relsefunktion. Konstn\u00e4ren Eva Cederwalls mixed mediaverk <em>No Human is an Island<\/em>. Schlagerspinning. House of Silfvers <em>Prideshow<\/em>. Och <em>Har du blivit f\u00f6dd<\/em> \u2013 \u00f6ppen repetition p\u00e5 \u00d6stg\u00f6tateaterns nygamla X-scen.<\/p>\n<p><strong>Stage Skandia, Kulturskolans och fritidsg\u00e5rdarnas samlingspunkt f\u00f6r \u00e4ldre ungdomar, \u00f6ppnar d\u00f6rren f\u00f6r dansworkshopen High Heels, allts\u00e5 h\u00f6gklackat.<\/strong> Mer seri\u00f6st \u00e4r kanske ett samtal om att komma ut som ung HBTQ-person.<\/p>\n<p>\u2013 Skolan \u00e4r en plats d\u00e4r det inte \u00e4r helt enkelt att vara, framh\u00e5ller East Prides ordf\u00f6rande Maria Bergqvist.<\/p>\n<p>Hon arbetar som skolkurator och p\u00e5pekar att vid sidan av det \u00f6ppna programmet blir det internutbildning p\u00e5 skolor och inom andra organisationer. En \u00f6ppen punkt p\u00e5 Kunskapsskolan \u00e4r interaktiva f\u00f6rel\u00e4sningen om Varf\u00f6r och hur skolan ska \u00e4gna sig \u00e5t normkritik.<\/p>\n<p><strong>Programmet har \u00e4ven ett internationellt fokus.<\/strong> En programpunkt handlar om EU-valet. En annan l\u00e5ter publiken m\u00f6ta tv\u00e5 killar fr\u00e5n Afghanistan som ber\u00e4ttar om situationen f\u00f6r HBTQ-personer d\u00e4r.<\/p>\n<p>&nbsp;<\/p>\n<p><a title=\"Hampus Gustafsson\" href=\"https:\/\/www.flickr.com\/photos\/kultursidan\/33912859238\/in\/album-72157704969667772\/\"><img loading=\"lazy\" decoding=\"async\" src=\"https:\/\/live.staticflickr.com\/65535\/33912859238_83a82633a7.jpg\" alt=\"Hampus Gustafsson\" width=\"500\" height=\"333\" \/><\/a><br \/>\n<em>Regnb\u00e5gsm\u00e4ssa. Hampus Gustafsson bryter ny mark i S\u00f6derk\u00f6ping som f\u00e5r egna arrangemang under Prideveckan.<\/em><\/p>\n<p>&nbsp;<\/p>\n<p><strong>East Pride v\u00e4xer till S\u00f6derk\u00f6ping med Regnb\u00e5gsm\u00e4ssa och f\u00f6rel\u00e4sning.<\/strong><\/p>\n<p>\u2013 Allt som Pride st\u00e5r f\u00f6r, det \u00e4r s\u00e5nt som beh\u00f6vs i v\u00e4rlden, s\u00e4ger Hampus Gustafsson.<\/p>\n<p>Han ansvarar f\u00f6r Regnb\u00e5gsm\u00e4ssan i S:t Laurentii kyrka. Den riktar sig till \u00e4ldre kyrkobes\u00f6kare men arrangeras av Gr\u00f6na Draken, kyrkans ungdomsgrupp.<\/p>\n<p><strong>Dessutom bjuder Gr\u00f6na draken in till f\u00f6rel\u00e4sning<\/strong> p\u00e5 f\u00f6rsamlingshemmet med pastorssonen Andreas Jonsson, som f\u00f6rel\u00e4ser om normer, attityd och HBTQ.<\/p>\n<p>\u2013 Alla i S\u00f6derk\u00f6ping, inte bara unga och \u00e4ldre, beh\u00f6ver se hur verkligheten ser ut. M\u00e5nga \u00e4ldre har en fobi utan att egentligen veta vad HBTQ h\u00e4r, framh\u00e5ller Hampus Gustafsson.<\/p>\n<p>\u2013 K\u00e4rleken \u00e4r starkare \u00e4n allt, s\u00e4ger Hampus som vill vara en kraft f\u00f6r allas r\u00e4tt att vara sig sj\u00e4lva.<\/p>\n<p>&nbsp;<\/p>\n<p><a title=\"Prideparaden 2018\" href=\"https:\/\/www.flickr.com\/photos\/kultursidan\/47790008371\/in\/album-72157704969667772\/\"><img loading=\"lazy\" decoding=\"async\" src=\"https:\/\/live.staticflickr.com\/65535\/47790008371_21171c7634.jpg\" alt=\"Prideparaden 2018\" width=\"500\" height=\"333\" \/><\/a><br \/>\n<em>V\u00e4nd om. Prideparaden 2018 gick s\u00f6derut p\u00e5 Drottninggatan. I \u00e5r g\u00e5r paraden fr\u00e5n Stadsbiblioteket till Norra Promenaden och sedan Kungsgatan.<\/em><\/p>\n<p>&nbsp;<\/p>\n<p><strong>Prideparaden v\u00e4nder p\u00e5 marschordningen j\u00e4mf\u00f6rt med tidigare \u00e5r.<\/strong> East Pride inleds med parad, som g\u00e5r fr\u00e5n Stadsbiblioteket till Folkparken, d\u00e4r det blir b\u00e5de tal och musik.<\/p>\n<p>\u2013 Jag hoppas vi blir fj\u00e4rde st\u00f6rsta Prideparaden i Sverige, s\u00e4ger paradansvarige Tobias Holmberg som ocks\u00e5 \u00e4r \u00e5rets huvudtalare.<\/p>\n<p>Han har n\u00e4mligen \u00f6ppnat en idrottssektion och bjudit in Norrk\u00f6pings idrottsf\u00f6reningar. Han hoppas att ut\u00f6vare p\u00e5 b\u00e5de elitniv\u00e5 och amat\u00f6rniv\u00e5 v\u00e4ljer att g\u00e5 med f\u00f6r att visa att idrotten \u00e4r till f\u00f6r alla.<\/p>\n<p><em>\u00a9 Text och foto: Ann-Charlotte Sandelin\u2028<\/em><\/p>\n<blockquote>\n<h4>NORRK\u00d6PING<\/h4>\n<p><em>17\u201325 maj 2019<\/em><br \/>\n<strong>\u2028East Pride\u2028<\/strong><\/p>\n<p>18 maj kl 12 (avmarsch kl 13)<br \/>\n<strong>Prideparaden<br \/>\n<\/strong>fr\u00e5n Stadsbiblioteket till Folkparken<br \/>\n(Drottninggatan, Norra Promenaden, Kungsgatan, Bredgatan, Folkparken)<strong><br \/>\n<\/strong><\/p><\/blockquote>\n<p>L\u00c4NKAR<br \/>\nEast Pride <a href=\"https:\/\/eastpride.se\" target=\"_blank\" rel=\"noopener noreferrer\">hemsida<\/a> <a href=\"https:\/\/www.facebook.com\/eastpridesweden\" target=\"_blank\" rel=\"noopener noreferrer\">Facebook<\/a> <a href=\"https:\/\/eastpride.se\/program\" target=\"_blank\" rel=\"noopener noreferrer\">program<\/a> <a href=\"https:\/\/eastpride.se\/paraden\" target=\"_blank\" rel=\"noopener noreferrer\">paraden<\/a><\/p>\n","protected":false},"excerpt":{"rendered":"<p>NORRK\u00d6PING\/ S\u00d6DERK\u00d6PING Allt som Pride st\u00e5r f\u00f6r \u00e4r s\u00e5nt som beh\u00f6vs i v\u00e4rlden. 70 punkter fyller East Prides program, fr\u00e5n samtal om situationen f\u00f6r HBTQ-personer i andra l\u00e4nder till h\u00f6gklackad workshop. Prideparaden \u00f6ppnar f\u00f6r en idrottssektion och sparkar ig\u00e5ng festivalen 18 maj. <a class=\"continue-reading-link\" href=\"https:\/\/www.kultursidan.nu\/?p=41337\">L\u00e4s mer <span class=\"meta-nav\">&rarr; <\/span><\/a><\/p>\n","protected":false},"author":1001006,"featured_media":0,"comment_status":"closed","ping_status":"open","sticky":false,"template":"","format":"standard","meta":{"_jetpack_memberships_contains_paid_content":false,"footnotes":""},"categories":[7],"tags":[29,38,53,14,13,12,42],"class_list":["post-41337","post","type-post","status-publish","format-standard","hentry","category-norrkoping","tag-festival","tag-film","tag-foredrag","tag-konst","tag-musik","tag-teater","tag-show"],"jetpack_featured_media_url":"","jetpack_sharing_enabled":true,"_links":{"self":[{"href":"https:\/\/www.kultursidan.nu\/index.php?rest_route=\/wp\/v2\/posts\/41337","targetHints":{"allow":["GET"]}}],"collection":[{"href":"https:\/\/www.kultursidan.nu\/index.php?rest_route=\/wp\/v2\/posts"}],"about":[{"href":"https:\/\/www.kultursidan.nu\/index.php?rest_route=\/wp\/v2\/types\/post"}],"author":[{"embeddable":true,"href":"https:\/\/www.kultursidan.nu\/index.php?rest_route=\/wp\/v2\/users\/1001006"}],"replies":[{"embeddable":true,"href":"https:\/\/www.kultursidan.nu\/index.php?rest_route=%2Fwp%2Fv2%2Fcomments&post=41337"}],"version-history":[{"count":2,"href":"https:\/\/www.kultursidan.nu\/index.php?rest_route=\/wp\/v2\/posts\/41337\/revisions"}],"predecessor-version":[{"id":41428,"href":"https:\/\/www.kultursidan.nu\/index.php?rest_route=\/wp\/v2\/posts\/41337\/revisions\/41428"}],"wp:attachment":[{"href":"https:\/\/www.kultursidan.nu\/index.php?rest_route=%2Fwp%2Fv2%2Fmedia&parent=41337"}],"wp:term":[{"taxonomy":"category","embeddable":true,"href":"https:\/\/www.kultursidan.nu\/index.php?rest_route=%2Fwp%2Fv2%2Fcategories&post=41337"},{"taxonomy":"post_tag","embeddable":true,"href":"https:\/\/www.kultursidan.nu\/index.php?rest_route=%2Fwp%2Fv2%2Ftags&post=41337"}],"curies":[{"name":"wp","href":"https:\/\/api.w.org\/{rel}","templated":true}]}}