{"id":41435,"date":"2019-05-11T10:20:32","date_gmt":"2019-05-11T09:20:32","guid":{"rendered":"https:\/\/intelligent-friend-7861.standoutwp.com\/?p=41435"},"modified":"2019-05-11T10:20:32","modified_gmt":"2019-05-11T09:20:32","slug":"varsalong-med-de-geers-bildelever","status":"publish","type":"post","link":"https:\/\/www.kultursidan.nu\/?p=41435","title":{"rendered":"V\u00e5rsalong med De Geers bildelever"},"content":{"rendered":"<p><img loading=\"lazy\" decoding=\"async\" class=\"alignnone size-medium wp-image-41436\" src=\"https:\/\/www.kultursidan.nu\/wp-content\/uploads\/2019\/05\/DSC_0652-567x376.jpg\" alt=\"\" width=\"567\" height=\"376\" srcset=\"https:\/\/www.kultursidan.nu\/wp-content\/uploads\/2019\/05\/DSC_0652-567x376.jpg 567w, https:\/\/www.kultursidan.nu\/wp-content\/uploads\/2019\/05\/DSC_0652-768x509.jpg 768w, https:\/\/www.kultursidan.nu\/wp-content\/uploads\/2019\/05\/DSC_0652-1024x678.jpg 1024w, https:\/\/www.kultursidan.nu\/wp-content\/uploads\/2019\/05\/DSC_0652-150x99.jpg 150w, https:\/\/www.kultursidan.nu\/wp-content\/uploads\/2019\/05\/DSC_0652-503x333.jpg 503w, https:\/\/www.kultursidan.nu\/wp-content\/uploads\/2019\/05\/DSC_0652.jpg 1200w\" sizes=\"auto, (max-width: 567px) 100vw, 567px\" \/><br \/>\n<em>Tv\u00e5 ord. Sara L\u00f6fgrens objekt i gips, n\u00e4t och st\u00e5ltr\u00e5d utg\u00e5r fr\u00e5n orden &#8221;f\u00f6rf\u00f6lja&#8221; och &#8221;anklagad&#8221;. Kattgrafiken har Ester Squire gjort.<\/em><\/p>\n<p>&nbsp;<\/p>\n<h1><span style=\"color: #ff0000;\">M\u00e4nniskan, milj\u00f6n, tanken<\/span><\/h1>\n<p>&nbsp;<\/p>\n<p>NORRK\u00d6PING <strong>F\u00f6rdjupning.<\/strong> N\u00e4r de tre \u00e5rskurserna p\u00e5 De Geergymnasiets Bild- och formprogram st\u00e4ller ut tillsammans p\u00e5 Konstforum blir den genomt\u00e4nkta pedagogiken tydlig. Sara \u00d6lander Borg och Wilma Lundgren g\u00e5r i tv\u00e5an och njuter av allt de l\u00e4rt sig och ser fram mot sista \u00e5ret.<\/p>\n<p><strong>\u2013 Vi b\u00f6rjade med f\u00e4rger det h\u00e4r \u00e5ret, gr\u00e5tonade f\u00e4rger i varmt och kallt.<\/strong> F\u00f6rst med l\u00e5dorna och sedan sj\u00e4lvportr\u00e4tten, ber\u00e4ttar Wilma Lundgren.<\/p>\n<p>Sj\u00e4lvportr\u00e4tten \u00e4r m\u00e5nga i Bild- och formprogrammets &#8221;V\u00e5rsalong&#8221; p\u00e5 Konstforum. Det egna ansiktet finns s\u00e5 att s\u00e4ga alltid till hands, blir ett verktyg f\u00f6r seendet, pr\u00f6vandet, i allehanda tekniker fr\u00e5n collage av pappersbitar och teckning till oljem\u00e5leri. H\u00e4r allts\u00e5 akrylm\u00e5leri d\u00e4r eleverna blandat f\u00e4rgerna, tonat ner dem.<\/p>\n<p>\u2013 J\u00e4mf\u00f6rt med tidigare uppgifter s\u00e5 har vi f\u00e5tt t\u00e4nka mer, s\u00e4ger klasskamraten Sarah \u00d6lander Borg.<\/p>\n<p>&nbsp;<\/p>\n<p><a title=\"V\u00e5rsalong De Geergymnasiets Bild och form\" href=\"https:\/\/www.flickr.com\/photos\/kultursidan\/40857179733\/in\/album-72157708523152644\/\"><img loading=\"lazy\" decoding=\"async\" src=\"https:\/\/live.staticflickr.com\/65535\/40857179733_328dc33694.jpg\" alt=\"V\u00e5rsalong De Geergymnasiets Bild och form\" width=\"500\" height=\"331\" \/><\/a><br \/>\n<em>Huvudsak. Wilma Lundgren och Sarah \u00d6lander Borg framf\u00f6r tv\u00e5ornas projekt med sj\u00e4lvportr\u00e4tt i nedtonade f\u00e4rger. I famnen b\u00e4r de sig sj\u00e4lva i lera, dock inte sj\u00e4lvportr\u00e4tt.<\/em><\/p>\n<p>&nbsp;<\/p>\n<p><strong>De ber\u00e4ttar hur uppgiften gjordes tre g\u00e5nger om.<\/strong> F\u00f6rst med en kolskiss direkt p\u00e5 papper innan f\u00e4rgerna tillkom, sedan genom att grundm\u00e5la papperet innan sj\u00e4lvportr\u00e4ttet gjordes och sedan v\u00e4lja sj\u00e4lv. Som alltid i atelj\u00e9n kan eleverna se och samtala kring varandras arbeten.<\/p>\n<p>\u2013 Du gjorde en m\u00f6rkbl\u00e5 grund, det var coolt, det blev ett helt annat ljus. Jag pr\u00f6vade det sedan, s\u00e4ger Sarah \u00d6lander Borg.<\/p>\n<p><strong>De trivs bra med utbildningen, suger \u00e5t sig tekniker och uttryck.<\/strong> M\u00e4nniskan, milj\u00f6n, tanken \u00e4r konstens outt\u00f6mliga drivkraft. Utst\u00e4llningen p\u00e5 Konstforum visar p\u00e5 bredden med m\u00e5leri, lera, keramik, glas, skulptur.<\/p>\n<p>Under tv\u00e5ornas sj\u00e4lvportr\u00e4tt st\u00e5r huvuden i lera, i n\u00e4stan naturlig storlek, men d\u00e4r \u00e4r det varandra de skulpterat. Efter att f\u00f6rst ha snabbskissat minihuvuden med en liten lerklump p\u00e5 tummen, n\u00e4stan som en lek.<\/p>\n<p>Ett tredje projekt under andra \u00e5ret \u00e4r id\u00e9baserade objekt i gips, n\u00e4t och j\u00e4rntr\u00e5d. H\u00e4r har varje elev utg\u00e5tt fr\u00e5n tre ord.<\/p>\n<p>&nbsp;<\/p>\n<p><a title=\"V\u00e5rsalong De Geergymnasiets Bild och form\" href=\"https:\/\/www.flickr.com\/photos\/kultursidan\/40857179433\/in\/album-72157708523152644\/\"><img loading=\"lazy\" decoding=\"async\" src=\"https:\/\/live.staticflickr.com\/65535\/40857179433_8141ee6e48.jpg\" alt=\"V\u00e5rsalong De Geergymnasiets Bild och form\" width=\"331\" height=\"500\" \/><\/a><br \/>\n<em>Ljusspel. Som en ber\u00e4ttelse blev de gamla kl\u00e4nningar i spr\u00f6tt sidentyg som treorna fick teckna av.<\/em><\/p>\n<p>&nbsp;<\/p>\n<p><strong>Sara \u00d6lander Borg och Wilma Lundgren ser fram mot sitt tredje \u00e5r.<\/strong> Kanske s\u00e4rskilt att l\u00e4ra sig akvarell, grafik och att m\u00e5la med oljef\u00e4rg p\u00e5 duk och f\u00f6rst\u00e5s gymnasiearbetet. Sj\u00e4lvportr\u00e4tten har de inte heller tr\u00f6ttnat p\u00e5.<\/p>\n<p><em>\u00a9 Text: Ann-Charlotte Sandelin<br \/>\n\u00a9 Foto: Nils-G\u00f6ran Tillgren<\/em><\/p>\n<p>BILDSPEL \u2013 KLICKA P\u00c5 BILDENS PILAR<\/p>\n<p><a data-flickr-embed='true' href='https:\/\/www.flickr.com\/photos\/kultursidan\/albums\/72157708523152644' title='V\u00e5rsalong, De Geergymnasiet BoF \u00e5k 1\u20133, 2019 by Kultursidan, on Flickr'><img src='https:\/\/live.staticflickr.com\/65535\/40857178853_a5a34c2d48_z.jpg' width='800' height='600' alt='V\u00e5rsalong De Geergymnasiets Bild och form'><\/a><script async src='https:\/\/embedr.flickr.com\/assets\/client-code.js' charset='utf-8'><\/script><\/p>\n<blockquote>\n<h4>KONSTFORUM Norrk\u00f6ping<\/h4>\n<p>11\u201317 maj 2019, kl 12\u201316<br \/>\n<strong>V\u00e5rsalong<\/strong><br \/>\nDe Geergymnasiets Bild och form-elever, \u00e5k 1\u20133<\/p><\/blockquote>\n<p>L\u00c4NKAR<br \/>\nDe Geergymnasiet <a href=\"http:\/\/www.degeer.norrkoping.se\" target=\"_blank\" rel=\"noopener noreferrer\">hemsida<\/a> <a href=\"https:\/\/www.facebook.com\/DeGeergymnasiet\/\" target=\"_blank\" rel=\"noopener noreferrer\">Facebook<\/a> <a href=\"https:\/\/www.facebook.com\/events\/286034288938924\/\" target=\"_blank\" rel=\"noopener noreferrer\">FB-evenemang<\/a><br \/>\nBild och form-treor i Spiralens kupol <a href=\"https:\/\/www.kultursidan.nu\/?p=40459\" target=\"_blank\" rel=\"noopener noreferrer\">reportage<\/a> Kultursidan.nu 3\/3 2019<\/p>\n","protected":false},"excerpt":{"rendered":"<p>NORRK\u00d6PING F\u00f6rdjupning. N\u00e4r de tre \u00e5rskurserna p\u00e5 De Geergymnasiets Bild- och formprogram st\u00e4ller ut tillsammans p\u00e5 Konstforum blir den genomt\u00e4nkta pedagogiken tydlig. Sara \u00d6lander Borg och Wilma Lundgren g\u00e5r i tv\u00e5an och njuter av allt de l\u00e4rt sig och ser fram mot sista \u00e5ret.  <a class=\"continue-reading-link\" href=\"https:\/\/www.kultursidan.nu\/?p=41435\">L\u00e4s mer <span class=\"meta-nav\">&rarr; <\/span><\/a><\/p>\n","protected":false},"author":1001006,"featured_media":0,"comment_status":"closed","ping_status":"open","sticky":false,"template":"","format":"standard","meta":{"_jetpack_memberships_contains_paid_content":false,"footnotes":""},"categories":[7],"tags":[14,47],"class_list":["post-41435","post","type-post","status-publish","format-standard","hentry","category-norrkoping","tag-konst","tag-utstallning"],"jetpack_featured_media_url":"","jetpack_sharing_enabled":true,"_links":{"self":[{"href":"https:\/\/www.kultursidan.nu\/index.php?rest_route=\/wp\/v2\/posts\/41435","targetHints":{"allow":["GET"]}}],"collection":[{"href":"https:\/\/www.kultursidan.nu\/index.php?rest_route=\/wp\/v2\/posts"}],"about":[{"href":"https:\/\/www.kultursidan.nu\/index.php?rest_route=\/wp\/v2\/types\/post"}],"author":[{"embeddable":true,"href":"https:\/\/www.kultursidan.nu\/index.php?rest_route=\/wp\/v2\/users\/1001006"}],"replies":[{"embeddable":true,"href":"https:\/\/www.kultursidan.nu\/index.php?rest_route=%2Fwp%2Fv2%2Fcomments&post=41435"}],"version-history":[{"count":1,"href":"https:\/\/www.kultursidan.nu\/index.php?rest_route=\/wp\/v2\/posts\/41435\/revisions"}],"predecessor-version":[{"id":41437,"href":"https:\/\/www.kultursidan.nu\/index.php?rest_route=\/wp\/v2\/posts\/41435\/revisions\/41437"}],"wp:attachment":[{"href":"https:\/\/www.kultursidan.nu\/index.php?rest_route=%2Fwp%2Fv2%2Fmedia&parent=41435"}],"wp:term":[{"taxonomy":"category","embeddable":true,"href":"https:\/\/www.kultursidan.nu\/index.php?rest_route=%2Fwp%2Fv2%2Fcategories&post=41435"},{"taxonomy":"post_tag","embeddable":true,"href":"https:\/\/www.kultursidan.nu\/index.php?rest_route=%2Fwp%2Fv2%2Ftags&post=41435"}],"curies":[{"name":"wp","href":"https:\/\/api.w.org\/{rel}","templated":true}]}}