{"id":41438,"date":"2019-05-11T19:34:11","date_gmt":"2019-05-11T18:34:11","guid":{"rendered":"https:\/\/intelligent-friend-7861.standoutwp.com\/?p=41438"},"modified":"2019-05-13T17:30:58","modified_gmt":"2019-05-13T16:30:58","slug":"dromsk-finalrond-i-prattetavlingen","status":"publish","type":"post","link":"https:\/\/www.kultursidan.nu\/?p=41438","title":{"rendered":"Dr\u00f6msk finalrond i Pratt\u00e9t\u00e4vlingen"},"content":{"rendered":"<p><img loading=\"lazy\" decoding=\"async\" class=\"alignnone size-medium wp-image-41439\" src=\"https:\/\/www.kultursidan.nu\/wp-content\/uploads\/2019\/05\/DSCF9634-567x378.jpg\" alt=\"\" width=\"567\" height=\"378\" srcset=\"https:\/\/www.kultursidan.nu\/wp-content\/uploads\/2019\/05\/DSCF9634-567x378.jpg 567w, https:\/\/www.kultursidan.nu\/wp-content\/uploads\/2019\/05\/DSCF9634-768x512.jpg 768w, https:\/\/www.kultursidan.nu\/wp-content\/uploads\/2019\/05\/DSCF9634-1024x683.jpg 1024w, https:\/\/www.kultursidan.nu\/wp-content\/uploads\/2019\/05\/DSCF9634-150x100.jpg 150w, https:\/\/www.kultursidan.nu\/wp-content\/uploads\/2019\/05\/DSCF9634-500x333.jpg 500w, https:\/\/www.kultursidan.nu\/wp-content\/uploads\/2019\/05\/DSCF9634.jpg 1200w\" sizes=\"auto, (max-width: 567px) 100vw, 567px\" \/><br \/>\n<em>Harpist. Janice Hur spelade Ravels Introduction and Allegro i finalronden.<\/em><\/p>\n<p>&nbsp;<\/p>\n<h1><span style=\"color: #ff0000;\">&#8221;Jag \u00e4r som uppe i bergen&#8221;<\/span><\/h1>\n<p>&nbsp;<\/p>\n<p>NORRK\u00d6PING <strong>H\u00e4ndel, Ravel och extra mycket Debussy.<\/strong> Sexton harpister fr\u00e5n hela v\u00e4rlden har kommit till Norrk\u00f6ping f\u00f6r den internationella musikt\u00e4vlingen som ing\u00e5r i nya Pratt\u00e9festivalen, uppkallad efter b\u00f6hmisk-svenske harpisten och tons\u00e4ttaren Antoine Edouard Pratt\u00e9.<\/p>\n<p><strong>Sex harpister kallades till l\u00f6rdagens finalrond som solister med orkestern Camerata Ostrogothia i De Geerhallen.<\/strong> En av de t\u00e4vlande \u00e4r Janice Hur, fr\u00e5n USA\/Sydkorea.<\/p>\n<p>\u2013 Jag hade redan gett en konsert med Ravel hemma, fast med pianoackompanjemang. S\u00e5 jag t\u00e4nkte det skulle vara en bra erfarenhet att f\u00e5 framf\u00f6ra den med orkester, s\u00e4ger Janice Hur, fr\u00e5n USA\/ Sydkorea och n\u00e4st yngst av finalisterna med sina 14 \u00e5r.<\/p>\n<p><strong>Ravels <em>Introduction and Allegro<\/em> \u00e4r en dr\u00f6msk fantasi med b\u00e5de dramatiskt svepande linjer och finlirigt sm\u00e5pill.<\/strong><\/p>\n<p>\u2013 Jag k\u00e4nner det som att jag uppe i bergen, k\u00e4nner mig harmonisk. Det \u00e4r ett samspel mellan mig och orkestern, beskriver Janice Hur sin k\u00e4nsla.<\/p>\n<p>&nbsp;<\/p>\n<p><a title=\"Juliusz Wesolowski, Polen\" href=\"https:\/\/www.flickr.com\/photos\/kultursidan\/46910289665\/in\/album-72157708381331175\/\"><img loading=\"lazy\" decoding=\"async\" src=\"https:\/\/live.staticflickr.com\/65535\/46910289665_12a9f34f6f.jpg\" alt=\"Juliusz Wesolowski, Polen\" width=\"500\" height=\"333\" \/><\/a><br \/>\n<em>Kortast resv\u00e4g. Juliusz Wesolowski fr\u00e5n Polen spelar tillsammans med kammarorkestern Camerata Ostrogothia.<\/em><\/p>\n<p>&nbsp;<\/p>\n<p><strong>Stycket skrevs f\u00f6r en kammarkvartett 1905.<\/strong> H\u00e4r spelar solisten med lite st\u00f6rre Cameratha Ostrogothia som f\u00f6rmedlar stark spelgl\u00e4dje. Inte att undra p\u00e5 att \u00e4ven Juliusz Weso\u0142owski, Polen, ocks\u00e5 valt detta stycke till finalen.<\/p>\n<p><strong>Tre finalister satsade i st\u00e4llet p\u00e5 <em>Danses<\/em> av Debussy, som ocks\u00e5 det kr\u00e4ver virtuositet, med en dynamik som g\u00e5r fr\u00e5n det stilla till det dramatiska och tillbaka igen.<\/strong> Att h\u00f6ra samma stycke spelas flera g\u00e5nger om \u00e4r inte s\u00e5 tokigt som det kan verka. \u00c4ven f\u00f6r den som inte sitter i juryn g\u00e5r det ibland att urskilja att var och en av harpisterna tar sig an stycket p\u00e5 sitt s\u00e4tt.<\/p>\n<p>Det sj\u00e4tte stycket, H\u00e4ndels <em>Harpkonsert i B-dur<\/em>, spelat av 12-\u00e5riga Haley Wong fr\u00e5n Hong Kong, bj\u00f6d p\u00e5 klassisk barock med ett dr\u00f6mskt mellanspel.<\/p>\n<p><strong>Camerata Ostrogothia, i huvudsak h\u00e4mtad fr\u00e5n Symfoniorkesterns led men betydligt mindre, passar bra i sammanhanget.<\/strong> Mycket harpmusik \u00e4r skrivet f\u00f6r kammarensembler eller mindre orkestrar. Orkestern leds av Roman Reznik.<\/p>\n<p>&nbsp;<\/p>\n<p><a title=\"Internationell jury\" href=\"https:\/\/www.flickr.com\/photos\/kultursidan\/46910290255\/in\/album-72157708381331175\/\"><img loading=\"lazy\" decoding=\"async\" src=\"https:\/\/live.staticflickr.com\/65535\/46910290255_00c7548e3d.jpg\" alt=\"Internationell jury\" width=\"500\" height=\"333\" \/><\/a><br \/>\n<em>Internationellt. Jurymedlemmarna kommer fr\u00e5n Frankrike, Tyskland, Kanada, Sverige och Norge.<\/em><\/p>\n<p>&nbsp;<\/p>\n<p><strong>F\u00f6rsta ronden, utan orkester, kr\u00e4vde hela l\u00e5nga fredagen f\u00f6r s\u00e5v\u00e4l t\u00e4vlande som f\u00f6r juryn.<\/strong> Var och en av de sexton t\u00e4vlande skulle visa sin bredd genom tre verk, fr\u00e5n 1700-tal respektive 1800-tal till 1950, samt efter 1950.<\/p>\n<p>\u2013 Jag k\u00e4nde mig v\u00e4l till mods, ber\u00e4ttar Janice Hur som till f\u00f6rsta ronden valde verk av Bach, Walter-K\u00fchne och Holliger.<\/p>\n<p>S\u00e5 mycket av Norrk\u00f6ping har hon inte hunnit se, har hon inte t\u00e4vlat s\u00e5 har hon \u00f6vat. Men det lilla hon sett av milj\u00f6n vid Louis De Geer och Str\u00f6mmen tycker hon st\u00e4mmer bra \u00f6verens med Ravel.<\/p>\n<p><strong>Direkt efter l\u00f6rdagens finalrond st\u00e4ngde juryn in sig f\u00f6r diskussioner.<\/strong> Publiken kunde ocks\u00e5 r\u00f6sta, det delas n\u00e4mligen ut ett Publikens pris.<\/p>\n<p>Vilka av de sex finalisterna som kliver fram som vinnare offentligg\u00f6rs vid s\u00f6ndagseftermiddagens Finalkonsert d\u00e5 f\u00f6rstapristagaren delar scen med Pratt\u00e9festivalens konstn\u00e4rliga ledare Delphine Constantin Reznik och Catherine Michel, som inte bara \u00e4r festivalens hedersg\u00e4st utan \u00e4ven en g\u00e5ng var Delphines l\u00e4rare.<\/p>\n<p>&nbsp;<\/p>\n<p><a title=\"Claudia Lucia Lamanna, Italien\" href=\"https:\/\/www.flickr.com\/photos\/kultursidan\/47826422141\/in\/album-72157708381331175\/\"><img loading=\"lazy\" decoding=\"async\" src=\"https:\/\/live.staticflickr.com\/65535\/47826422141_d3d932aea3.jpg\" alt=\"Claudia Lucia Lamanna, Italien\" width=\"500\" height=\"333\" \/><\/a><br \/>\n<em>Claudia Lucia Lamanna, Italien, spelade Danses av Debussy i finalronden.<\/em><\/p>\n<p>&nbsp;<\/p>\n<p><strong>Och egentligen \u00e4r alla vinnare.<\/strong> De t\u00e4vlande har inte bara m\u00f6jlighet att lyssna till konserter med framst\u00e5ende harpister (jurymedlemmarna) varje dag. De som inte g\u00e5r vidare erbjuds master classes, allts\u00e5 enskilda lektioner.<\/p>\n<p><em>\u00a9 Text och foto: Ann-Charlotte Sandelin<\/em><\/p>\n<p>BILDSPEL \u2013 KLICKA P\u00c5 BILDENS PILAR<\/p>\n<p><a data-flickr-embed='true' href='https:\/\/www.flickr.com\/photos\/kultursidan\/albums\/72157708381331175' title='Finalrond, Pratt\u00e9festivalen 2019 by Kultursidan, on Flickr'><img src='https:\/\/live.staticflickr.com\/65535\/47826422611_43955f2e3c_z.jpg' width='800' height='600' alt='Tv\u00e5 harpor att v\u00e4lja mellan'><\/a><script async src='https:\/\/embedr.flickr.com\/assets\/client-code.js' charset='utf-8'><\/script><\/p>\n<blockquote>\n<h4>PRATT\u00c9 \u2013 FESTIVAL<\/h4>\n<p><strong>Harpfestival och t\u00e4vling<\/strong><br \/>\n8\u201312 maj 2019<br \/>\nKonstn\u00e4rlig ledare och juryns ordf\u00f6rande: Delphine Constantin Reznik<br \/>\nJury: Catherine Michel (France), Birgitte Volan-H\u00e5vik (Norway),<br \/>\nSandrine Chatron (France), Laura Stephenson (Canada\/Sweden)<br \/>\noch Sophia Steckeler (Germany)<\/p>\n<p>T\u00c4VLING<\/p>\n<p style=\"padding-left: 40px;\">Fredag 10 maj kl 9\u201318.30<br \/>\nDe Geerhallen, Louis De Geer, Norrk\u00f6ping<br \/>\n<strong>F\u00f6rsta ronden<\/strong><br \/>\nFri entr\u00e9<\/p>\n<p style=\"padding-left: 40px;\">L\u00f6rdag 11 maj kl 14\u201316<br \/>\nDe Geerhallen, Louis De Geer, Norrk\u00f6ping<br \/>\n<strong>Finalrond<\/strong><br \/>\nCamerata Ostrogothia<br \/>\nDirigent: Roman Reznik<br \/>\nFri entr\u00e9 \u2013 publikomr\u00f6stning<\/p>\n<p style=\"padding-left: 80px;\">FINALISTER<br \/>\nIv\u00e1n Bragado Poveda, Spanien<br \/>\nHaley Wong, Hong Kong<br \/>\nJanice Hur, USA\/Sydkorea<br \/>\nJuliusz Weso\u0142owski, Polen<br \/>\nClaudia Lucia Lamanna, Italien<br \/>\nJuri Saito, Japan<\/p>\n<p>KONSERTER<\/p>\n<p style=\"padding-left: 40px;\">S\u00f6ndag 5 maj kl 15<br \/>\nLedbergs kyrka<br \/>\n<strong>Kammarkonsert<\/strong><\/p>\n<p style=\"padding-left: 40px;\">Onsdag 8 maj kl 18<br \/>\nCrusellhallen, Link\u00f6ping<br \/>\n<strong>Pratt\u00e9 &amp; Sibelius<\/strong><br \/>\nNorrk\u00f6pings Symfoniorkester<br \/>\nSolist: Delphine Constantin-Reznik, harpa<br \/>\nMusik av Sibelius, Grieg och Pratt\u00e9<\/p>\n<p style=\"padding-left: 40px;\">Torsdag 9 maj kl 19<br \/>\nDe Geerhallen, Louis De Geer, Norrk\u00f6ping<br \/>\n<strong>Nordiska klanger<\/strong><br \/>\nNorrk\u00f6pings Symfoniorkester<br \/>\nDirigent: Rumon Gamba<br \/>\nSolister: Hanna Hus\u00e1hr, sopran, och Delphine Constantin-Reznik, harpa<br \/>\nMusik av Sibelius, Pratt\u00e9, Hillborg och Grieg<\/p>\n<p style=\"padding-left: 40px;\">Fredag 10 maj kl 20<br \/>\nDe Geerhallen, Louis De Geer, Norrk\u00f6ping<br \/>\n<strong>Uppt\u00e4ck Pratt\u00e9!<\/strong><br \/>\nSolo- och kammarmusik av Pratt\u00e9, Naji Hakim m fl<\/p>\n<p style=\"padding-left: 40px;\">L\u00f6rdag 11 maj<br \/>\n<strong>Mindre konserter<\/strong> i stan av festivaldeltagarna<\/p>\n<p style=\"padding-left: 40px;\">L\u00f6rdag 11 maj kl 19.30<br \/>\nDe Geerhallen, Louis De Geer, Norrk\u00f6ping<br \/>\n<strong>Festlig harpkonsert<\/strong><br \/>\nSophia Steckeler, Sandrine Chatron, Laura Stephenson och Birgitte Volan-H\u00e5vik (jurymedlemmar)<\/p>\n<p style=\"padding-left: 40px;\">S\u00f6ndag 12 maj<br \/>\n<strong>Mindre konserter<\/strong> i stan av festivaldeltagarna<\/p>\n<p style=\"padding-left: 40px;\">S\u00f6ndag 12 maj kl 14<br \/>\nDe Geerhallen, Louis De Geer, Norrk\u00f6ping<br \/>\n<strong>Finalkonsert<\/strong><br \/>\nCamerata Ostrogothia<br \/>\nDirigent: Roman Reznik<br \/>\nSolister: Catherine Michel och Delphine Constantin-Reznik, samt vinnaren<br \/>\nMusik av Rossini, Pratt\u00e9, Bochsa och Parish-Alvars<\/p>\n<p>MASTERCLASSES<\/p>\n<p style=\"padding-left: 40px;\">L\u00f6rdag 11 maj kl 9.30\u201313 samt 16.30\u201318.30<br \/>\nDe Geerhallen, Louis De Geer, Norrk\u00f6ping<\/p>\n<p style=\"padding-left: 40px;\">S\u00f6ndag 12 maj kl 10\u201313<br \/>\nDe Geerhallen, Louis De Geer, Norrk\u00f6ping<\/p>\n<p>UTST\u00c4LLNING<\/p>\n<p style=\"padding-left: 40px;\">10\u201312 maj<br \/>\nLouis De Geer<br \/>\n<strong>Harpor<\/strong> fr\u00e5n Salvi samt Lyon and Healy<\/p>\n<\/blockquote>\n<p>L\u00c4NKAR<br \/>\nAntoine Edouard Pratt\u00e9 <a href=\"https:\/\/sv.wikipedia.org\/wiki\/Edward_Pratt\u00e9\" target=\"_blank\" rel=\"noopener noreferrer\">Wikipedia<\/a> <a href=\"http:\/\/www.levandemusikarv.se\/tonsattare\/pratte-edvard\/\" target=\"_blank\" rel=\"noopener noreferrer\">Levande Musikarv<\/a> <a href=\"http:\/\/runeberg.org\/nfcb\/0080.html\" target=\"_blank\" rel=\"noopener noreferrer\">Nordisk familjebok<\/a><br \/>\nPratt\u00e9festivalen <a href=\"https:\/\/www.pratteharpfestival.se\" target=\"_blank\" rel=\"noopener noreferrer\">hemsida<\/a> <a href=\"https:\/\/www.facebook.com\/1st-Pratt%C3%A9-International-Harp-Festival-and-Competition-08-12-May-2019-334594243832514\/\" target=\"_blank\" rel=\"noopener noreferrer\"> Facebook<\/a><\/p>\n<p>\u00c5teruppt\u00e4ckt Pratt\u00e9 f\u00e5r egen festival <a href=\"https:\/\/www.kultursidan.nu\/?p=41370\" target=\"_blank\" rel=\"noopener noreferrer\">reportage<\/a> Kultursidan.nu 7\/5 2019<\/p>\n","protected":false},"excerpt":{"rendered":"<p>NORRK\u00d6PING H\u00e4ndel, Ravel och extra mycket Debussy. Sexton harpister fr\u00e5n hela v\u00e4rlden har kommit till Norrk\u00f6ping f\u00f6r den nya internationella musikt\u00e4vlingen. Sex kallades till finalronden som solister med orkestern Camerata Ostrogothia i De Geerhallen. En av de t\u00e4vlande \u00e4r Janice Hur, fr\u00e5n USA\/Sydkorea.  <a class=\"continue-reading-link\" href=\"https:\/\/www.kultursidan.nu\/?p=41438\">L\u00e4s mer <span class=\"meta-nav\">&rarr; <\/span><\/a><\/p>\n","protected":false},"author":1001006,"featured_media":0,"comment_status":"closed","ping_status":"open","sticky":false,"template":"","format":"standard","meta":{"_jetpack_memberships_contains_paid_content":false,"footnotes":""},"categories":[7],"tags":[29,13],"class_list":["post-41438","post","type-post","status-publish","format-standard","hentry","category-norrkoping","tag-festival","tag-musik"],"jetpack_featured_media_url":"","jetpack_sharing_enabled":true,"_links":{"self":[{"href":"https:\/\/www.kultursidan.nu\/index.php?rest_route=\/wp\/v2\/posts\/41438","targetHints":{"allow":["GET"]}}],"collection":[{"href":"https:\/\/www.kultursidan.nu\/index.php?rest_route=\/wp\/v2\/posts"}],"about":[{"href":"https:\/\/www.kultursidan.nu\/index.php?rest_route=\/wp\/v2\/types\/post"}],"author":[{"embeddable":true,"href":"https:\/\/www.kultursidan.nu\/index.php?rest_route=\/wp\/v2\/users\/1001006"}],"replies":[{"embeddable":true,"href":"https:\/\/www.kultursidan.nu\/index.php?rest_route=%2Fwp%2Fv2%2Fcomments&post=41438"}],"version-history":[{"count":5,"href":"https:\/\/www.kultursidan.nu\/index.php?rest_route=\/wp\/v2\/posts\/41438\/revisions"}],"predecessor-version":[{"id":41473,"href":"https:\/\/www.kultursidan.nu\/index.php?rest_route=\/wp\/v2\/posts\/41438\/revisions\/41473"}],"wp:attachment":[{"href":"https:\/\/www.kultursidan.nu\/index.php?rest_route=%2Fwp%2Fv2%2Fmedia&parent=41438"}],"wp:term":[{"taxonomy":"category","embeddable":true,"href":"https:\/\/www.kultursidan.nu\/index.php?rest_route=%2Fwp%2Fv2%2Fcategories&post=41438"},{"taxonomy":"post_tag","embeddable":true,"href":"https:\/\/www.kultursidan.nu\/index.php?rest_route=%2Fwp%2Fv2%2Ftags&post=41438"}],"curies":[{"name":"wp","href":"https:\/\/api.w.org\/{rel}","templated":true}]}}