{"id":41458,"date":"2019-05-13T14:15:21","date_gmt":"2019-05-13T13:15:21","guid":{"rendered":"https:\/\/intelligent-friend-7861.standoutwp.com\/?p=41458"},"modified":"2019-05-13T14:15:21","modified_gmt":"2019-05-13T13:15:21","slug":"nordiskt-med-harpa-sopran-och-son","status":"publish","type":"post","link":"https:\/\/www.kultursidan.nu\/?p=41458","title":{"rendered":"Nordiskt med harpa, sopran och SON"},"content":{"rendered":"<p><img loading=\"lazy\" decoding=\"async\" class=\"alignnone size-medium wp-image-41459\" src=\"https:\/\/www.kultursidan.nu\/wp-content\/uploads\/2019\/05\/DSCF9585-567x378.jpg\" alt=\"\" width=\"567\" height=\"378\" srcset=\"https:\/\/www.kultursidan.nu\/wp-content\/uploads\/2019\/05\/DSCF9585-567x378.jpg 567w, https:\/\/www.kultursidan.nu\/wp-content\/uploads\/2019\/05\/DSCF9585-768x512.jpg 768w, https:\/\/www.kultursidan.nu\/wp-content\/uploads\/2019\/05\/DSCF9585-1024x683.jpg 1024w, https:\/\/www.kultursidan.nu\/wp-content\/uploads\/2019\/05\/DSCF9585-150x100.jpg 150w, https:\/\/www.kultursidan.nu\/wp-content\/uploads\/2019\/05\/DSCF9585-500x333.jpg 500w, https:\/\/www.kultursidan.nu\/wp-content\/uploads\/2019\/05\/DSCF9585.jpg 1200w\" sizes=\"auto, (max-width: 567px) 100vw, 567px\" \/><br \/>\n<em>Charmant. Solist var Symfoniorkesterns egen harpist Delphine Constantin Reznik. Hon har \u00e5teruppt\u00e4ckt 1800-talsharpisten och tons\u00e4ttaren Pratt\u00e9, som en g\u00e5ng ledde Norrk\u00f6pings Orkesters\u00e4llskap.<br \/>\n<\/em><\/p>\n<p>&nbsp;<\/p>\n<h1><span style=\"color: #ff0000;\">Vemod och romantiskt skimmer<\/span><\/h1>\n<p>&nbsp;<\/p>\n<p>NORRK\u00d6PING <strong>Norrk\u00f6pings symfoniorkester v\u00e4ljer att avsluta s\u00e4songen med nordiska klanger.<\/strong> S\u00e5nger av Grieg och Hillborg, <em>Sibelius Symfoni nr 5,<\/em> och som kronan p\u00e5 verket en \u00e5teruppt\u00e4ckt konsert f\u00f6r harpa och orkester med ursprung i Norrk\u00f6ping.<\/p>\n<p><strong>Symfoniorkesterns harpist Delphine Constantin Reznik letade nytt material f\u00f6r harpa och gjorde ett m\u00e4rkligt fynd.<\/strong> En <em>Konsert f\u00f6r harpa och orkester<\/em> skriven av norrk\u00f6pingsbon Anton Edvard Pratt\u00e9. Visserligen f\u00f6dd i B\u00f6hmen men verksam i Norrk\u00f6ping som ledare f\u00f6r Norrk\u00f6pings Orkesters\u00e4llskap p\u00e5 1830-talet. I grunden harpist men ocks\u00e5 tons\u00e4ttare.<\/p>\n<p>&nbsp;<\/p>\n<p><a title=\"Nordiska klanger med Norrk\u00f6pings Symfoniorkester\" href=\"https:\/\/www.flickr.com\/photos\/kultursidan\/46924425075\/in\/album-72157708561612464\/\"><img loading=\"lazy\" decoding=\"async\" src=\"https:\/\/live.staticflickr.com\/65535\/46924425075_ae1254100b.jpg\" alt=\"Nordiska klanger med Norrk\u00f6pings Symfoniorkester\" width=\"500\" height=\"333\" \/><\/a><br \/>\n<em>Pratt\u00e9s konsert lyfter fram orkesterns olika instrument, h\u00e4r str\u00e5kar.<\/em><\/p>\n<p>&nbsp;<\/p>\n<p><strong>Kv\u00e4llens konsert \u00e4r ett charmant stycke i tre satser.<\/strong> Inledande satsen \u00e4r l\u00e4ttsamt melodi\u00f6s och samtidigt pampig \u2013 som en operauvertyr av Mozart. Delphine Constantin Rezniks harpspel \u00e4r elegant och stringent. Andra satsen har en mjukare framtoning och ger solisten flera tillf\u00e4llen att briljera.<\/p>\n<p>I den avslutande satsen letar sig den svenska folkmusiken sig in i tong\u00e5ngarna. En virvlande polska bjuder upp till dans. Det \u00e4r lekfullt med stor spelgl\u00e4dje. Orkestern k\u00e4nns pigg under dirigent Rumon Gambas entusiastiska ledning.<\/p>\n<p><strong>Kompositionen \u00e4r l\u00e4tt att tycka om och harpan ger ett romantiskt skimmer till musiken.<\/strong> L\u00e4ttlyssnat men kanske inte s\u00e5 originellt.<\/p>\n<p>&nbsp;<\/p>\n<p><a title=\"Hanna Hus\u00e1hr\" href=\"https:\/\/www.flickr.com\/photos\/kultursidan\/46924425625\/in\/album-72157708561612464\/\"><img loading=\"lazy\" decoding=\"async\" src=\"https:\/\/live.staticflickr.com\/65535\/46924425625_19dc9ab764.jpg\" alt=\"Hanna Hus\u00e1hr\" width=\"500\" height=\"333\" \/><\/a><br \/>\n<em>Vemod. Hanna Hus\u00e1hr inledde torsdagens konsert med Luonnotar av Sibelius. Efter paus \u00e5terkom hon med s\u00e5nger av Hillborg och Grieg.<\/em><\/p>\n<p>&nbsp;<\/p>\n<p><strong>Sopranen Hanna Hus\u00e1hr var en av finalisterna i Stenhammart\u00e4vlingen 2016.<\/strong> Nu \u00e4r hon tillbaka p\u00e5 De Geerhallens scen och bjuder p\u00e5 s\u00e5nger av Sibelius, Hillborg och Grieg. Dramatisk och vemodig \u00e4r ber\u00e4ttelsen om <em>Luonnotar<\/em> ur den finska mytologin.<\/p>\n<p>Orkestern blir ett hav d\u00e4r sopranens r\u00f6st flyter p\u00e5 ytan. Ibland \u00e4r havet vilt och stormande, ibland lugnt och spegelblankt. Vacker episk musik med en meditativ k\u00e4nsla. Hanna Hus\u00e1hr har en behagfull r\u00f6st med stort uttryck.<\/p>\n<p><strong>Gunnar Ekel\u00f6fs dikt <em>O Dessa \u00d6gon<\/em> ur \u201dSagan om Fatumeh\u201d har tonsatts av Anders Hillborg.<\/strong> Eterisk musik d\u00e4r sopranens r\u00f6st sv\u00e4var \u00f6ver str\u00e5karna. Allvar och sv\u00e4rta utan sentimentalitet.<\/p>\n<p>Nordisk melankoli bjuds i v\u00e4lk\u00e4nda<em> Solveigs sang<\/em> ur Edvard Griegs musik till \u201dPeer Gynt\u201d. Inte lika k\u00e4nd men mycket njutbar \u00e4r Griegs tons\u00e4ttning av Friedrich Bodenstedts dikt <em>En dr\u00f6m<\/em>. L\u00e4ngtan och f\u00f6rv\u00e4ntan i sk\u00f6n f\u00f6rening.<\/p>\n<p><strong>Sibelius femte symfoni \u00e4r stundtals b\u00e5de \u00f6desm\u00e4ttad och monumental.<\/strong> Snabba str\u00e5kar som en surrande klangmatta. Ovanp\u00e5 m\u00f6ts trumpet och fl\u00f6jt i ett tema som upprepas. Rytmer och klanger n\u00f6ts mot varandra. Starkt och svagt om vartannat. Ett vackert tema f\u00f6r fl\u00f6jt f\u00f6r in ljusare och mer hoppfulla tong\u00e5ngar. Rentav beslutsamhet. Vackert vemod och storslagen avslutning s\u00e4tter punkt f\u00f6r v\u00e5rens konserts\u00e4song.<\/p>\n<p><em>\u00a9 Text: Felicia Eriksson<\/em><br \/>\n<em>\u00a9 Foto: Ann-Charlotte Sandelin<\/em><\/p>\n<p>BILDSPEL \u2013 KLICKA P\u00c5 BILDENS PILAR<\/p>\n<p><a data-flickr-embed='true' href='https:\/\/www.flickr.com\/photos\/kultursidan\/albums\/72157708561612464' title='Nordiska klanger, Norrk\u00f6pings Symfoniorkester 2019 by Kultursidan, on Flickr'><img src='https:\/\/live.staticflickr.com\/65535\/40874012293_f88945c1c5_z.jpg' width='800' height='600' alt='Nordiska klanger'><\/a><script async src='https:\/\/embedr.flickr.com\/assets\/client-code.js' charset='utf-8'><\/script><\/p>\n<blockquote>\n<h4>DE GEERHALLEN Norrk\u00f6ping<\/h4>\n<p>9 maj 2019<br \/>\n<strong>Nordiska klanger<br \/>\n<\/strong>Norrk\u00f6pings Symfoniorkester<br \/>\nDirigent: Rumon Gamba<br \/>\nSolister: Hanna Hus\u00e1hr, sopran<br \/>\nDelphine Constantin Reznik, harpa<br \/>\nKonsertm\u00e4stare: Mikael Wenhov<\/p>\n<p style=\"padding-left: 40px;\">PROGRAM<br \/>\nLuonnotar Jean Sibelius (1865-1957)<br \/>\nConcerto Appassionato i g-moll f\u00f6r harpa och orkester Anton Edvard Pratt\u00e9 (1799-1875)<br \/>\nO Dessa \u00d6gon f\u00f6r sopransolo och str\u00e5kar Anders Hillborg (f 1954)<br \/>\nSolveigs sang ur Peer Gynt Edvard Grieg (1843-1907)<br \/>\nEn dr\u00f6m ur 6 s\u00e5nger Edvard Grieg (1843-1907)<br \/>\nSymfoni nr 5 Jean Sibelius (1865-1957)<\/p>\n<p>Konserten ing\u00e5r \u00e4ven i Pratt\u00e9festivalen<\/p><\/blockquote>\n<p>L\u00c4NKAR<br \/>\nHanna Hus\u00e1hr <a href=\"http:\/\/www.hannahusahr.com\" target=\"_blank\" rel=\"noopener noreferrer\">hemsida<\/a><br \/>\nDelphine Constantin Reznik <a href=\"http:\/\/delphineconstantinreznik.com\" target=\"_blank\" rel=\"noopener noreferrer\">hemsida<\/a><br \/>\nNorrk\u00f6pings symfoniorkester <a href=\"http:\/\/www.norrkopingssymfoniorkester.se\" target=\"_blank\" rel=\"noopener noreferrer\">hemsida<\/a> <a href=\"https:\/\/www.facebook.com\/norrkoping.symphony\/?fref=ts\" target=\"_blank\" rel=\"noopener noreferrer\">Facebook<\/a><\/p>\n<p>OM PRATT\u00c9FESTIVALEN<br \/>\nPratt\u00e9festivalen <a href=\"https:\/\/www.pratteharpfestival.se\" target=\"_blank\" rel=\"noopener noreferrer\">hemsida<\/a> <a href=\"https:\/\/www.facebook.com\/1st-Pratt%C3%A9-International-Harp-Festival-and-Competition-08-12-May-2019-334594243832514\/\" target=\"_blank\" rel=\"noopener noreferrer\"> Facebook<\/a><br \/>\nDr\u00f6msk finalrond i Pratt\u00e9t\u00e4vlingen <a href=\"https:\/\/www.kultursidan.nu\/?p=41438\" target=\"_blank\" rel=\"noopener noreferrer\">reportage<\/a> Kultursidan.nu 11\/5 2019<br \/>\n\u00c5teruppt\u00e4ckt Pratt\u00e9 f\u00e5r egen festival <a href=\"https:\/\/www.kultursidan.nu\/?p=41370\" target=\"_blank\" rel=\"noopener noreferrer\">reportage<\/a> Kultursidan.nu 7\/5 2019<\/p>\n<p>V\u00c5RENS ARTIKLAR OM SON<br \/>\nHans Ek &amp; SON tar in p\u00e5 Chelsea Hotel <a href=\"https:\/\/www.kultursidan.nu\/?p=40982\" target=\"_blank\" rel=\"noopener noreferrer\">reportage<\/a> Kultursidan.nu 5\/4 2019<br \/>\nDe d\u00f6da p\u00e5 torgets uppr\u00f6rda v\u00e5gor <a title=\"Permalink to De d\u00f6da p\u00e5 torgets uppr\u00f6rda v\u00e5gor\" href=\"https:\/\/www.kultursidan.nu\/?p=40708\" target=\"_blank\" rel=\"bookmark noopener noreferrer\">recension<\/a> Kultursidan.nu 17\/3 2019<br \/>\nSON spelar in De d\u00f6da p\u00e5 torget live <a href=\"https:\/\/www.kultursidan.nu\/?p=40675\" target=\"_blank\" rel=\"noopener noreferrer\">reportage<\/a> Kultursidan.nu 15\/3 2019<br \/>\nStr\u00e5lande dubbelkonsert med SON <a href=\"https:\/\/www.kultursidan.nu\/?p=40490\" target=\"_blank\" rel=\"noopener noreferrer\">recension<\/a> Kultursidan.nu 4\/3 2019<br \/>\nJohan Dalene spelar Brahms dubbla <a href=\"https:\/\/www.kultursidan.nu\/?p=40431\" target=\"_blank\" rel=\"noopener noreferrer\">reportage<\/a> Kultursidan.nu 28\/2 2019<br \/>\nMusiktreor seglar Borton HoriSONten <a href=\"https:\/\/www.kultursidan.nu\/?p=40091\" target=\"_blank\" rel=\"noopener noreferrer\">reportage<\/a> Kultursidan.nu 8\/2 2019<br \/>\nJ\u00e4ttebarnk\u00f6r med Jojje och SON <a href=\"https:\/\/www.kultursidan.nu\/?p=39886\" target=\"_blank\" rel=\"noopener noreferrer\">reportage<\/a> Kultursidan.nu 25\/1 2019<br \/>\nStenhammarvinnarna tillbaka hos SON <a href=\"https:\/\/www.kultursidan.nu\/?p=39643\" target=\"_blank\" rel=\"noopener noreferrer\">reportage<\/a> Kultursidan.nu 4\/1 2019<br \/>\nSON spelar Wienklassiskt och nytt <a href=\"https:\/\/www.kultursidan.nu\/?p=36304\" target=\"_blank\" rel=\"noopener noreferrer\">reportage<\/a> Kultursidan.nu 8\/5 2018<\/p>\n","protected":false},"excerpt":{"rendered":"<p>NORRK\u00d6PING Norrk\u00f6pings symfoniorkester v\u00e4ljer att avsluta s\u00e4songen med nordiska klanger. S\u00e5nger av Grieg och Hillborg, Sibelius symfoni nr 5, och som kronan p\u00e5 verket en \u00e5teruppt\u00e4ckt konsert f\u00f6r harpa och orkester med ursprung i Norrk\u00f6ping. <a class=\"continue-reading-link\" href=\"https:\/\/www.kultursidan.nu\/?p=41458\">L\u00e4s mer <span class=\"meta-nav\">&rarr; <\/span><\/a><\/p>\n","protected":false},"author":1001006,"featured_media":0,"comment_status":"closed","ping_status":"open","sticky":false,"template":"","format":"standard","meta":{"_jetpack_memberships_contains_paid_content":false,"footnotes":""},"categories":[7],"tags":[29,13],"class_list":["post-41458","post","type-post","status-publish","format-standard","hentry","category-norrkoping","tag-festival","tag-musik"],"jetpack_featured_media_url":"","jetpack_sharing_enabled":true,"_links":{"self":[{"href":"https:\/\/www.kultursidan.nu\/index.php?rest_route=\/wp\/v2\/posts\/41458","targetHints":{"allow":["GET"]}}],"collection":[{"href":"https:\/\/www.kultursidan.nu\/index.php?rest_route=\/wp\/v2\/posts"}],"about":[{"href":"https:\/\/www.kultursidan.nu\/index.php?rest_route=\/wp\/v2\/types\/post"}],"author":[{"embeddable":true,"href":"https:\/\/www.kultursidan.nu\/index.php?rest_route=\/wp\/v2\/users\/1001006"}],"replies":[{"embeddable":true,"href":"https:\/\/www.kultursidan.nu\/index.php?rest_route=%2Fwp%2Fv2%2Fcomments&post=41458"}],"version-history":[{"count":6,"href":"https:\/\/www.kultursidan.nu\/index.php?rest_route=\/wp\/v2\/posts\/41458\/revisions"}],"predecessor-version":[{"id":41465,"href":"https:\/\/www.kultursidan.nu\/index.php?rest_route=\/wp\/v2\/posts\/41458\/revisions\/41465"}],"wp:attachment":[{"href":"https:\/\/www.kultursidan.nu\/index.php?rest_route=%2Fwp%2Fv2%2Fmedia&parent=41458"}],"wp:term":[{"taxonomy":"category","embeddable":true,"href":"https:\/\/www.kultursidan.nu\/index.php?rest_route=%2Fwp%2Fv2%2Fcategories&post=41458"},{"taxonomy":"post_tag","embeddable":true,"href":"https:\/\/www.kultursidan.nu\/index.php?rest_route=%2Fwp%2Fv2%2Ftags&post=41458"}],"curies":[{"name":"wp","href":"https:\/\/api.w.org\/{rel}","templated":true}]}}