{"id":41474,"date":"2019-05-13T21:10:36","date_gmt":"2019-05-13T20:10:36","guid":{"rendered":"https:\/\/intelligent-friend-7861.standoutwp.com\/?p=41474"},"modified":"2019-05-13T21:10:36","modified_gmt":"2019-05-13T20:10:36","slug":"alla-finalisterna-vann-i-harptavlingen","status":"publish","type":"post","link":"https:\/\/www.kultursidan.nu\/?p=41474","title":{"rendered":"Alla finalisterna vann i harpt\u00e4vlingen"},"content":{"rendered":"<p><img loading=\"lazy\" decoding=\"async\" class=\"alignnone size-medium wp-image-41475\" src=\"https:\/\/www.kultursidan.nu\/wp-content\/uploads\/2019\/05\/DSCF9618-567x378.jpg\" alt=\"\" width=\"567\" height=\"378\" srcset=\"https:\/\/www.kultursidan.nu\/wp-content\/uploads\/2019\/05\/DSCF9618-567x378.jpg 567w, https:\/\/www.kultursidan.nu\/wp-content\/uploads\/2019\/05\/DSCF9618-768x512.jpg 768w, https:\/\/www.kultursidan.nu\/wp-content\/uploads\/2019\/05\/DSCF9618-1024x683.jpg 1024w, https:\/\/www.kultursidan.nu\/wp-content\/uploads\/2019\/05\/DSCF9618-150x100.jpg 150w, https:\/\/www.kultursidan.nu\/wp-content\/uploads\/2019\/05\/DSCF9618-500x333.jpg 500w, https:\/\/www.kultursidan.nu\/wp-content\/uploads\/2019\/05\/DSCF9618.jpg 1200w\" sizes=\"auto, (max-width: 567px) 100vw, 567px\" \/><br \/>\n<em>Vinnare. Iv\u00e1n Bragado Poveda vann f\u00f6rsta priset i den internationella t\u00e4vlingen f\u00f6r unga harpister som \u00e4r en del i nya Pratt\u00e9festivalen i Norrk\u00f6ping. Bilden \u00e4r fr\u00e5n l\u00f6rdagens finalrond d\u00e5 finalisterna spelade tillsammans med kammarorkestern Camerata Ostrogothia.<\/em><\/p>\n<p>&nbsp;<\/p>\n<h1><span style=\"color: #ff0000;\">Dynamiskt och nyansrikt<\/span><\/h1>\n<p>&nbsp;<\/p>\n<p>NORRK\u00d6PING <strong>Alla vann!<\/strong> Pris och \u00e4ra till alla sex finalisterna i Pratt\u00e9festivalens t\u00e4vling. F\u00f6rstapristagare var Iv\u00e1n Bragado Poveta fr\u00e5n Spanien. Andra pris gick till italienskan Claudia Lucia Lamanna som \u00e4ven fick Publikens pris.<\/p>\n<p><strong>Pratt\u00e9festivalen som helt cirkulerar kring musik f\u00f6r harpa avslutades med Finalkonsert med kammarorkestern Camerata Ostrogothia ledd av dirigenten Roman Reznik p\u00e5 s\u00f6ndagen.<\/strong> T\u00e4vlingen f\u00f6r unga harpister avgjordes dagen innan men juryns besked, som tog sin tid av \u00f6verl\u00e4ggningar, annonserades f\u00f6rst i samband med s\u00f6ndagskonserten.<\/p>\n<p><strong>F\u00f6rsta pris p\u00e5 20.000 kr tillf\u00f6ll Iv\u00e1n Bragado Poveda, Spanien.<\/strong> I f\u00f6rsta ronden hade han valt stycken av Bach, Holger och Grandjany och i finalronden spelade han <em>Danses<\/em> av Debussy, ett dynamiskt stycke som st\u00e4ller krav p\u00e5 ett nyansrikt spel.<\/p>\n<p>Andrapristagaren Claudia Lucia Lamanna, Italien, valde \u00e4ven hon Debussys <em>Danses<\/em>. Hennes s\u00e4kra spel gav henne \u00e4ven Publikens pris.<\/p>\n<p>Tv\u00e5 t\u00e4vlande fick b\u00e5da tredje pris, Juri Saito, Japan, och Janice Hur, Sydkorea\/USA. Janice Hur fick \u00e4ven pris som Ung lovande talang.<\/p>\n<p><strong>De tv\u00e5 \u00f6vriga finalisterna gick inte lottl\u00f6sa.<\/strong> Juliusz Weso\u0142owski, Polen, fick pris f\u00f6r b\u00e4sta tolkning, och blott 12-\u00e5riga Haley Wong, Hong Kong fick speciellt pris f\u00f6r str\u00e5lande spel.<\/p>\n<p>&nbsp;<\/p>\n<p><a title=\"Haley Wong tillsammans med Delphine Constantin Reznik\" href=\"https:\/\/www.flickr.com\/photos\/kultursidan\/47842376631\/in\/album-72157707072004941\/\"><img loading=\"lazy\" decoding=\"async\" src=\"https:\/\/live.staticflickr.com\/65535\/47842376631_6e90711ded.jpg\" alt=\"Haley Wong tillsammans med Delphine Constantin Reznik\" width=\"375\" height=\"500\" \/><\/a><br \/>\n<em>Str\u00e5lande spel. Yngsta finalisten Haley Wong tillsammans med Delphine Constantin Reznik efter avslutad festival.<\/em><\/p>\n<p>&nbsp;<\/p>\n<p><strong>Prisutdelningen inramade av ett festligt musikprogram som inleddes med en uvertyr av Rossini.<\/strong> Pratt\u00e9festivalens konstn\u00e4rliga ledare Delphine Delphine Constantin Reznik, som haft en intensiv vecka med konserter, bland annat med Norrk\u00f6pings Symfoniorkester, och inte minst med t\u00e4vlingen l\u00e4t publiken h\u00f6ra \u00e4nnu ett stycke av sin nyuppt\u00e4ckta 1800-talstons\u00e4ttare Antoine Edouard Pratt\u00e9. Denne var allts\u00e5 bosatt i Norrk\u00f6ping ett par \u00e5r och tillbringade st\u00f6rre delen av sitt liv i \u00d6sterg\u00f6tland.<\/p>\n<p>Festivalens hedersg\u00e4st Catherine Michel hade valt ett verk av franske 1800-talsharpisten Bochsa. Tillsammans spelade de tv\u00e5 en <em>Concertino<\/em> av engelske harpisten Parish-Alvars.<\/p>\n<p><em>\u00a9 Text: Ann-Charlotte Sandelin\u2028<\/em><br \/>\n<em>\u00a9 Foto: Ann-Charlotte Sandelin och Helena Cimbritz<\/em><\/p>\n<p>BILDSPEL \u2013 KLICKA P\u00c5 BILDENS PILAR<\/p>\n<p><a data-flickr-embed='true' href='https:\/\/www.flickr.com\/photos\/kultursidan\/albums\/72157707072004941' title='Vinnare, Pratt\u00e9festivalens t\u00e4vling f\u00f6r unga harpister, 2019 by Kultursidan, on Flickr'><img src='https:\/\/live.staticflickr.com\/65535\/32898349987_7aca04295e_z.jpg' width='800' height='600' alt='Iv\u00e1n Bragado Poveda'><\/a><script async src='https:\/\/embedr.flickr.com\/assets\/client-code.js' charset='utf-8'><\/script><\/p>\n<blockquote>\n<h4>PRATT\u00c9 \u2013 FESTIVAL<\/h4>\n<p><strong>Harpfestival och t\u00e4vling<\/strong><br \/>\n8\u201312 maj 2019<br \/>\nKonstn\u00e4rlig ledare och juryns ordf\u00f6rande: Delphine Constantin Reznik<br \/>\nJury: Catherine Michel (France), Birgitte Volan-H\u00e5vik (Norway),<br \/>\nSandrine Chatron (France), Laura Stephenson (Canada\/Sweden)<br \/>\noch Sophia Steckeler (Germany)<\/p>\n<p>T\u00c4VLING<\/p>\n<p style=\"padding-left: 40px;\">Fredag 10 maj kl 9\u201318.30<br \/>\nDe Geerhallen, Louis De Geer, Norrk\u00f6ping<br \/>\n<strong>F\u00f6rsta ronden<\/strong><br \/>\nFri entr\u00e9<\/p>\n<p style=\"padding-left: 40px;\">L\u00f6rdag 11 maj kl 14\u201316<br \/>\nDe Geerhallen, Louis De Geer, Norrk\u00f6ping<br \/>\n<strong>Finalrond<\/strong><br \/>\nCamerata Ostrogothia<br \/>\nDirigent: Roman Reznik<br \/>\nFri entr\u00e9 \u2013 publikomr\u00f6stning<\/p>\n<p style=\"padding-left: 80px;\">VINNARE<br \/>\nF\u00f6rsta Pris: Iv\u00e1n Bragado Poveda (Spanien)<br \/>\nAndra Pris: Claudia Lucia Lamanna (Italien)<br \/>\nTredje Pris (tv\u00e5 stycken) : Juri Saito (Japan)<br \/>\nJanice Hur (Syd Korea\/USA)<\/p>\n<p style=\"padding-left: 80px;\">Ung lovande talang pris: Janice Hur (SYD Korea\/USA)<br \/>\nPris f\u00f6r b\u00e4sta tolkningen av harpist-tons\u00e4ttaren stycke: Juliusz Weso\u0142owski (Polen)<br \/>\nSpeciell Pris till yngsta t\u00e4vlande f\u00f6r str\u00e5lande spel: Haley Wong (Hong Kong)<br \/>\nPublikens pris: Claudia Lucia Lamanna (Italien)<\/p>\n<p>KONSERTER<\/p>\n<p style=\"padding-left: 40px;\">S\u00f6ndag 5 maj kl 15<br \/>\nLedbergs kyrka<br \/>\n<strong>Kammarkonsert<\/strong><\/p>\n<p style=\"padding-left: 40px;\">Onsdag 8 maj kl 18<br \/>\nCrusellhallen, Link\u00f6ping<br \/>\n<strong>Pratt\u00e9 &amp; Sibelius<\/strong><br \/>\nNorrk\u00f6pings Symfoniorkester<br \/>\nSolist: Delphine Constantin-Reznik, harpa<br \/>\nMusik av Sibelius, Grieg och Pratt\u00e9<\/p>\n<p style=\"padding-left: 40px;\">Torsdag 9 maj kl 19<br \/>\nDe Geerhallen, Louis De Geer, Norrk\u00f6ping<br \/>\n<strong>Nordiska klanger<\/strong><br \/>\nNorrk\u00f6pings Symfoniorkester<br \/>\nDirigent: Rumon Gamba<br \/>\nSolister: Hanna Hus\u00e1hr, sopran, och Delphine Constantin-Reznik, harpa<br \/>\nMusik av Sibelius, Pratt\u00e9, Hillborg och Grieg<\/p>\n<p style=\"padding-left: 40px;\">Fredag 10 maj kl 20<br \/>\nDe Geerhallen, Louis De Geer, Norrk\u00f6ping<br \/>\n<strong>Uppt\u00e4ck Pratt\u00e9!<\/strong><br \/>\nSolo- och kammarmusik av Pratt\u00e9, Naji Hakim m fl<\/p>\n<p style=\"padding-left: 40px;\">L\u00f6rdag 11 maj<br \/>\n<strong>Mindre konserter<\/strong> i stan av festivaldeltagarna<\/p>\n<p style=\"padding-left: 40px;\">L\u00f6rdag 11 maj kl 19.30<br \/>\nDe Geerhallen, Louis De Geer, Norrk\u00f6ping<br \/>\n<strong>Festlig harpkonsert<\/strong><br \/>\nSophia Steckeler, Sandrine Chatron, Laura Stephenson och Birgitte Volan-H\u00e5vik (jurymedlemmar)<\/p>\n<p style=\"padding-left: 40px;\">S\u00f6ndag 12 maj<br \/>\n<strong>Mindre konserter<\/strong> i stan av festivaldeltagarna<\/p>\n<p style=\"padding-left: 40px;\">S\u00f6ndag 12 maj kl 14<br \/>\nDe Geerhallen, Louis De Geer, Norrk\u00f6ping<br \/>\n<strong>Finalkonsert<\/strong><br \/>\nCamerata Ostrogothia<br \/>\nDirigent: Roman Reznik<br \/>\nSolister: Catherine Michel och Delphine Constantin-Reznik, samt vinnaren<br \/>\nMusik av Rossini, Pratt\u00e9, Bochsa och Parish-Alvars<\/p>\n<p>MASTERCLASSES<\/p>\n<p style=\"padding-left: 40px;\">L\u00f6rdag 11 maj kl 9.30\u201313 samt 16.30\u201318.30<br \/>\nDe Geerhallen, Louis De Geer, Norrk\u00f6ping<\/p>\n<p style=\"padding-left: 40px;\">S\u00f6ndag 12 maj kl 10\u201313<br \/>\nDe Geerhallen, Louis De Geer, Norrk\u00f6ping<\/p>\n<p>UTST\u00c4LLNING<\/p>\n<p style=\"padding-left: 40px;\">10\u201312 maj<br \/>\nLouis De Geer<br \/>\n<strong>Harpor<\/strong> fr\u00e5n Salvi samt Lyon and Healy<\/p>\n<\/blockquote>\n<p>L\u00c4NKAR<br \/>\nAntoine Edouard Pratt\u00e9 <a href=\"https:\/\/sv.wikipedia.org\/wiki\/Edward_Pratt\u00e9\" target=\"_blank\" rel=\"noopener noreferrer\">Wikipedia<\/a> <a href=\"http:\/\/www.levandemusikarv.se\/tonsattare\/pratte-edvard\/\" target=\"_blank\" rel=\"noopener noreferrer\">Levande Musikarv<\/a> <a href=\"http:\/\/runeberg.org\/nfcb\/0080.html\" target=\"_blank\" rel=\"noopener noreferrer\">Nordisk familjebok<\/a><br \/>\nPratt\u00e9festivalen <a href=\"https:\/\/www.pratteharpfestival.se\" target=\"_blank\" rel=\"noopener noreferrer\">hemsida<\/a> <a href=\"https:\/\/www.facebook.com\/1st-Pratt%C3%A9-International-Harp-Festival-and-Competition-08-12-May-2019-334594243832514\/\" target=\"_blank\" rel=\"noopener noreferrer\"> Facebook<\/a><\/p>\n<p>Nordiskt med harpa, sopran och SON <a href=\"https:\/\/www.kultursidan.nu\/?p=41458\" target=\"_blank\" rel=\"noopener noreferrer\">recension<\/a> Kultursidan.nu 13\/5 2019<br \/>\nDr\u00f6msk finalrond i Pratt\u00e9t\u00e4vlingen <a href=\"https:\/\/www.kultursidan.nu\/?p=41438\" target=\"_blank\" rel=\"noopener noreferrer\">reportage<\/a> Kultursidan.nu 11\/5 2019<br \/>\n\u00c5teruppt\u00e4ckt Pratt\u00e9 f\u00e5r egen festival <a href=\"https:\/\/www.kultursidan.nu\/?p=41370\" target=\"_blank\" rel=\"noopener noreferrer\">reportage<\/a> Kultursidan.nu 7\/5 2019<\/p>\n","protected":false},"excerpt":{"rendered":"<p>NORRK\u00d6PING Alla vann! Pris och \u00e4ra till alla sex finalisterna i Pratt\u00e9festivalens t\u00e4vling. F\u00f6rstapristagare var Iv\u00e1n Bragado Poveta fr\u00e5n Spanien. Andra pris gick till italienskan Claudia Lucia Lamanna som \u00e4ven fick Publikens pris.  <a class=\"continue-reading-link\" href=\"https:\/\/www.kultursidan.nu\/?p=41474\">L\u00e4s mer <span class=\"meta-nav\">&rarr; <\/span><\/a><\/p>\n","protected":false},"author":1001006,"featured_media":0,"comment_status":"closed","ping_status":"open","sticky":false,"template":"","format":"standard","meta":{"_jetpack_memberships_contains_paid_content":false,"footnotes":""},"categories":[7],"tags":[29,13,39],"class_list":["post-41474","post","type-post","status-publish","format-standard","hentry","category-norrkoping","tag-festival","tag-musik","tag-pris"],"jetpack_featured_media_url":"","jetpack_sharing_enabled":true,"_links":{"self":[{"href":"https:\/\/www.kultursidan.nu\/index.php?rest_route=\/wp\/v2\/posts\/41474","targetHints":{"allow":["GET"]}}],"collection":[{"href":"https:\/\/www.kultursidan.nu\/index.php?rest_route=\/wp\/v2\/posts"}],"about":[{"href":"https:\/\/www.kultursidan.nu\/index.php?rest_route=\/wp\/v2\/types\/post"}],"author":[{"embeddable":true,"href":"https:\/\/www.kultursidan.nu\/index.php?rest_route=\/wp\/v2\/users\/1001006"}],"replies":[{"embeddable":true,"href":"https:\/\/www.kultursidan.nu\/index.php?rest_route=%2Fwp%2Fv2%2Fcomments&post=41474"}],"version-history":[{"count":3,"href":"https:\/\/www.kultursidan.nu\/index.php?rest_route=\/wp\/v2\/posts\/41474\/revisions"}],"predecessor-version":[{"id":41478,"href":"https:\/\/www.kultursidan.nu\/index.php?rest_route=\/wp\/v2\/posts\/41474\/revisions\/41478"}],"wp:attachment":[{"href":"https:\/\/www.kultursidan.nu\/index.php?rest_route=%2Fwp%2Fv2%2Fmedia&parent=41474"}],"wp:term":[{"taxonomy":"category","embeddable":true,"href":"https:\/\/www.kultursidan.nu\/index.php?rest_route=%2Fwp%2Fv2%2Fcategories&post=41474"},{"taxonomy":"post_tag","embeddable":true,"href":"https:\/\/www.kultursidan.nu\/index.php?rest_route=%2Fwp%2Fv2%2Ftags&post=41474"}],"curies":[{"name":"wp","href":"https:\/\/api.w.org\/{rel}","templated":true}]}}