{"id":41504,"date":"2019-05-15T19:23:03","date_gmt":"2019-05-15T18:23:03","guid":{"rendered":"https:\/\/intelligent-friend-7861.standoutwp.com\/?p=41504"},"modified":"2019-05-15T19:23:03","modified_gmt":"2019-05-15T18:23:03","slug":"konstprojekt-for-inre-hamnens-sjal","status":"publish","type":"post","link":"https:\/\/www.kultursidan.nu\/?p=41504","title":{"rendered":"Konstprojekt f\u00f6r Inre hamnens sj\u00e4l"},"content":{"rendered":"<p><img loading=\"lazy\" decoding=\"async\" class=\"alignnone size-medium wp-image-41505\" src=\"https:\/\/www.kultursidan.nu\/wp-content\/uploads\/2019\/05\/DSCF9813-567x378.jpg\" alt=\"\" width=\"567\" height=\"378\" srcset=\"https:\/\/www.kultursidan.nu\/wp-content\/uploads\/2019\/05\/DSCF9813-567x378.jpg 567w, https:\/\/www.kultursidan.nu\/wp-content\/uploads\/2019\/05\/DSCF9813-768x512.jpg 768w, https:\/\/www.kultursidan.nu\/wp-content\/uploads\/2019\/05\/DSCF9813-1024x683.jpg 1024w, https:\/\/www.kultursidan.nu\/wp-content\/uploads\/2019\/05\/DSCF9813-150x100.jpg 150w, https:\/\/www.kultursidan.nu\/wp-content\/uploads\/2019\/05\/DSCF9813-500x333.jpg 500w, https:\/\/www.kultursidan.nu\/wp-content\/uploads\/2019\/05\/DSCF9813.jpg 1200w\" sizes=\"auto, (max-width: 567px) 100vw, 567px\" \/><br \/>\n<em>Inre hamnen. Andreas kvarn i bakgrunden ska renoveras, det mesta andra av det som \u00e4r Salt\u00e4ngen ska bort. I f\u00f6rgrunden konstn\u00e4rerna \u00c5sa Jungelius och Peter Johansson.<\/em><\/p>\n<p>&nbsp;<\/p>\n<h1><span style=\"color: #ff0000;\">\u201dVi \u00e4r utvalda p\u00e5 f\u00f6rtroende\u201d<\/span><\/h1>\n<p>&nbsp;<\/p>\n<p>NORRK\u00d6PING <strong>Hur man nu skapar en sj\u00e4l.<\/strong> Startskottet har g\u00e5tt f\u00f6r omvandlingen av Inre hamnen. Fem konstn\u00e4rsteam ska arbeta med gestaltningar i omr\u00e5dets \u00f6ppna delar. \u00c4nnu finns inga skisser. N\u00e5gra av de utvalda konstn\u00e4rerna vallades i omr\u00e5det i onsdags.<\/p>\n<p><strong>Under flera decennier har det byggts mycket litet i Norrk\u00f6ping.<\/strong> Nu har proppen g\u00e5tt ur och \u00f6stra delen av Salt\u00e4ngen ska omvandlas till Inre hamnen, en helt ny stadsdel med centralt l\u00e4ge vid Str\u00f6mmen. Till skillnad fr\u00e5n Industrilandskapet kommer merparten av den nuvarande bebyggelsen h\u00e4r att rivas. Andreas kvarn \u00e4r en av f\u00e5 byggnader som ska vara kvar.<\/p>\n<p>\u2013 Jag hoppas vi f\u00e5r &#8221;Norrk\u00f6ping Light Festival&#8221; \u00e4nda hit, s\u00e4ger kommunalr\u00e5det Reidar Svedahl som ser den nya stadsdelen med dess vattenn\u00e4ra milj\u00f6er som n\u00e5got nytt f\u00f6r Norrk\u00f6pingsborna att vara stolta \u00f6ver.<\/p>\n<p><strong>Salt\u00e4ngen blir en helt ny stadsdel med ett nytt namn, Inre hamnen.<\/strong> De bilverkst\u00e4der och andra sm\u00e5f\u00f6retag som nu finns d\u00e4r kommer att f\u00f6rsvinna. De utraderas p\u00e5 samma s\u00e4tt som kronobr\u00e4nneriet och varvet \u00e4r borta sedan l\u00e4nge. De l\u00e5g h\u00e4r p\u00e5 1600- och 1700-talen n\u00e4r omr\u00e5det kallades Skeppsholmen.<\/p>\n<p>Arkeologerna gr\u00e4ver fram historien, gr\u00e4vskopor och byggherrar v\u00e4ntar p\u00e5 att skriva ny.<\/p>\n<p><strong>Att konstn\u00e4rerna kommer in s\u00e5 tidigt i arbetet \u00e4r ovanligt.<\/strong><\/p>\n<p>\u2013 Det \u00e4r viktigt att f\u00e5 in konsten tidigt i processen, s\u00e4ger Konstmuseets chef Helena Persson som s\u00e4ger att Inre hamnen blir ett pilotprojekt d\u00e4r de kan testa nya arbetsmetoder.<\/p>\n<p>\u2013 Det \u00e4r ett historiskt laddat omr\u00e5de att knyta an till.<\/p>\n<p>&nbsp;<\/p>\n<p><a title=\"Michael Johansson\" href=\"https:\/\/www.flickr.com\/photos\/kultursidan\/33979701388\/in\/album-72157705117379412\/\"><img loading=\"lazy\" decoding=\"async\" src=\"https:\/\/live.staticflickr.com\/65535\/33979701388_5752b0f527.jpg\" alt=\"Michael Johansson\" width=\"500\" height=\"333\" \/><\/a><br \/>\n<em>Ett konstverk eller flera? Michael Johansson har f\u00e5tt omr\u00e5det vid Hamnbron p\u00e5 sin lott, eventuellt g\u00f6r han \u00e4ven n\u00e5got vid Kanontorget framf\u00f6r Tullhuset.<\/em><\/p>\n<p>&nbsp;<\/p>\n<p><strong>Hans omr\u00e5de \u00e4r inh\u00e4gnat och gr\u00e4vmaskiner har b\u00f6rjat jobba.<\/strong> Vid Passagen strax intill Hamnbron ska Michael Johansson skapa den f\u00f6rsta konstn\u00e4rliga gestaltningen f\u00f6r Inre hamnen. Vad det ska bli vet han \u00e4nnu inte. Till vintern ska han ha kommit med en skiss efter mycket samtal och v\u00e4ndande och vridande tillsammans med landskapsarkitekten Jenny Svensson fr\u00e5n AJ Landskap.<\/p>\n<p><strong>\u2013 Det \u00e4r sp\u00e4nnande att g\u00f6ra arbeten f\u00f6r det offentliga rummet.<\/strong> Den som m\u00f6ter konstverket \u00e4r inte f\u00f6rberedd, kanske inte ens ser det som konst. Kan man skruva lite, utmana? Men det f\u00e5r inte vara oinbjudande, reflekterar Michael Johansson.<\/p>\n<p>\u2013 Vi har gjort bygghandlingar, ritningar f\u00f6r Kanontorget och Passagen. Det ska bli park och evenemangsyta som en entr\u00e9 till Inre hamnen, s\u00e4ger landskapsarkitekten Jenny Svensson och pekar p\u00e5 en turkos kran som ligger s\u00f6nderplockad innanf\u00f6r ett staket \u2013 f\u00e4rgen ska plockas upp.<\/p>\n<p><strong>Fem team av landskapsarkitekter och konstn\u00e4rer ska arbeta f\u00f6r att g\u00f6ra Inre hamnen till en stadsdel f\u00f6r alla Norrk\u00f6pingsbor. <\/strong>M\u00e5nga akt\u00f6rer \u00e4r inblandade i utvecklingen, inte bara Stadsplaneringskontoret och byggf\u00f6retagen. De hus som byggs ska ligga i offentliga milj\u00f6er och d\u00e5 kr\u00e4vs samverkan av stadsarkitekt, stadstr\u00e4dg\u00e5rdsm\u00e4stare och konstmuseets intendent f\u00f6r den offentliga konsten. Tillsammans med r\u00e5dgivare har de g\u00e5tt ut med en \u00f6ppen kallelse till konstn\u00e4rer.<\/p>\n<p>\u2013 90 konstn\u00e4rer anm\u00e4lde intresse, ber\u00e4ttar konstintendenten Mattias \u00c5keson.<\/p>\n<p>Efter att samr\u00e5dsgruppen har granskat, funderat och intervjuat valdes fem ut. Viktigt var att alla hade tidigare erfarenhet av arbete med offentliga projekt.<\/p>\n<p><strong>\u2013 Jag har varit med i t\u00e4vlingar tidigare, d\u00e4r jag presenterat min id\u00e9.<\/strong> Nu blev vi utvalda p\u00e5 f\u00f6rtroende, s\u00e4ger konstn\u00e4ren Michael Johansson och \u00e4r inte det minsta nerv\u00f6s \u00f6ver att han inte kommit p\u00e5 en enda id\u00e9 efter att ha varit p\u00e5 plats i Norrk\u00f6ping en hel timme.<\/p>\n<p>&nbsp;<\/p>\n<p><a title=\"Barbro Westling, Ia Westman och Peter Johansson\" href=\"https:\/\/www.flickr.com\/photos\/kultursidan\/33979701268\/in\/album-72157705117379412\/\"><img loading=\"lazy\" decoding=\"async\" src=\"https:\/\/live.staticflickr.com\/65535\/33979701268_28f0fdd1b1.jpg\" alt=\"Barbro Westling, Ia Westman och Peter Johansson\" width=\"500\" height=\"333\" \/><\/a><br \/>\n<em>P\u00e5 r\u00e4tt sp\u00e5r. Barbro Westling, Ia Westman och Peter Johansson kommer att arbeta med omr\u00e5det Br\u00e4nnerigatan\/ Diagonalen.<\/em><\/p>\n<p>&nbsp;<\/p>\n<p><strong>\u2013 \u00c4r det h\u00e4r v\u00e5rt sp\u00e5r?<\/strong><br \/>\n\u2013 Nej, det \u00e4r lite l\u00e4ngre bort.<\/p>\n<p>Konstn\u00e4rsduon Peter Johansson och Barbro Westling ska ta sig an Br\u00e4nnerigatan\/Diagonalen tillsammans med landskapsarkitekten Ia Westman fr\u00e5n Nyr\u00e9ns Arkitektskontor. D\u00e4r g\u00e5r tv\u00e5 j\u00e4rnv\u00e4gssp\u00e5r ihop i gr\u00e4set. R\u00e4lsen smyger t\u00e4tt intill Salt\u00e4ngens gamla lagerbyggnader.<\/p>\n<p>Barbro Westling har f\u00e5ngat upp Helena Perssons ord om att omr\u00e5det har en historia och ser konstn\u00e4rernas uppgift som att \u201dskapa en sj\u00e4l\u201d, knyta an till eller tillf\u00f6ra n\u00e5got.<\/p>\n<p>\u2013 Det \u00e4r bra med h\u00f6ga ambitioner men man beh\u00f6ver begr\u00e4nsningar ocks\u00e5 f\u00f6r att det ska bli bra, reflekterar hon.<\/p>\n<p><strong>Hon j\u00e4mf\u00f6r Norrk\u00f6ping med Malm\u00f6, ocks\u00e5 en gammal arbetarstad, som hon k\u00e4nner v\u00e4l.<\/strong> N\u00e4r V\u00e4stra hamnen byggdes d\u00e4r, en stadsdel f\u00f6r h\u00f6gre medelklass, kom Malm\u00f6bor fr\u00e5n andra stadsdelar g\u00e4rna\u00a0 dit, tog bryggor och promenader i anspr\u00e5k.<\/p>\n<p>\u2013 De tog med sig sina filtar och picknickkorgar, ber\u00e4ttar hon glatt. Det verkar som att ni planerar f\u00f6r n\u00e5got liknande h\u00e4r.<\/p>\n<p>\u2013 Om tillr\u00e4ckligt m\u00e5nga avskyr konsten s\u00e5 ger det sammanh\u00e5llning, flikar retstickan Peter Johansson in, konstn\u00e4ren som tagit det som sin uppgift att ta ner alla oss m\u00e4nniskor p\u00e5 jorden.<\/p>\n<p><strong>Och visst \u00e4r han en Norrk\u00f6pingsbo i f\u00f6rskingringen.<\/strong> Peter Johansson gjorde vapenfri tj\u00e4nst i Navestad ett \u00e5r. D\u00e5 och d\u00e5 kommer han tillbaka i ett eller annat konstprojekt, senast 2014 och 2015.<\/p>\n<p><em>\u00a9 Text och foto: Ann-Charlotte Sandelin<\/em><\/p>\n<p>BILDSPEL \u2013 KLICKA P\u00c5 BILDENS PILAR<\/p>\n<p><a data-flickr-embed='true' href='https:\/\/www.flickr.com\/photos\/kultursidan\/albums\/72157705117379412' title='Konstn\u00e4rer f\u00f6r Inre hamnen 2019 by Kultursidan, on Flickr'><img src='https:\/\/live.staticflickr.com\/65535\/40890479803_28b43aa9ed_z.jpg' width='800' height='600' alt='Barbro Westling, Michael Johansson, \u00c5sa Jungelius och Peter Johansson'><\/a><script async src='https:\/\/embedr.flickr.com\/assets\/client-code.js' charset='utf-8'><\/script><\/p>\n<blockquote>\n<h4>INRE HAMNEN Norrk\u00f6ping<\/h4>\n<p><strong>Konstn\u00e4rliga uppdrag<\/strong><br \/>\nMichael Johansson \u2013 Passage\/Kanontorget<br \/>\nAleksandra Stratimirovic \u2013 Kanalerna<br \/>\nPeter Johansson och Barbro Westling \u2013 Br\u00e4nnerigatan\/Diagonalen<br \/>\n\u00c5sa Jungelius \u2013 S\u00f6dra kajen<br \/>\nCarola Grahn \u2013 Gatusystem<\/p><\/blockquote>\n<p>L\u00c4NKAR<br \/>\nNext: Norrk\u00f6ping <a href=\"http:\/\/next.norrkoping.se\" target=\"_blank\" rel=\"noopener noreferrer\">hemsida<\/a><br \/>\nMichael Johansson <a href=\"https:\/\/www.michaeljohansson.com\" target=\"_blank\" rel=\"noopener noreferrer\">hemsida<\/a><br \/>\nAleksandra Stratimirovic <a href=\"http:\/\/www.strati.se\" target=\"_blank\" rel=\"noopener noreferrer\">hemsida<\/a><br \/>\nPeter Johansson\/ Barbro Westling <a href=\"http:\/\/www.peterjohanssonbarbrowestling.com\" target=\"_blank\" rel=\"noopener noreferrer\">hemsida<\/a><br \/>\n\u00c5sa Jungelius <a href=\"https:\/\/asajungnelius.se\" target=\"_blank\" rel=\"noopener noreferrer\">hemsida<\/a><br \/>\nCarola Grahn <a href=\"https:\/\/www.instagram.com\/lagrahn\/?hl=sv\" target=\"_blank\" rel=\"noopener noreferrer\">Instagram<\/a><\/p>\n<p>Arkeologidag med b\u00e4vers\u00e4l och gravar <a href=\"https:\/\/www.kultursidan.nu\/?p=37827\" target=\"_blank\" rel=\"noopener noreferrer\">reportage<\/a> Kultursidan.nu 24\/8 2018<br \/>\nHit flyttar Kolhamnens graffitiv\u00e4ggar <a href=\"https:\/\/www.kultursidan.nu\/?p=32371\" target=\"_blank\" rel=\"noopener noreferrer\">reportage<\/a> Kultursidan.nu 7\/9 2017<br \/>\n\u00d6nskas: Gr\u00f6nt Resecentrum med toalett <a href=\"https:\/\/www.kultursidan.nu\/?p=30130\" target=\"_blank\" rel=\"noopener noreferrer\">reportage<\/a> Kultursidan.nu 1\/4 2017<br \/>\nTv\u00e5 vinnare f\u00f6r Inre hamnens yttre milj\u00f6 <a href=\"https:\/\/www.kultursidan.nu\/?p=28536\" target=\"_blank\" rel=\"noopener noreferrer\">reportage<\/a> Kultursidan.nu 23\/12 2016<br \/>\nNorrk\u00f6ping river det gamla f\u00f6r det nya <a href=\"https:\/\/www.kultursidan.nu\/?p=27095\" target=\"_blank\" rel=\"noopener noreferrer\">reportage<\/a> Kultursidan.nu 26\/9 2016<br \/>\nInre hamnen n\u00e4sta finlyft f\u00f6r Norrk\u00f6ping <a href=\"https:\/\/www.kultursidan.nu\/?p=26660\" target=\"_blank\" rel=\"noopener noreferrer\">reportage<\/a> Kultursidan.nu\u00a0 24\/8 2016<\/p>\n<p>Peter Johansson \u00e4r glad i sin Cell <a href=\"https:\/\/www.kultursidan.nu\/?p=21321\" target=\"_blank\" rel=\"noopener noreferrer\">reportage<\/a> Kultursidan.nu 8\/9 2015<br \/>\nKonstmuseet \u00f6ppnar fr\u00e5n Ellen Key <a href=\"https:\/\/www.kultursidan.nu\/?p=15172\" target=\"_blank\" rel=\"noopener noreferrer\">reportage<\/a> Kultursidan.nu 5\/6 2014<\/p>\n","protected":false},"excerpt":{"rendered":"<p>NORRK\u00d6PING Hur man nu skapar en sj\u00e4l. Startskottet har g\u00e5tt f\u00f6r omvandlingen av Inre hamnen. Fem konstn\u00e4rsteam ska arbeta med gestaltningar i omr\u00e5dets \u00f6ppna delar. \u00c4nnu finns inga skisser. N\u00e5gra av de utvalda konstn\u00e4rerna vallades i omr\u00e5det i onsdags. <a class=\"continue-reading-link\" href=\"https:\/\/www.kultursidan.nu\/?p=41504\">L\u00e4s mer <span class=\"meta-nav\">&rarr; <\/span><\/a><\/p>\n","protected":false},"author":1001006,"featured_media":0,"comment_status":"closed","ping_status":"open","sticky":false,"template":"","format":"standard","meta":{"_jetpack_memberships_contains_paid_content":false,"footnotes":""},"categories":[7],"tags":[66,14],"class_list":["post-41504","post","type-post","status-publish","format-standard","hentry","category-norrkoping","tag-arkitektur","tag-konst"],"jetpack_featured_media_url":"","jetpack_sharing_enabled":true,"_links":{"self":[{"href":"https:\/\/www.kultursidan.nu\/index.php?rest_route=\/wp\/v2\/posts\/41504","targetHints":{"allow":["GET"]}}],"collection":[{"href":"https:\/\/www.kultursidan.nu\/index.php?rest_route=\/wp\/v2\/posts"}],"about":[{"href":"https:\/\/www.kultursidan.nu\/index.php?rest_route=\/wp\/v2\/types\/post"}],"author":[{"embeddable":true,"href":"https:\/\/www.kultursidan.nu\/index.php?rest_route=\/wp\/v2\/users\/1001006"}],"replies":[{"embeddable":true,"href":"https:\/\/www.kultursidan.nu\/index.php?rest_route=%2Fwp%2Fv2%2Fcomments&post=41504"}],"version-history":[{"count":4,"href":"https:\/\/www.kultursidan.nu\/index.php?rest_route=\/wp\/v2\/posts\/41504\/revisions"}],"predecessor-version":[{"id":41509,"href":"https:\/\/www.kultursidan.nu\/index.php?rest_route=\/wp\/v2\/posts\/41504\/revisions\/41509"}],"wp:attachment":[{"href":"https:\/\/www.kultursidan.nu\/index.php?rest_route=%2Fwp%2Fv2%2Fmedia&parent=41504"}],"wp:term":[{"taxonomy":"category","embeddable":true,"href":"https:\/\/www.kultursidan.nu\/index.php?rest_route=%2Fwp%2Fv2%2Fcategories&post=41504"},{"taxonomy":"post_tag","embeddable":true,"href":"https:\/\/www.kultursidan.nu\/index.php?rest_route=%2Fwp%2Fv2%2Ftags&post=41504"}],"curies":[{"name":"wp","href":"https:\/\/api.w.org\/{rel}","templated":true}]}}