{"id":41567,"date":"2019-05-18T11:29:56","date_gmt":"2019-05-18T10:29:56","guid":{"rendered":"https:\/\/intelligent-friend-7861.standoutwp.com\/?p=41567"},"modified":"2019-05-18T11:30:11","modified_gmt":"2019-05-18T10:30:11","slug":"ryssharjningarna-1719-pa-stadsmuseet","status":"publish","type":"post","link":"https:\/\/www.kultursidan.nu\/?p=41567","title":{"rendered":"Ryssh\u00e4rjningarna 1719 p\u00e5 Stadsmuseet"},"content":{"rendered":"<p><img loading=\"lazy\" decoding=\"async\" class=\"alignnone size-medium wp-image-41568\" src=\"https:\/\/www.kultursidan.nu\/wp-content\/uploads\/2019\/05\/Anders-Lindqvist-567x370.jpg\" alt=\"\" width=\"567\" height=\"370\" srcset=\"https:\/\/www.kultursidan.nu\/wp-content\/uploads\/2019\/05\/Anders-Lindqvist-567x370.jpg 567w, https:\/\/www.kultursidan.nu\/wp-content\/uploads\/2019\/05\/Anders-Lindqvist-768x502.jpg 768w, https:\/\/www.kultursidan.nu\/wp-content\/uploads\/2019\/05\/Anders-Lindqvist-1024x669.jpg 1024w, https:\/\/www.kultursidan.nu\/wp-content\/uploads\/2019\/05\/Anders-Lindqvist-150x98.jpg 150w, https:\/\/www.kultursidan.nu\/wp-content\/uploads\/2019\/05\/Anders-Lindqvist-510x333.jpg 510w, https:\/\/www.kultursidan.nu\/wp-content\/uploads\/2019\/05\/Anders-Lindqvist.jpg 1200w\" sizes=\"auto, (max-width: 567px) 100vw, 567px\" \/><br \/>\n<em>Svensk soldat. Stadsmuseets Anders Lindkvist kl\u00e4dd i karolineruniform i utst\u00e4llningen Ryssen kommer! p\u00e5 Stadsmuseet. I bakgrunden Lennart Moberg och f\u00f6rl\u00e4ggaren Roland Andersson.<br \/>\n<\/em><\/p>\n<p>&nbsp;<\/p>\n<h1><span style=\"color: #ff0000;\">Sverige var ett krigstr\u00f6tt land<\/span><\/h1>\n<p>&nbsp;<\/p>\n<p>NORRK\u00d6PING <strong>Ryssen kom!<\/strong> Och Norrk\u00f6ping br\u00e4ndes ned till grunden. Den ryska gal\u00e4rflottans turn\u00e9 \u00f6delade flera svenska kustst\u00e4der. H\u00e4ndelserna f\u00f6r 300 \u00e5r sedan portr\u00e4tteras i utst\u00e4llningen &#8221;Ryssh\u00e4rjningarna i Sverige 1719&#8221; p\u00e5 Hyllan, en trappa upp p\u00e5 Stadsmuseet.<\/p>\n<p><strong>En av de viktigaste h\u00e4ndelserna i Norrk\u00f6ping intr\u00e4ffade f\u00f6r 300 \u00e5r sedan, 1719, n\u00e4r \u201dryssen kom\u201d och br\u00e4nde ner hela staden.<\/strong> Norrk\u00f6ping var inte s\u00e5 stort d\u00e5 och inv\u00e5narna \u00e5terv\u00e4nde och byggde upp staden igen.<\/p>\n<p>Vi har nyligen ber\u00e4ttat om Lennart Mobergs tecknade seriealbum <em>Helvetesveckan<\/em>, som p\u00e5 ett b\u00e5de sp\u00e4nnande och pedagogiskt s\u00e4tt visar h\u00e4ndelserna i Norrk\u00f6ping med omnejd.<\/p>\n<p>&nbsp;<\/p>\n<p><a title=\"Brandrest fr\u00e5n Norrk\u00f6ping, troligen en syllsten\" href=\"https:\/\/www.flickr.com\/photos\/kultursidan\/47873840181\/in\/album-72157691487377213\/\"><img loading=\"lazy\" decoding=\"async\" src=\"https:\/\/live.staticflickr.com\/65535\/47873840181_b37328fd6e.jpg\" alt=\"Brandrest fr\u00e5n Norrk\u00f6ping, troligen en syllsten\" width=\"500\" height=\"332\" \/><\/a><br \/>\nBrandrest fr\u00e5n Norrk\u00f6ping, troligen en syllsten.<\/p>\n<p>&nbsp;<\/p>\n<p><strong>Norrk\u00f6pings Stadsmuseum uppm\u00e4rksammar de 300 \u00e5ren med utst\u00e4llningen &#8221;Ryssh\u00e4rjningarna i Sverige 1719&#8221; som \u00f6ppnar en trappa upp p\u00e5 Hyllan idag l\u00f6rdag den 18 maj och st\u00e5r \u00f6ver sommaren.<\/strong> Det \u00e4r en vandringsutst\u00e4llning som producerats av Norrt\u00e4lje museum samt Slagf\u00e4ltsmuseet HAMN i Nacka.<\/p>\n<p>Stadsmuseet har kompletterat med lokalt material. Bland annat har man hittat en brandrest, en syllstock fr\u00e5n en husgrund, som visas i en monter. I en annan monter visas en uppsydd karolineruniform och ett originalgev\u00e4r fr\u00e5n tidsepoken.<\/p>\n<p>Utst\u00e4llningen \u00e4r pedagogisk, ryssarnas h\u00e4rjningar beskrivs dag f\u00f6r dag. Det finns ocks\u00e5 ett bildspel som ber\u00e4ttar om bakgrunden till ryssarnas h\u00e4rjningar.<\/p>\n<p><strong>Efter 20 \u00e5r av krig p\u00e5 flera fronter, Stora nordiska kriget, var Sverige ett utblottat och krigstr\u00f6tt land.<\/strong> Kungen var d\u00f6d, Karl XII sk\u00f6ts vid norska Fredrikshald i november 1718. F\u00f6r att pressa p\u00e5 fredsf\u00f6rhandlingarna som h\u00f6lls p\u00e5 \u00c5land och drog ut p\u00e5 tiden skickade Rysslands tsar Peter den store en stor gal\u00e4rflotta mot Sveriges \u00f6stkust. Svenska bruk, g\u00e5rdar, slott och st\u00e4der plundrades och br\u00e4ndes.<\/p>\n<p>&nbsp;<\/p>\n<p><a title=\"Lennart Mobergs teckningar i trapphallen\" href=\"https:\/\/www.flickr.com\/photos\/kultursidan\/47873839641\/in\/album-72157691487377213\/\"><img loading=\"lazy\" decoding=\"async\" src=\"https:\/\/live.staticflickr.com\/65535\/47873839641_868bb60cb1.jpg\" alt=\"Lennart Mobergs teckningar i trapphallen\" width=\"500\" height=\"332\" \/><\/a><br \/>\n<em>Inkastare. Lennart Moberg visar sina teckningar i trapphallen.<\/em><\/p>\n<p>&nbsp;<\/p>\n<p><strong>Vid pressvisningen var dagen till \u00e4ra Anders Lindkvist fr\u00e5n Stadsmuseet kl\u00e4dd i tidstrogen uniform.<\/strong> Tecknaren Lennart Moberg och f\u00f6rl\u00e4ggaren Roland Andersson fr\u00e5n Fredsbaskerf\u00f6rlaget fanns ocks\u00e5 p\u00e5 plats. Lennart Moberg bidrar n\u00e4mligen med flera bilder fr\u00e5n albumet <em>Helvetesveckan<\/em>, p\u00e5 v\u00e4gen upp i trapphuset.<\/p>\n<p><strong>Utst\u00e4llningen p\u00e5 Norrk\u00f6pings Stadsmuseum \u00f6ppnar samtidigt som Slagf\u00e4ltsmuseet HAMN i Nacka inviger 300-\u00e5rsminnet av ryssh\u00e4rjningarna.<\/strong> HAMN i Nacka kommun ligger strategiskt i n\u00e4rheten av Baggensfj\u00e4rden d\u00e4r kanske det viktigaste slaget utk\u00e4mpades. Stiftelsen Kulturmilj\u00f6v\u00e5rd driver HAMN p\u00e5 uppdrag av Nacka kommun.<\/p>\n<p><strong>Attackerna fortsatte \u00e4ven de tv\u00e5 f\u00f6ljande somrarna men d\u00e5 hade Sverige hunnit rusta upp b\u00e4ttre och fick 1721 bist\u00e5nd fr\u00e5n England.<\/strong> Sveriges tid som stormakt var \u00e4nd\u00e5 \u00f6ver. Baltikum, svenska Pommern och nordtyska provinser gick f\u00f6rlorade.<\/p>\n<p>F\u00f6rst n\u00e4ra hundra \u00e5r senare, 1809, er\u00f6vrade Ryssland Finland.<\/p>\n<p><em>\u00a9 Text: Sven \u00c5ke Molund och Ann-Charlotte Sandelin<br \/>\n\u00a9 Foto: Sven \u00c5ke Molund<\/em><\/p>\n<p>BILDSPEL \u2013 KLICKA P\u00c5 BILDENS PILAR<\/p>\n<p><a data-flickr-embed='true' href='https:\/\/www.flickr.com\/photos\/kultursidan\/albums\/72157691487377213' title='Ryssen kommer!, Stadsmuseet 2019 by Kultursidan, on Flickr'><img src='https:\/\/live.staticflickr.com\/65535\/46957683775_39d366033c_z.jpg' width='800' height='600' alt='Ryssen kommer!'><\/a><script async src='https:\/\/embedr.flickr.com\/assets\/client-code.js' charset='utf-8'><\/script><\/p>\n<blockquote>\n<h4>HYLLAN, STADSMUSEET Norrk\u00f6ping<\/h4>\n<p>18 maj \u2013 1 september 2019<br \/>\n<strong>Ryssen kommer!<\/strong><br \/>\nUtst\u00e4llning<br \/>\nProd: Norrt\u00e4lje museum och Slagf\u00e4ltsmuseet HAMN med till\u00e4gg av Norrk\u00f6pings stadsmuseum<\/p><\/blockquote>\n<p>L\u00c4NKAR<br \/>\nRyssh\u00e4rjningarna 300 \u00e5r <a href=\"http:\/\/ryssharjningarna.se\" target=\"_blank\" rel=\"noopener noreferrer\">hemsida<\/a> <a href=\"https:\/\/sv.wikipedia.org\/wiki\/Ryssh\u00e4rjningarna\" target=\"_blank\" rel=\"noopener noreferrer\">Wikipedia<\/a><br \/>\nStora nordiska kriget <a href=\"https:\/\/sv.wikipedia.org\/wiki\/Stora_nordiska_kriget\" target=\"_blank\" rel=\"noopener noreferrer\">Wikipedia<\/a><br \/>\nSlagf\u00e4ltsmuseet HAMN \u2013 historiearvsmuseet i Nacka <a href=\"https:\/\/hamnmuseum.se\" target=\"_blank\" rel=\"noopener noreferrer\">hemsida<\/a><br \/>\nNorrk\u00f6pings stadsmuseum <a href=\"http:\/\/www.norrkopingsstadsmuseum.se\/\" target=\"_blank\" rel=\"noopener noreferrer\">hemsida<\/a> <a href=\"https:\/\/www.facebook.com\/Norrkopingsstadsmuseum?fref=ts\" target=\"_blank\" rel=\"noopener noreferrer\">Facebook <\/a><\/p>\n<p>Helvetesveckan av Lennart Moberg <a href=\"https:\/\/www.kultursidan.nu\/?p=41360\" target=\"_blank\" rel=\"noopener noreferrer\">recension<\/a> Kultursidan.nu 7\/5 2019<\/p>\n","protected":false},"excerpt":{"rendered":"<p>NORRK\u00d6PING Ryssen kom! Och Norrk\u00f6ping br\u00e4ndes ned till grunden. Den ryska gal\u00e4rflottans turn\u00e9 \u00f6delade flera svenska kustst\u00e4der. H\u00e4ndelserna f\u00f6r 300 \u00e5r sedan portr\u00e4tteras i utst\u00e4llningen Ryssh\u00e4rjningarna i Sverige 1719 p\u00e5 Hyllan, en trappa upp p\u00e5 Stadsmuseet. <a class=\"continue-reading-link\" href=\"https:\/\/www.kultursidan.nu\/?p=41567\">L\u00e4s mer <span class=\"meta-nav\">&rarr; <\/span><\/a><\/p>\n","protected":false},"author":1001006,"featured_media":0,"comment_status":"closed","ping_status":"open","sticky":false,"template":"","format":"standard","meta":{"_jetpack_memberships_contains_paid_content":false,"footnotes":""},"categories":[7],"tags":[47],"class_list":["post-41567","post","type-post","status-publish","format-standard","hentry","category-norrkoping","tag-utstallning"],"jetpack_featured_media_url":"","jetpack_sharing_enabled":true,"_links":{"self":[{"href":"https:\/\/www.kultursidan.nu\/index.php?rest_route=\/wp\/v2\/posts\/41567","targetHints":{"allow":["GET"]}}],"collection":[{"href":"https:\/\/www.kultursidan.nu\/index.php?rest_route=\/wp\/v2\/posts"}],"about":[{"href":"https:\/\/www.kultursidan.nu\/index.php?rest_route=\/wp\/v2\/types\/post"}],"author":[{"embeddable":true,"href":"https:\/\/www.kultursidan.nu\/index.php?rest_route=\/wp\/v2\/users\/1001006"}],"replies":[{"embeddable":true,"href":"https:\/\/www.kultursidan.nu\/index.php?rest_route=%2Fwp%2Fv2%2Fcomments&post=41567"}],"version-history":[{"count":4,"href":"https:\/\/www.kultursidan.nu\/index.php?rest_route=\/wp\/v2\/posts\/41567\/revisions"}],"predecessor-version":[{"id":41572,"href":"https:\/\/www.kultursidan.nu\/index.php?rest_route=\/wp\/v2\/posts\/41567\/revisions\/41572"}],"wp:attachment":[{"href":"https:\/\/www.kultursidan.nu\/index.php?rest_route=%2Fwp%2Fv2%2Fmedia&parent=41567"}],"wp:term":[{"taxonomy":"category","embeddable":true,"href":"https:\/\/www.kultursidan.nu\/index.php?rest_route=%2Fwp%2Fv2%2Fcategories&post=41567"},{"taxonomy":"post_tag","embeddable":true,"href":"https:\/\/www.kultursidan.nu\/index.php?rest_route=%2Fwp%2Fv2%2Ftags&post=41567"}],"curies":[{"name":"wp","href":"https:\/\/api.w.org\/{rel}","templated":true}]}}