{"id":41576,"date":"2019-05-19T13:33:13","date_gmt":"2019-05-19T12:33:13","guid":{"rendered":"https:\/\/intelligent-friend-7861.standoutwp.com\/?p=41576"},"modified":"2019-05-19T17:15:43","modified_gmt":"2019-05-19T16:15:43","slug":"prideparad-i-foregangarnas-spar","status":"publish","type":"post","link":"https:\/\/www.kultursidan.nu\/?p=41576","title":{"rendered":"Prideparad i f\u00f6reg\u00e5ngarnas sp\u00e5r"},"content":{"rendered":"<p><img loading=\"lazy\" decoding=\"async\" class=\"alignnone size-medium wp-image-41577\" src=\"https:\/\/www.kultursidan.nu\/wp-content\/uploads\/2019\/05\/DSCF9876-567x378.jpg\" alt=\"\" width=\"567\" height=\"378\" srcset=\"https:\/\/www.kultursidan.nu\/wp-content\/uploads\/2019\/05\/DSCF9876-567x378.jpg 567w, https:\/\/www.kultursidan.nu\/wp-content\/uploads\/2019\/05\/DSCF9876-768x512.jpg 768w, https:\/\/www.kultursidan.nu\/wp-content\/uploads\/2019\/05\/DSCF9876-1024x683.jpg 1024w, https:\/\/www.kultursidan.nu\/wp-content\/uploads\/2019\/05\/DSCF9876-150x100.jpg 150w, https:\/\/www.kultursidan.nu\/wp-content\/uploads\/2019\/05\/DSCF9876-500x333.jpg 500w, https:\/\/www.kultursidan.nu\/wp-content\/uploads\/2019\/05\/DSCF9876.jpg 1200w\" sizes=\"auto, (max-width: 567px) 100vw, 567px\" \/><br \/>\n<em>Folkr\u00f6relse. Baqueta Rrriots m\u00e4ktiga slagverkare i femdubbla led tog t\u00e4ten f\u00f6r Norrk\u00f6pings l\u00e4ngsta Prideparad i l\u00f6rdags.<\/em><\/p>\n<p>&nbsp;<\/p>\n<h1><span style=\"color: #ff0000;\">\u201dEn dag blir alla dagar allas dagar\u201d<\/span><\/h1>\n<p>&nbsp;<\/p>\n<p>NORRK\u00d6PING <strong>Baqueta Rrriot f\u00f6rst.<\/strong> Sedan gick tusen och \u00e5ter tusen, uppskattningsvis 5.500, under regnb\u00e5gsflaggor genom Norrk\u00f6ping p\u00e5 l\u00f6rdagen. Framme i Folkparken p\u00e5minde Paradgeneralen Tobias Holmberg om f\u00f6reg\u00e5ngarna som k\u00e4mpat f\u00f6r allas r\u00e4tt till lika v\u00e4rde.<\/p>\n<p><strong>Rekordstor Prideparad \u00e4nnu en g\u00e5ng.<\/strong> Arrang\u00f6rerna uppskattade deltagarantalet till 5.500 personer som gick i \u00e5rets parad. Det m\u00e4rktes redan fr\u00e5n starten vid Stadsbiblioteket d\u00e4r det l\u00e5nga t\u00e5get fyllde S\u00f6dra Promenaden i riktning mot \u00d6stra Promenad. Enbart startpunkten vid S\u00f6der Tull tog drygt 15 minuter f\u00f6r paradens alla avdelningar att passera.<\/p>\n<p>&nbsp;<\/p>\n<p><a title=\"Prideparaden \u2013 Drottninggatan\" href=\"https:\/\/www.flickr.com\/photos\/kultursidan\/47879496251\/in\/album-72157708500894865\/\"><img loading=\"lazy\" decoding=\"async\" src=\"https:\/\/live.staticflickr.com\/65535\/47879496251_c58a234390.jpg\" alt=\"Prideparaden \u2013 Drottninggatan\" width=\"500\" height=\"331\" \/><\/a><br \/>\n<em>Idrottssektionen. \u00d6IF, \u00d6sterg\u00f6tlands Idrottsf\u00f6rbund och Friluftsfr\u00e4mjandet.<\/em><\/p>\n<p>&nbsp;<\/p>\n<p><strong>Baqueta Rrriot f\u00f6rst, m\u00e4ktigt slagverk i femdubbla led.<\/strong> F\u00f6ljt av sektioner, f\u00f6rst RFSL och Lesbisk makt. Sedan v\u00e5g efter v\u00e5g av n\u00e4tverk, f\u00f6reningar, skolor, Svenska kyrkan, politiska parter och fackf\u00f6rbund. \u00c4ldre, unga, barn. Den nya idrottssektionen som \u00f6ppnats fick plats l\u00e5ngt fram i ledet.<\/p>\n<p>Polisen eskorterade paraden som gick fr\u00e5n Drottninggatan till Resecentrum och sedan till Norr Tull. D\u00e4r v\u00e4nde den s\u00f6derut och gick Kungsgatan fram till Bredgatan.<\/p>\n<p><strong>Paradgeneralen och huvudtalaren Tobias Holmberg s\u00e5g tusentals fylla Folkparkens fotbollsplan, nytt slutm\u00e5l f\u00f6r paraden.<\/strong><\/p>\n<p>\u2013 V\u00e4nner! Pridefirare! Idag har vi intagit Norrk\u00f6pings gator, inledde han.<\/p>\n<p>&nbsp;<\/p>\n<p><a title=\"Prideparaden \u2013 Stadsbiblioteket\" href=\"https:\/\/www.flickr.com\/photos\/kultursidan\/46963292615\/in\/album-72157708500894865\/\"><img loading=\"lazy\" decoding=\"async\" src=\"https:\/\/live.staticflickr.com\/65535\/46963292615_b6f4bb3f5c.jpg\" alt=\"Prideparaden \u2013 Stadsbiblioteket\" width=\"500\" height=\"333\" \/><\/a><br \/>\n<em>Enklare kan det inte s\u00e4gas. Region \u00d6sterg\u00f6tland finner r\u00e4tta orden.<\/em><\/p>\n<p>&nbsp;<\/p>\n<p><strong>I sitt h\u00f6gtidstal p\u00e5minde han om historien.<\/strong> Om upprinnelsen till Pride med Stonewall-upproren f\u00f6r 50 \u00e5r sedan. Om de m\u00e5ngas kamp f\u00f6r \u00e4ndrad lagstiftning som steg f\u00f6r steg gett \u00f6kade r\u00e4ttigheter till \u201db\u00f6gar, flator, transpersoner och queera\u201d, till liv och k\u00e4rlek i \u00f6ppenhet.<\/p>\n<p>Inklusive funkisr\u00f6relsen, d\u00e4r han liksom i andra politiska och aktivistsammanhang \u00e4r stark och drivande. Tobias Holmberg f\u00f6rkroppsligar sk\u00e4rningspunkten f\u00f6r alla dessa vunna r\u00e4ttigheter s\u00e5som varandes en homosexuell man i behov av personlig assistent.<\/p>\n<p><strong>\u2013 Det \u00e4r f\u00f6r att n\u00e5gon tog kampen f\u00f6re mig som jag st\u00e5r h\u00e4r idag,<\/strong> sade Tobias Holmberg som inte kunde l\u00e5ta bli att p\u00e5minna om vikten av att r\u00f6sta i EU-valet.<\/p>\n<p>\u2013 Kasta inte bort din r\u00f6st p\u00e5 n\u00e5gon som ger fascisterna makt. F\u00f6r det \u00e4r vi som f\u00e5r betala.<\/p>\n<p>&nbsp;<\/p>\n<p><a title=\"Prideparaden \u2013 Norra Promenaden\" href=\"https:\/\/www.flickr.com\/photos\/kultursidan\/47879518271\/in\/album-72157708500894865\/\"><img loading=\"lazy\" decoding=\"async\" src=\"https:\/\/live.staticflickr.com\/65535\/47879518271_a3769c0b28.jpg\" alt=\"Prideparaden \u2013 Norra Promenaden\" width=\"500\" height=\"333\" \/><\/a><br \/>\n<em>Under regnb\u00e5gsflaggorna. Med i t\u00e5get gick <i>Sara Gustavsson och Rickard Eriksson<\/i> som startade Norrk\u00f6pings f\u00f6rsta Prideparad 2014.<\/em><\/p>\n<p>&nbsp;<\/p>\n<p><strong>Sist hyllade han Pride Norrk\u00f6ping som genomf\u00f6rde Norrk\u00f6pings f\u00f6rsta Pridefestival \u00e5r 2010.<\/strong><\/p>\n<p>\u2013 Vi var arga, frustrerade och hade stort driv att f\u00f6r\u00e4ndra. Vi ville skapa trygghet f\u00f6r stadens hbtq-personer men ocks\u00e5 p\u00e5verka inv\u00e5narna och beslutsfattarna, tog Rickard Eriksson, ordf\u00f6rande f\u00f6r Pride Norrk\u00f6ping, vid.<\/p>\n<p><strong>Rickard Eriksson beskrev utvecklingen genom \u00e5ren, i Norrk\u00f6ping d\u00e4r festivalen och paraden, sedan 2014, v\u00e4xt.<\/strong> Och i Sverige, d\u00e4r antalet Pridefestivaler formligen exploderat under bara de senaste \u00e5ren.<\/p>\n<p>\u2013 Happy Pride!<\/p>\n<p>&nbsp;<\/p>\n<p><a title=\"Prideparaden \u2013 Folkparken \u2013 Tobias Holmberg\" href=\"https:\/\/www.flickr.com\/photos\/kultursidan\/32935321447\/in\/album-72157708500894865\/\"><img loading=\"lazy\" decoding=\"async\" src=\"https:\/\/live.staticflickr.com\/65535\/32935321447_503fb15770.jpg\" alt=\"Prideparaden \u2013 Folkparken \u2013 Tobias Holmberg\" width=\"500\" height=\"333\" \/><\/a><br \/>\n<em>V\u00e4rna r\u00e4ttigheterna. Paradgeneralen och h\u00f6gtidstalaren Tobias Holmberg i Folkparken.<\/em><\/p>\n<p>&nbsp;<\/p>\n<p><strong>Eller som Tobias Holmberg n\u00e5gra minuter tidigare sagt:<\/strong><\/p>\n<p>\u2013 En dag ska alla dagar vara allas dagar, men idag \u00e4r den v\u00e5r!<\/p>\n<p><em>\u00a9 Text: Ann-Charlotte Sandelin<br \/>\n\u00a9 Foto: Ann-Charlotte Sandelin, Sven \u00c5ke Molund och Nils-G\u00f6ran Tillgren<\/em><\/p>\n<p>BAQUETA RRRIOTS \u2013 20 BILDER \u2013 KLICKA P\u00c5 BILDENS PILAR<\/p>\n<p><a data-flickr-embed='true' href='https:\/\/www.flickr.com\/photos\/kultursidan\/sets\/72157705174513092' title='Baqueta Rrriot, Prideparaden, Norrk\u00f6ping 2019 by Kultursidan, on Flickr'><img src='https:\/\/live.staticflickr.com\/65535\/40914813483_cff67d683e_z.jpg' width='800' height='600' alt='Prideparaden i Norrk\u00f6ping 2019'><\/a><script async src='https:\/\/embedr.flickr.com\/assets\/client-code.js' charset='utf-8'><\/script><\/p>\n<p>FOLK &amp; ORGANISATIONER \u2013 63 BILDER \u2013 KLICKA P\u00c5 BILDENS PILAR<\/p>\n<p><a data-flickr-embed='true' href='https:\/\/www.flickr.com\/photos\/kultursidan\/sets\/72157705174513062' title='Folk &amp; Organisationer, Pridet\u00e5get, Norrk\u00f6ping 2019 by Kultursidan, on Flickr'><img src='https:\/\/live.staticflickr.com\/65535\/47879477621_26b9e01d04_z.jpg' width='800' height='600' alt='Prideparaden \u2013 Stadsbiblioteket'><\/a><script async src='https:\/\/embedr.flickr.com\/assets\/client-code.js' charset='utf-8'><\/script><\/p>\n<p>ARRANG\u00d6RER &amp; TALARE \u2013 3 BILDER \u2013 KLICKA P\u00c5 BILDENS PILAR<\/p>\n<p><a data-flickr-embed='true' href='https:\/\/www.flickr.com\/photos\/kultursidan\/sets\/72157705174513032' title='Arrang\u00f6rer &amp; Talare, Norrk\u00f6ping Pride 2019 by Kultursidan, on Flickr'><img src='https:\/\/live.staticflickr.com\/65535\/32937151417_35e49f4dc6_z.jpg' width='800' height='600' alt='Prideparaden i Norrk\u00f6ping 2019 \u2013 Tobias Holmsberg, Paradgeneral, och Maria Bergqvist, ordf\u00f6rande f\u00f6r East Pride'><\/a><script async src='https:\/\/embedr.flickr.com\/assets\/client-code.js' charset='utf-8'><\/script><\/p>\n<blockquote>\n<h4>NORRK\u00d6PING<\/h4>\n<p><em>17\u201325 maj 2019<\/em><br \/>\n<strong>\u2028East Pride\u2028<\/strong><\/p>\n<p>18 maj kl 12 (avmarsch kl 13)<br \/>\n<strong>Prideparaden<br \/>\n<\/strong>fr\u00e5n Stadsbiblioteket till Folkparken<br \/>\n(Drottninggatan, Norra Promenaden, Kungsgatan, Bredgatan, Folkparken)<strong><br \/>\n<\/strong><\/p><\/blockquote>\n<p>L\u00c4NKAR<br \/>\nEast Pride <a href=\"https:\/\/eastpride.se\" target=\"_blank\" rel=\"noopener noreferrer\">hemsida<\/a> <a href=\"https:\/\/www.facebook.com\/eastpridesweden\" target=\"_blank\" rel=\"noopener noreferrer\">Facebook<\/a> <a href=\"https:\/\/eastpride.se\/program\" target=\"_blank\" rel=\"noopener noreferrer\">program<\/a> <a href=\"https:\/\/eastpride.se\/paraden\" target=\"_blank\" rel=\"noopener noreferrer\">paraden<\/a><\/p>\n<p>East Pride breddar programmet <a href=\"https:\/\/www.kultursidan.nu\/?p=41337\" target=\"_blank\" rel=\"noopener noreferrer\">reportage<\/a> Kultursidan.nu 6\/5 2019<\/p>\n","protected":false},"excerpt":{"rendered":"<p>NORRK\u00d6PING Baqueta Rrriot f\u00f6rst. Sedan gick tusen och \u00e5ter tusen, uppskattningsvis 5.500 personer, under regnb\u00e5gsflaggor genom Norrk\u00f6ping p\u00e5 l\u00f6rdagen. Framme i Folkparken p\u00e5minde Paradgeneralen Tobias Holmberg om f\u00f6reg\u00e5ngarna som k\u00e4mpat f\u00f6r allas r\u00e4tt till lika v\u00e4rde.  <a class=\"continue-reading-link\" href=\"https:\/\/www.kultursidan.nu\/?p=41576\">L\u00e4s mer <span class=\"meta-nav\">&rarr; <\/span><\/a><\/p>\n","protected":false},"author":1001006,"featured_media":0,"comment_status":"closed","ping_status":"open","sticky":false,"template":"","format":"standard","meta":{"_jetpack_memberships_contains_paid_content":false,"footnotes":""},"categories":[7],"tags":[29],"class_list":["post-41576","post","type-post","status-publish","format-standard","hentry","category-norrkoping","tag-festival"],"jetpack_featured_media_url":"","jetpack_sharing_enabled":true,"_links":{"self":[{"href":"https:\/\/www.kultursidan.nu\/index.php?rest_route=\/wp\/v2\/posts\/41576","targetHints":{"allow":["GET"]}}],"collection":[{"href":"https:\/\/www.kultursidan.nu\/index.php?rest_route=\/wp\/v2\/posts"}],"about":[{"href":"https:\/\/www.kultursidan.nu\/index.php?rest_route=\/wp\/v2\/types\/post"}],"author":[{"embeddable":true,"href":"https:\/\/www.kultursidan.nu\/index.php?rest_route=\/wp\/v2\/users\/1001006"}],"replies":[{"embeddable":true,"href":"https:\/\/www.kultursidan.nu\/index.php?rest_route=%2Fwp%2Fv2%2Fcomments&post=41576"}],"version-history":[{"count":6,"href":"https:\/\/www.kultursidan.nu\/index.php?rest_route=\/wp\/v2\/posts\/41576\/revisions"}],"predecessor-version":[{"id":41583,"href":"https:\/\/www.kultursidan.nu\/index.php?rest_route=\/wp\/v2\/posts\/41576\/revisions\/41583"}],"wp:attachment":[{"href":"https:\/\/www.kultursidan.nu\/index.php?rest_route=%2Fwp%2Fv2%2Fmedia&parent=41576"}],"wp:term":[{"taxonomy":"category","embeddable":true,"href":"https:\/\/www.kultursidan.nu\/index.php?rest_route=%2Fwp%2Fv2%2Fcategories&post=41576"},{"taxonomy":"post_tag","embeddable":true,"href":"https:\/\/www.kultursidan.nu\/index.php?rest_route=%2Fwp%2Fv2%2Ftags&post=41576"}],"curies":[{"name":"wp","href":"https:\/\/api.w.org\/{rel}","templated":true}]}}