{"id":41584,"date":"2019-05-20T09:25:05","date_gmt":"2019-05-20T08:25:05","guid":{"rendered":"https:\/\/intelligent-friend-7861.standoutwp.com\/?p=41584"},"modified":"2019-05-20T09:25:05","modified_gmt":"2019-05-20T08:25:05","slug":"apatiska-for-nyborjare-paminnelsen","status":"publish","type":"post","link":"https:\/\/www.kultursidan.nu\/?p=41584","title":{"rendered":"Apatiska f\u00f6r nyb\u00f6rjare \u2013 p\u00e5minnelsen"},"content":{"rendered":"<p><img loading=\"lazy\" decoding=\"async\" class=\"alignnone size-medium wp-image-41589\" src=\"https:\/\/www.kultursidan.nu\/wp-content\/uploads\/2019\/05\/DSCF9998-567x378.jpg\" alt=\"\" width=\"567\" height=\"378\" srcset=\"https:\/\/www.kultursidan.nu\/wp-content\/uploads\/2019\/05\/DSCF9998-567x378.jpg 567w, https:\/\/www.kultursidan.nu\/wp-content\/uploads\/2019\/05\/DSCF9998-768x512.jpg 768w, https:\/\/www.kultursidan.nu\/wp-content\/uploads\/2019\/05\/DSCF9998-1024x683.jpg 1024w, https:\/\/www.kultursidan.nu\/wp-content\/uploads\/2019\/05\/DSCF9998-150x100.jpg 150w, https:\/\/www.kultursidan.nu\/wp-content\/uploads\/2019\/05\/DSCF9998-500x333.jpg 500w, https:\/\/www.kultursidan.nu\/wp-content\/uploads\/2019\/05\/DSCF9998.jpg 1200w\" sizes=\"auto, (max-width: 567px) 100vw, 567px\" \/><br \/>\n<em>Misstro. Marie \u00c5fors som handl\u00e4ggaren som gav avslag till en familj som splittrades och tv\u00e5ngsutvisades. I bakgrunden Kevin Lindstr\u00f6m Lago.<\/em><\/p>\n<p>&nbsp;<\/p>\n<h1><span style=\"color: #ff0000;\">G\u00f6sta mumlar en l\u00e5ng harang<\/span><\/h1>\n<p>&nbsp;<\/p>\n<p>RECENSION\/ NORRK\u00d6PING <strong>G\u00f6sta minns allt.<\/strong> Kvartersteatern spelar Jonas Hassen Khemiris <em>Apatiska f\u00f6r nyb\u00f6rjare<\/em> och p\u00e5minner om en svensk flyktingskandal, f\u00f6reg\u00e5ngare till den nuvarande. I korta absurda scener speglas m\u00e4nniskorna kring de apatiska barnen.<\/p>\n<p><strong>Fr\u00e5gan om de apatiska barnen kl\u00f6v Sverige.<\/strong> Var de sjuka p\u00e5 riktigt? Simulerade de, manipulerade av sina f\u00f6r\u00e4ldrar, s\u00e5 som statens flyktingsamordnare h\u00e4vdade. Det h\u00e4r var f\u00f6re Facebooks tid och 157.000 personer skrev f\u00f6r hand sina namn p\u00e5 P\u00e5skuppropets listor, f\u00f6r en gener\u00f6sare flyktingpolitik.<\/p>\n<p><strong>F\u00f6rest\u00e4llningen handlar p\u00e5 flera plan om v\u00e5ndan av att skildra de viktigaste delarna i en svensk flyktingskandal.<\/strong> Staten tillsatte n\u00e4mligen en utredare som skrev en rapport.<\/p>\n<p>Detta \u00e4r ramber\u00e4ttelsen, p\u00e5 verklig grund, i Jonas Hassen Khemiris pj\u00e4s <em>Apatiska f\u00f6r nyb\u00f6rjare<\/em>. Den \u00e4r en l\u00e4tt obehaglig version p\u00e5 95 spelminuter och bygger i sin tur p\u00e5 journalisten och f\u00f6rfattaren Gellert Tamas d\u00e5 omdebatterade bok <em>De apatiska: om makt, myter och manipulation<\/em>.<\/p>\n<p>&nbsp;<\/p>\n<p><a title=\"Evelina Carlsson, Mons Gregemark,\" href=\"https:\/\/www.flickr.com\/photos\/kultursidan\/46971743145\/in\/album-72157705188997112\/\"><img loading=\"lazy\" decoding=\"async\" src=\"https:\/\/live.staticflickr.com\/65535\/46971743145_915057bc25.jpg\" alt=\"Evelina Carlsson, Mons Gregemark,\" width=\"500\" height=\"333\" \/><\/a><br \/>\n<em>Samvete. R\u00f6sten (Mons Gregemark och Utredaren (Evelina Carlsson) tampas med varandra genom f\u00f6rest\u00e4llningen.<\/em><\/p>\n<p>&nbsp;<\/p>\n<p><strong>Eller, i mitt minne var verkligheten var \u00e4n mer obehaglig.<\/strong> Om detta p\u00e5minns jag i Kvartersteaterns upps\u00e4ttning i Tredje kammaren, en trappa ner p\u00e5 Teater Br\u00e5ddgatan 34.<\/p>\n<p>Scenbilden \u00e4r enkel: En vit tr\u00e4dg\u00e5rdssoffa, ett skrivbord med stol, i bakgrunden en kl\u00e4dst\u00e4llning med sittplatser. Ibland ett bord. Ibland en talarstol.<\/p>\n<p><strong>Tv\u00e5 skarpa sk\u00e5despelare som Utredaren och R\u00f6sten, i konstant gr\u00e4l om arbetets utf\u00f6rande och kvalitet.<\/strong> De spelas av Evelina Carlsson och Mons Gregemark, hon smidig, smart och snabb, han stor, omsorgsfull och f\u00f6rtvivlad.<\/p>\n<p>Fyra sk\u00e5despelare sitter b\u00e4nkade intill garderoben f\u00f6r att vid behov snabbt byta om till n\u00e4sta scens akt\u00f6rer: exempelvis klasskamrater, Migrationsverkets handl\u00e4ggare, flyktingar, flyktingsamordnare och dennas barn, en psykolog och n\u00e5gra pension\u00e4rer.<\/p>\n<p>Ingen spelar ett apatiskt barn.<\/p>\n<p>&nbsp;<\/p>\n<p><a title=\"Ellinor Sundberg\" href=\"https:\/\/www.flickr.com\/photos\/kultursidan\/46971742555\/in\/album-72157705188997112\/\"><img loading=\"lazy\" decoding=\"async\" src=\"https:\/\/live.staticflickr.com\/65535\/46971742555_8f1ee746ae.jpg\" alt=\"Ellinor Sundberg\" width=\"500\" height=\"333\" \/><\/a><br \/>\n<em>Krokodiler. Flickan (Ellinor Sundberg) i en symbolisk scen.<\/em><\/p>\n<p>&nbsp;<\/p>\n<p><strong>\u00c5ke Lindgren \u00e4r en klippa.<\/strong> Oavsett om han vant hanterar TV-reporterns mikrofon eller sveper en filt om kroppen medan han ber\u00e4ttar om tortyrens fasor.<\/p>\n<p>Ellinor Sundberg leker med krokodiler i en symbolisk scen, traumatiserad men inte apatisk. Det \u00e4r ocks\u00e5 hon som i namn av Migrationsminister meddelar regeringens beslut ifr\u00e5ga om P\u00e5skupprorets krav p\u00e5 amnesti. Schack har termen bondeoffer..<\/p>\n<p><strong>Jag \u00e4r beredd att bli uppr\u00f6rd. Det blir jag inte.<\/strong> D\u00e4rtill \u00e4r spelet f\u00f6r oj\u00e4mnt, n\u00e5gra scener som inte funnit sin form st\u00f6r, \u00e4ven om andra \u00e4r briljanta.<\/p>\n<p>Men jag blir fortfarande l\u00e4tt illam\u00e5ende n\u00e4r Flyktingsamordnaren i Marie \u00c5fors obehagliga gestaltning drar svepande slutsatser p\u00e5 vaga grunder. I mitt minne \u00e4r hennes repliker autentiska.<\/p>\n<p>T\u00e4nk om det alltid kunde vara lika l\u00e4tt att m\u00e4rka skillnad p\u00e5 sanning och p\u00e5 l\u00f6gn i verkligheten.<\/p>\n<p>&nbsp;<\/p>\n<p><a title=\"\u00c5ke Lindgren, Marie \u00c5fors, Kevin Lindstr\u00f6m Lago\" href=\"https:\/\/www.flickr.com\/photos\/kultursidan\/46971742495\/in\/album-72157705188997112\/\"><img loading=\"lazy\" decoding=\"async\" src=\"https:\/\/live.staticflickr.com\/65535\/46971742495_d815303a01.jpg\" alt=\"\u00c5ke Lindgren, Marie \u00c5fors, Kevin Lindstr\u00f6m Lago\" width=\"500\" height=\"333\" \/><\/a><br \/>\n<em>Kyrkkaffe. Pensionerade paret tillsammans med G\u00f6sta (\u00c5ke Lindgren, Marie \u00c5fors, Kevin Lindstr\u00f6m Lago). I bakgrunden Utredaren (Evelina Carlsson).<\/em><\/p>\n<p>&nbsp;<\/p>\n<p><strong>En av Kevin Lindstr\u00f6m Lagos m\u00e5nga sm\u00e5 roller f\u00f6rsvinner n\u00e4stan.<\/strong> G\u00f6sta, en l\u00e4tt f\u00f6rvirrad \u00e5ldring i kyrkans gemenskap, skakar, mumlar fram en l\u00e5ng harang. Jag tror det b\u00f6rjar med de judiska flyktingarna. Jag l\u00e4gger m\u00e4rke till baltutl\u00e4mningen.<\/p>\n<p>Jonas Hassen Khemiri kan sin svenska 1900-talshistoria v\u00e4l. Sverige och svenskarna har m\u00e5nga skandaler p\u00e5 sitt samvete. Det handlar inte bara om stressade politiker och ansvarsbefriade tj\u00e4nstem\u00e4n. Det handlar om oss sj\u00e4lva och v\u00e5ra val. D\u00e5, nu och alltid. Om detta p\u00e5minner oss Kvartersteatern.<\/p>\n<p><em>\u00a9 Text och foto: Ann-Charlotte Sandelin\u2028<\/em><\/p>\n<p>BILDSPEL \u2013 KLICKA P\u00c5 BILDENS PILAR<\/p>\n<p><a data-flickr-embed='true' href='https:\/\/www.flickr.com\/photos\/kultursidan\/albums\/72157705188997112' title='Apatiska f\u00f6r nyb\u00f6rjare REC, Kvartersteatern 2019 by Kultursidan, on Flickr'><img src='https:\/\/live.staticflickr.com\/65535\/46971742315_39f0b03bd0_z.jpg' width='800' height='600' alt='Evelina Carlsson, Mons Gregemark,'><\/a><script async src='https:\/\/embedr.flickr.com\/assets\/client-code.js' charset='utf-8'><\/script><\/p>\n<blockquote>\n<h4>3:e KAMMAREN, TEATER BR\u00c5DDGATAN 34 Norrk\u00f6ping<\/h4>\n<p>Spel\u00e5ret 2018\u20132019<br \/>\n<strong>Kvartersteatern<\/strong><br \/>\nPlanerade produktioner<\/p>\n<p>PJ\u00c4SPROJEKT<\/p>\n<p style=\"padding-left: 40px;\">26 oktober \u2013 3 november 2018<br \/>\n<strong>Nevermore<\/strong><br \/>\nSkr\u00e4ckteater<br \/>\nAv Anna Nygren efter Edgar Allan Poe<\/p>\n<p style=\"padding-left: 40px;\">8\u201324 mars 2019<br \/>\n<strong>K\u00f6rsb\u00e4rstr\u00e4dg\u00e5rden<\/strong><br \/>\nAv Anton Tjechov<br \/>\nRegi &amp; Produktion: Frida Nystr\u00f6m<br \/>\nOriginalmusik: Pelle M\u00e4hlby<\/p>\n<p style=\"padding-left: 40px;\">26 april \u2013 4 maj 2019 i Hedvigs kyrka OBS!<br \/>\n<strong>Sp\u00f6ksonaten<\/strong><br \/>\nAv August Strindberg<\/p>\n<p style=\"padding-left: 40px;\">17\u201326 maj 2019<br \/>\n<strong>Fem g\u00e5nger Gud<\/strong><br \/>\nAv Jonas Hassen Khemiri<br \/>\nRegi &amp; Produktion: Frida Nystr\u00f6m<br \/>\nRegiassistent: Astrid Joelsson<\/p>\n<p style=\"padding-left: 40px;\">SK\u00c5DESPELARE<br \/>\nJasmine J\u00e4gervigg, Elin R\u00f6din, Josefin Matsson<br \/>\nJennifer Sundstr\u00f6m, Anton Augustsson<\/p>\n<p>18\u201324 maj 2019<br \/>\n<strong>Apatiska f\u00f6r nyb\u00f6rjare<\/strong><br \/>\nAv Jonas Hassen Khemiri<br \/>\nRegi &amp; Produktion: Frida Nystr\u00f6m<\/p>\n<p>SK\u00c5DESPELARE<br \/>\nEvelina Carlsson, Mons Gregemark, Ellinor Sundberg<br \/>\nKevin Lindstr\u00f6m\u00a0Lago, \u00c5ke Lindgren, Marie \u00c5fors<\/p>\n<p>FILM<\/p>\n<p style=\"padding-left: 40px;\">V\u00e5ren 2019<strong><br \/>\nHuset bredvid<\/strong><br \/>\nKortfilm av och med TeaterNjutarna<\/p>\n<p>UPPSPEL<\/p>\n<p style=\"padding-left: 40px;\">Barnteatergruppen, 7\u20139 \u00e5r<br \/>\nBarnteatergrupperna, 10\u201312 \u00e5r<br \/>\nUngdomsgruppen, 11\u201313 \u00e5r \u2013 projektinriktning<br \/>\nNyb\u00f6rjargrupperna<\/p>\n<p>\u00d6VRIGT<\/p>\n<p style=\"padding-left: 40px;\">Fria grupper under Kvartersteaterns paraply<\/p>\n<\/blockquote>\n<p>L\u00c4NKAR<br \/>\nAsyls\u00f6kande med apatiska barn <a href=\"https:\/\/sv.wikipedia.org\/wiki\/Asyls\u00f6kande_med_apatiska_barn\" target=\"_blank\" rel=\"noopener noreferrer\">Wikipedia<\/a><br \/>\nP\u00e5skuppropet <a href=\"https:\/\/sv.wikipedia.org\/wiki\/P\u00e5skuppropet\" target=\"_blank\" rel=\"noopener noreferrer\">Wikipedia<\/a><br \/>\nJonas Hassen Khemiri <a href=\"http:\/\/www.khemiri.se\" target=\"_blank\" rel=\"noopener noreferrer\">hemsida<\/a><br \/>\nKvartersteatern <a href=\"http:\/\/www.kvartersteatern.com\" target=\"_blank\" rel=\"noopener noreferrer\">hemsida<\/a> <a href=\"https:\/\/www.facebook.com\/kvartersteatern.norrkoping?fref=ts\" target=\"_blank\" rel=\"noopener noreferrer\">Facebook<\/a><\/p>\n<p>KvT: 5 x Gud &amp; Apatiska f\u00f6r nyb\u00f6rjare <a href=\"https:\/\/www.kultursidan.nu\/?p=41404\" target=\"_blank\" rel=\"noopener noreferrer\">reportage<\/a> Kultursidan.nu 10\/5 2019<br \/>\nSp\u00f6ksonaten tolkad med gudars kraft <a href=\"https:\/\/www.kultursidan.nu\/?p=41263\" target=\"_blank\" rel=\"noopener noreferrer\">recension<\/a> Kultursidan.nu 1\/5 2019<br \/>\nKvT spelar Sp\u00f6ksonaten i Hedvig <a href=\"https:\/\/www.kultursidan.nu\/?p=41171\" target=\"_blank\" rel=\"noopener noreferrer\">reportage<\/a> Kultursidan.nu 23\/4 2019<br \/>\nV\u00e4l avlyssnad K\u00f6rsb\u00e4rstr\u00e4dg\u00e5rden <a href=\"https:\/\/www.kultursidan.nu\/?p=40624\" target=\"_blank\" rel=\"noopener noreferrer\">recension<\/a> Kultursidan.nu 12\/3 2019<br \/>\nPremi\u00e4r f\u00f6r Tjechovs K\u00f6rsb\u00e4rstr\u00e4dg\u00e5rd <a href=\"https:\/\/www.kultursidan.nu\/?p=40508\" target=\"_blank\" rel=\"noopener noreferrer\">reportage<\/a> Kultusidan.nu 5\/3 2019<br \/>\nMysrysansv\u00e4rda Nevermore p\u00e5 TBg34 <a href=\"https:\/\/www.kultursidan.nu\/?p=38779\" target=\"_blank\" rel=\"noopener noreferrer\">recension<\/a> Kultursidan.nu 30\/10 2018<br \/>\n\u00c5teruppv\u00e4ckta Nevermore g\u00e5r igen <a href=\"https:\/\/www.kultursidan.nu\/?p=38689\" target=\"_blank\" rel=\"noopener noreferrer\">reportage<\/a> Kultursidan.nu 24\/10 2018<br \/>\nKvartersteatern l\u00e4gger ut f\u00f6r spel\u00e5ret <a href=\"https:\/\/www.kultursidan.nu\/?p=37793\" target=\"_blank\" rel=\"noopener noreferrer\">reportage<\/a> Kultursidan.nu 21\/8 2018<\/p>\n","protected":false},"excerpt":{"rendered":"<p>RECENSION\/ NORRK\u00d6PING G\u00f6sta minns allt. Kvartersteatern spelar Jonas Hassen Khemiris Apatiska f\u00f6r nyb\u00f6rjare och p\u00e5minner om en svensk flyktingskandal, f\u00f6reg\u00e5ngare till den nuvarande. I korta absurda scener speglas m\u00e4nniskorna kring de apatiska barnen. <a class=\"continue-reading-link\" href=\"https:\/\/www.kultursidan.nu\/?p=41584\">L\u00e4s mer <span class=\"meta-nav\">&rarr; <\/span><\/a><\/p>\n","protected":false},"author":1001006,"featured_media":0,"comment_status":"closed","ping_status":"open","sticky":false,"template":"","format":"standard","meta":{"_jetpack_memberships_contains_paid_content":false,"footnotes":""},"categories":[7],"tags":[12],"class_list":["post-41584","post","type-post","status-publish","format-standard","hentry","category-norrkoping","tag-teater"],"jetpack_featured_media_url":"","jetpack_sharing_enabled":true,"_links":{"self":[{"href":"https:\/\/www.kultursidan.nu\/index.php?rest_route=\/wp\/v2\/posts\/41584","targetHints":{"allow":["GET"]}}],"collection":[{"href":"https:\/\/www.kultursidan.nu\/index.php?rest_route=\/wp\/v2\/posts"}],"about":[{"href":"https:\/\/www.kultursidan.nu\/index.php?rest_route=\/wp\/v2\/types\/post"}],"author":[{"embeddable":true,"href":"https:\/\/www.kultursidan.nu\/index.php?rest_route=\/wp\/v2\/users\/1001006"}],"replies":[{"embeddable":true,"href":"https:\/\/www.kultursidan.nu\/index.php?rest_route=%2Fwp%2Fv2%2Fcomments&post=41584"}],"version-history":[{"count":3,"href":"https:\/\/www.kultursidan.nu\/index.php?rest_route=\/wp\/v2\/posts\/41584\/revisions"}],"predecessor-version":[{"id":41591,"href":"https:\/\/www.kultursidan.nu\/index.php?rest_route=\/wp\/v2\/posts\/41584\/revisions\/41591"}],"wp:attachment":[{"href":"https:\/\/www.kultursidan.nu\/index.php?rest_route=%2Fwp%2Fv2%2Fmedia&parent=41584"}],"wp:term":[{"taxonomy":"category","embeddable":true,"href":"https:\/\/www.kultursidan.nu\/index.php?rest_route=%2Fwp%2Fv2%2Fcategories&post=41584"},{"taxonomy":"post_tag","embeddable":true,"href":"https:\/\/www.kultursidan.nu\/index.php?rest_route=%2Fwp%2Fv2%2Ftags&post=41584"}],"curies":[{"name":"wp","href":"https:\/\/api.w.org\/{rel}","templated":true}]}}